{"id":9127,"date":"2020-02-24T13:06:17","date_gmt":"2020-02-24T12:06:17","guid":{"rendered":"https:\/\/www.escolatrac.com\/visita-a-lexposicio-nuar-lespai\/"},"modified":"2020-02-24T13:26:40","modified_gmt":"2020-02-24T12:26:40","slug":"visita-a-lexposicio-nuar-lespai","status":"publish","type":"post","link":"https:\/\/www.escolatrac.com\/es\/visita-a-lexposicio-nuar-lespai\/","title":{"rendered":"Visita a la exposici\u00f3n \u00abNuar l&#8217;Espai\u00bb"},"content":{"rendered":"\n<div class=\"wp-block-columns is-layout-flex wp-container-core-columns-is-layout-9d6595d7 wp-block-columns-is-layout-flex\">\n<div class=\"wp-block-column is-layout-flow wp-block-column-is-layout-flow\">\n<p><\/p>\n\n\n\n<p>El d\u00eda 18 de Febrero un grupo del Tra\u00e7 visitamos la exposici\u00f3n, Nuar l&#8217;Espai, de Aurelia Mu\u00f1oz (1926-2011) en el MNAC. Tuvimos la suerte de contar con el acompa\u00f1amiento de su hija, Silvia Ventosa, conservadora de textil y moda en el Museo de arte y del dise\u00f1o de Barcelona. Silvia nos hizo una aproximaci\u00f3n a la obra de Aurelia tanto desde un punto de vista art\u00edstico como vivencial.<\/p>\n<\/div>\n\n\n\n<div class=\"wp-block-column is-layout-flow wp-block-column-is-layout-flow\">      <section id=\"gallery-images-block_5e53bf46f8656\" class=\"uk-margin-large-bottom\">\n      <div class=\"uk-container\">\n        <h3 class=\"uk-h4 uk-text-uppercase\"><\/h3>\n\n        <div class=\"uk-grid-collapse uk-child-width-1-3@s\" uk-lightbox uk-grid=\"margin: uk-margin-top\">\n                    <\/div>\n\n                <\/div>\n    <\/section>\n<\/div>\n<\/div>\n\n\n\n\n","protected":false},"excerpt":{"rendered":"<p>El d\u00eda 18 de Febrero un grupo del Tra\u00e7 visitamos la exposici\u00f3n, Nuar l&#8217;Espai, de Aurelia Mu\u00f1oz (1926-2011) en el MNAC. Tuvimos la suerte de contar con el acompa\u00f1amiento de su hija, Silvia Ventosa, conservadora de textil y moda en el Museo de arte y del dise\u00f1o de Barcelona. Silvia nos hizo una aproximaci\u00f3n a &hellip; <a href=\"https:\/\/www.escolatrac.com\/es\/visita-a-lexposicio-nuar-lespai\/\">Continued<\/a><\/p>\n","protected":false},"author":4,"featured_media":9120,"comment_status":"open","ping_status":"open","sticky":false,"template":"","format":"standard","meta":{"_acf_changed":false,"footnotes":""},"categories":[15],"tags":[],"class_list":["post-9127","post","type-post","status-publish","format-standard","has-post-thumbnail","hentry","category-sin-categorizar"],"acf":[],"yoast_head":"<!-- This site is optimized with the Yoast SEO plugin v27.3 - https:\/\/yoast.com\/product\/yoast-seo-wordpress\/ -->\n<title>Visita a la exposici\u00f3n &quot;Nuar l&#039;Espai&quot; - Escola Tra\u00e7<\/title>\n<meta name=\"robots\" content=\"index, follow, max-snippet:-1, max-image-preview:large, max-video-preview:-1\" \/>\n<link rel=\"canonical\" href=\"https:\/\/www.escolatrac.com\/visita-a-lexposicio-nuar-lespai\/\" \/>\n<meta property=\"og:locale\" content=\"es_ES\" \/>\n<meta property=\"og:type\" content=\"article\" \/>\n<meta property=\"og:title\" content=\"Visita a la exposici\u00f3n &quot;Nuar l&#039;Espai&quot; - Escola Tra\u00e7\" \/>\n<meta property=\"og:description\" content=\"El d\u00eda 18 de Febrero un grupo del Tra\u00e7 visitamos la exposici\u00f3n, Nuar l&#8217;Espai, de Aurelia Mu\u00f1oz (1926-2011) en el MNAC. Tuvimos la suerte de contar con el acompa\u00f1amiento de su hija, Silvia Ventosa, conservadora de textil y moda en el Museo de arte y del dise\u00f1o de Barcelona. Silvia nos hizo una aproximaci\u00f3n a &hellip; Continued\" \/>\n<meta property=\"og:url\" content=\"https:\/\/www.escolatrac.com\/visita-a-lexposicio-nuar-lespai\/\" \/>\n<meta property=\"og:site_name\" content=\"Escola Tra\u00e7\" \/>\n<meta property=\"article:published_time\" content=\"2020-02-24T12:06:17+00:00\" \/>\n<meta property=\"article:modified_time\" content=\"2020-02-24T12:26:40+00:00\" \/>\n<meta property=\"og:image\" content=\"https:\/\/www.escolatrac.com\/wp-content\/uploads\/2020\/02\/escuela-arte-barcelona.jpg\" \/>\n\t<meta property=\"og:image:width\" content=\"1600\" \/>\n\t<meta property=\"og:image:height\" content=\"777\" \/>\n\t<meta property=\"og:image:type\" content=\"image\/jpeg\" \/>\n<meta name=\"author\" content=\"Rosa Martino\" \/>\n<meta name=\"twitter:card\" content=\"summary_large_image\" \/>\n<meta name=\"twitter:label1\" content=\"Escrito por\" \/>\n\t<meta name=\"twitter:data1\" content=\"Rosa Martino\" \/>\n<script type=\"application\/ld+json\" class=\"yoast-schema-graph\">{\"@context\":\"https:\\\/\\\/schema.org\",\"@graph\":[{\"@type\":\"Article\",\"@id\":\"https:\\\/\\\/www.escolatrac.com\\\/visita-a-lexposicio-nuar-lespai\\\/#article\",\"isPartOf\":{\"@id\":\"https:\\\/\\\/www.escolatrac.com\\\/visita-a-lexposicio-nuar-lespai\\\/\"},\"author\":{\"name\":\"Rosa Martino\",\"@id\":\"https:\\\/\\\/www.escolatrac.com\\\/#\\\/schema\\\/person\\\/5ff68b5fd673b76cf5a50abe285338ba\"},\"headline\":\"Visita a la exposici\u00f3n \u00abNuar l&#8217;Espai\u00bb\",\"datePublished\":\"2020-02-24T12:06:17+00:00\",\"dateModified\":\"2020-02-24T12:26:40+00:00\",\"mainEntityOfPage\":{\"@id\":\"https:\\\/\\\/www.escolatrac.com\\\/visita-a-lexposicio-nuar-lespai\\\/\"},\"wordCount\":83,\"commentCount\":0,\"image\":{\"@id\":\"https:\\\/\\\/www.escolatrac.com\\\/visita-a-lexposicio-nuar-lespai\\\/#primaryimage\"},\"thumbnailUrl\":\"https:\\\/\\\/www.escolatrac.com\\\/wp-content\\\/uploads\\\/2020\\\/02\\\/escuela-arte-barcelona.jpg\",\"articleSection\":[\"Sin categorizar\"],\"inLanguage\":\"es\",\"potentialAction\":[{\"@type\":\"CommentAction\",\"name\":\"Comment\",\"target\":[\"https:\\\/\\\/www.escolatrac.com\\\/visita-a-lexposicio-nuar-lespai\\\/#respond\"]}]},{\"@type\":\"WebPage\",\"@id\":\"https:\\\/\\\/www.escolatrac.com\\\/visita-a-lexposicio-nuar-lespai\\\/\",\"url\":\"https:\\\/\\\/www.escolatrac.com\\\/visita-a-lexposicio-nuar-lespai\\\/\",\"name\":\"Visita a la exposici\u00f3n \\\"Nuar l'Espai\\\" - Escola Tra\u00e7\",\"isPartOf\":{\"@id\":\"https:\\\/\\\/www.escolatrac.com\\\/#website\"},\"primaryImageOfPage\":{\"@id\":\"https:\\\/\\\/www.escolatrac.com\\\/visita-a-lexposicio-nuar-lespai\\\/#primaryimage\"},\"image\":{\"@id\":\"https:\\\/\\\/www.escolatrac.com\\\/visita-a-lexposicio-nuar-lespai\\\/#primaryimage\"},\"thumbnailUrl\":\"https:\\\/\\\/www.escolatrac.com\\\/wp-content\\\/uploads\\\/2020\\\/02\\\/escuela-arte-barcelona.jpg\",\"datePublished\":\"2020-02-24T12:06:17+00:00\",\"dateModified\":\"2020-02-24T12:26:40+00:00\",\"author\":{\"@id\":\"https:\\\/\\\/www.escolatrac.com\\\/#\\\/schema\\\/person\\\/5ff68b5fd673b76cf5a50abe285338ba\"},\"breadcrumb\":{\"@id\":\"https:\\\/\\\/www.escolatrac.com\\\/visita-a-lexposicio-nuar-lespai\\\/#breadcrumb\"},\"inLanguage\":\"es\",\"potentialAction\":[{\"@type\":\"ReadAction\",\"target\":[\"https:\\\/\\\/www.escolatrac.com\\\/visita-a-lexposicio-nuar-lespai\\\/\"]}]},{\"@type\":\"ImageObject\",\"inLanguage\":\"es\",\"@id\":\"https:\\\/\\\/www.escolatrac.com\\\/visita-a-lexposicio-nuar-lespai\\\/#primaryimage\",\"url\":\"https:\\\/\\\/www.escolatrac.com\\\/wp-content\\\/uploads\\\/2020\\\/02\\\/escuela-arte-barcelona.jpg\",\"contentUrl\":\"https:\\\/\\\/www.escolatrac.com\\\/wp-content\\\/uploads\\\/2020\\\/02\\\/escuela-arte-barcelona.jpg\",\"width\":1600,\"height\":777,\"caption\":\"escuela arte barcelona\"},{\"@type\":\"BreadcrumbList\",\"@id\":\"https:\\\/\\\/www.escolatrac.com\\\/visita-a-lexposicio-nuar-lespai\\\/#breadcrumb\",\"itemListElement\":[{\"@type\":\"ListItem\",\"position\":1,\"name\":\"Inici\",\"item\":\"https:\\\/\\\/www.escolatrac.com\\\/es\\\/\"},{\"@type\":\"ListItem\",\"position\":2,\"name\":\"Visita a la exposici\u00f3n &#8220;Nuar l&#8217;Espai&#8221;\"}]},{\"@type\":\"WebSite\",\"@id\":\"https:\\\/\\\/www.escolatrac.com\\\/#website\",\"url\":\"https:\\\/\\\/www.escolatrac.com\\\/\",\"name\":\"Escola Tra\u00e7\",\"description\":\"\",\"potentialAction\":[{\"@type\":\"SearchAction\",\"target\":{\"@type\":\"EntryPoint\",\"urlTemplate\":\"https:\\\/\\\/www.escolatrac.com\\\/?s={search_term_string}\"},\"query-input\":{\"@type\":\"PropertyValueSpecification\",\"valueRequired\":true,\"valueName\":\"search_term_string\"}}],\"inLanguage\":\"es\"},{\"@type\":\"Person\",\"@id\":\"https:\\\/\\\/www.escolatrac.com\\\/#\\\/schema\\\/person\\\/5ff68b5fd673b76cf5a50abe285338ba\",\"name\":\"Rosa Martino\",\"image\":{\"@type\":\"ImageObject\",\"inLanguage\":\"es\",\"@id\":\"https:\\\/\\\/secure.gravatar.com\\\/avatar\\\/d1637a2e7e3b8daffef3fd80e3a0aa3a2eb10ed0e5e6af3ccbeb1f14c7db7d14?s=96&d=mm&r=g\",\"url\":\"https:\\\/\\\/secure.gravatar.com\\\/avatar\\\/d1637a2e7e3b8daffef3fd80e3a0aa3a2eb10ed0e5e6af3ccbeb1f14c7db7d14?s=96&d=mm&r=g\",\"contentUrl\":\"https:\\\/\\\/secure.gravatar.com\\\/avatar\\\/d1637a2e7e3b8daffef3fd80e3a0aa3a2eb10ed0e5e6af3ccbeb1f14c7db7d14?s=96&d=mm&r=g\",\"caption\":\"Rosa Martino\"},\"url\":\"https:\\\/\\\/www.escolatrac.com\\\/es\\\/author\\\/rosa\\\/\"}]}<\/script>\n<!-- \/ Yoast SEO plugin. -->","yoast_head_json":{"title":"Visita a la exposici\u00f3n \"Nuar l'Espai\" - Escola Tra\u00e7","robots":{"index":"index","follow":"follow","max-snippet":"max-snippet:-1","max-image-preview":"max-image-preview:large","max-video-preview":"max-video-preview:-1"},"canonical":"https:\/\/www.escolatrac.com\/visita-a-lexposicio-nuar-lespai\/","og_locale":"es_ES","og_type":"article","og_title":"Visita a la exposici\u00f3n \"Nuar l'Espai\" - Escola Tra\u00e7","og_description":"El d\u00eda 18 de Febrero un grupo del Tra\u00e7 visitamos la exposici\u00f3n, Nuar l&#8217;Espai, de Aurelia Mu\u00f1oz (1926-2011) en el MNAC. Tuvimos la suerte de contar con el acompa\u00f1amiento de su hija, Silvia Ventosa, conservadora de textil y moda en el Museo de arte y del dise\u00f1o de Barcelona. Silvia nos hizo una aproximaci\u00f3n a &hellip; Continued","og_url":"https:\/\/www.escolatrac.com\/visita-a-lexposicio-nuar-lespai\/","og_site_name":"Escola Tra\u00e7","article_published_time":"2020-02-24T12:06:17+00:00","article_modified_time":"2020-02-24T12:26:40+00:00","og_image":[{"width":1600,"height":777,"url":"https:\/\/www.escolatrac.com\/wp-content\/uploads\/2020\/02\/escuela-arte-barcelona.jpg","type":"image\/jpeg"}],"author":"Rosa Martino","twitter_card":"summary_large_image","twitter_misc":{"Escrito por":"Rosa Martino"},"schema":{"@context":"https:\/\/schema.org","@graph":[{"@type":"Article","@id":"https:\/\/www.escolatrac.com\/visita-a-lexposicio-nuar-lespai\/#article","isPartOf":{"@id":"https:\/\/www.escolatrac.com\/visita-a-lexposicio-nuar-lespai\/"},"author":{"name":"Rosa Martino","@id":"https:\/\/www.escolatrac.com\/#\/schema\/person\/5ff68b5fd673b76cf5a50abe285338ba"},"headline":"Visita a la exposici\u00f3n \u00abNuar l&#8217;Espai\u00bb","datePublished":"2020-02-24T12:06:17+00:00","dateModified":"2020-02-24T12:26:40+00:00","mainEntityOfPage":{"@id":"https:\/\/www.escolatrac.com\/visita-a-lexposicio-nuar-lespai\/"},"wordCount":83,"commentCount":0,"image":{"@id":"https:\/\/www.escolatrac.com\/visita-a-lexposicio-nuar-lespai\/#primaryimage"},"thumbnailUrl":"https:\/\/www.escolatrac.com\/wp-content\/uploads\/2020\/02\/escuela-arte-barcelona.jpg","articleSection":["Sin categorizar"],"inLanguage":"es","potentialAction":[{"@type":"CommentAction","name":"Comment","target":["https:\/\/www.escolatrac.com\/visita-a-lexposicio-nuar-lespai\/#respond"]}]},{"@type":"WebPage","@id":"https:\/\/www.escolatrac.com\/visita-a-lexposicio-nuar-lespai\/","url":"https:\/\/www.escolatrac.com\/visita-a-lexposicio-nuar-lespai\/","name":"Visita a la exposici\u00f3n \"Nuar l'Espai\" - Escola Tra\u00e7","isPartOf":{"@id":"https:\/\/www.escolatrac.com\/#website"},"primaryImageOfPage":{"@id":"https:\/\/www.escolatrac.com\/visita-a-lexposicio-nuar-lespai\/#primaryimage"},"image":{"@id":"https:\/\/www.escolatrac.com\/visita-a-lexposicio-nuar-lespai\/#primaryimage"},"thumbnailUrl":"https:\/\/www.escolatrac.com\/wp-content\/uploads\/2020\/02\/escuela-arte-barcelona.jpg","datePublished":"2020-02-24T12:06:17+00:00","dateModified":"2020-02-24T12:26:40+00:00","author":{"@id":"https:\/\/www.escolatrac.com\/#\/schema\/person\/5ff68b5fd673b76cf5a50abe285338ba"},"breadcrumb":{"@id":"https:\/\/www.escolatrac.com\/visita-a-lexposicio-nuar-lespai\/#breadcrumb"},"inLanguage":"es","potentialAction":[{"@type":"ReadAction","target":["https:\/\/www.escolatrac.com\/visita-a-lexposicio-nuar-lespai\/"]}]},{"@type":"ImageObject","inLanguage":"es","@id":"https:\/\/www.escolatrac.com\/visita-a-lexposicio-nuar-lespai\/#primaryimage","url":"https:\/\/www.escolatrac.com\/wp-content\/uploads\/2020\/02\/escuela-arte-barcelona.jpg","contentUrl":"https:\/\/www.escolatrac.com\/wp-content\/uploads\/2020\/02\/escuela-arte-barcelona.jpg","width":1600,"height":777,"caption":"escuela arte barcelona"},{"@type":"BreadcrumbList","@id":"https:\/\/www.escolatrac.com\/visita-a-lexposicio-nuar-lespai\/#breadcrumb","itemListElement":[{"@type":"ListItem","position":1,"name":"Inici","item":"https:\/\/www.escolatrac.com\/es\/"},{"@type":"ListItem","position":2,"name":"Visita a la exposici\u00f3n &#8220;Nuar l&#8217;Espai&#8221;"}]},{"@type":"WebSite","@id":"https:\/\/www.escolatrac.com\/#website","url":"https:\/\/www.escolatrac.com\/","name":"Escola Tra\u00e7","description":"","potentialAction":[{"@type":"SearchAction","target":{"@type":"EntryPoint","urlTemplate":"https:\/\/www.escolatrac.com\/?s={search_term_string}"},"query-input":{"@type":"PropertyValueSpecification","valueRequired":true,"valueName":"search_term_string"}}],"inLanguage":"es"},{"@type":"Person","@id":"https:\/\/www.escolatrac.com\/#\/schema\/person\/5ff68b5fd673b76cf5a50abe285338ba","name":"Rosa Martino","image":{"@type":"ImageObject","inLanguage":"es","@id":"https:\/\/secure.gravatar.com\/avatar\/d1637a2e7e3b8daffef3fd80e3a0aa3a2eb10ed0e5e6af3ccbeb1f14c7db7d14?s=96&d=mm&r=g","url":"https:\/\/secure.gravatar.com\/avatar\/d1637a2e7e3b8daffef3fd80e3a0aa3a2eb10ed0e5e6af3ccbeb1f14c7db7d14?s=96&d=mm&r=g","contentUrl":"https:\/\/secure.gravatar.com\/avatar\/d1637a2e7e3b8daffef3fd80e3a0aa3a2eb10ed0e5e6af3ccbeb1f14c7db7d14?s=96&d=mm&r=g","caption":"Rosa Martino"},"url":"https:\/\/www.escolatrac.com\/es\/author\/rosa\/"}]}},"_links":{"self":[{"href":"https:\/\/www.escolatrac.com\/es\/wp-json\/wp\/v2\/posts\/9127","targetHints":{"allow":["GET"]}}],"collection":[{"href":"https:\/\/www.escolatrac.com\/es\/wp-json\/wp\/v2\/posts"}],"about":[{"href":"https:\/\/www.escolatrac.com\/es\/wp-json\/wp\/v2\/types\/post"}],"author":[{"embeddable":true,"href":"https:\/\/www.escolatrac.com\/es\/wp-json\/wp\/v2\/users\/4"}],"replies":[{"embeddable":true,"href":"https:\/\/www.escolatrac.com\/es\/wp-json\/wp\/v2\/comments?post=9127"}],"version-history":[{"count":4,"href":"https:\/\/www.escolatrac.com\/es\/wp-json\/wp\/v2\/posts\/9127\/revisions"}],"predecessor-version":[{"id":9138,"href":"https:\/\/www.escolatrac.com\/es\/wp-json\/wp\/v2\/posts\/9127\/revisions\/9138"}],"wp:featuredmedia":[{"embeddable":true,"href":"https:\/\/www.escolatrac.com\/es\/wp-json\/wp\/v2\/media\/9120"}],"wp:attachment":[{"href":"https:\/\/www.escolatrac.com\/es\/wp-json\/wp\/v2\/media?parent=9127"}],"wp:term":[{"taxonomy":"category","embeddable":true,"href":"https:\/\/www.escolatrac.com\/es\/wp-json\/wp\/v2\/categories?post=9127"},{"taxonomy":"post_tag","embeddable":true,"href":"https:\/\/www.escolatrac.com\/es\/wp-json\/wp\/v2\/tags?post=9127"}],"curies":[{"name":"wp","href":"https:\/\/api.w.org\/{rel}","templated":true}]}}