{"id":7734,"date":"2019-11-04T11:02:34","date_gmt":"2019-11-04T10:02:34","guid":{"rendered":"https:\/\/www.escolatrac.com\/?p=7734"},"modified":"2019-11-08T17:17:29","modified_gmt":"2019-11-08T16:17:29","slug":"anibal-riberol-en-la-galeria-de-arte-pa-de-quart","status":"publish","type":"post","link":"https:\/\/www.escolatrac.com\/es\/anibal-riberol-en-la-galeria-de-arte-pa-de-quart\/","title":{"rendered":"An\u00edbal Riverol en la Galer\u00eda de Arte P\u00e0 de quart"},"content":{"rendered":"\n<div class=\"wp-block-columns has-2-columns is-layout-flex wp-container-core-columns-is-layout-9d6595d7 wp-block-columns-is-layout-flex\">\n<div class=\"wp-block-column is-layout-flow wp-block-column-is-layout-flow\">\n<p>Nuestro profesor de pintura An\u00edbal Riverol expone parte de su obra en la Galer\u00eda de Arte P\u00e0 de quart de Ribes de Freser (calle Major, 3)<\/p>\n\n\n\n<p>Una excusa fant\u00e1stica para visitar el Ripoll\u00e8s y reencontrarse con los colores del oto\u00f1o.<\/p>\n<\/div>\n\n\n\n<div class=\"wp-block-column is-layout-flow wp-block-column-is-layout-flow\">\n  <div class=\"uk-visible-toggle uk-position-relative\" uk-slider=\"finite: true; center: true; animation: push; ratio: 16:9;\">\n    <div class=\"uk-position-relative uk-visible-toggle\" tabindex=\"-1\">\n      <ul class=\"uk-slider-items\">\n                      <li class=\"uk-width-1-1\">\n                              <img decoding=\"async\" width=\"771\" height=\"576\" src=\"https:\/\/www.escolatrac.com\/wp-content\/uploads\/2019\/11\/IMG-9869-e1573229828581.jpg\" class=\"attachment-large size-large lazyload\" alt=\"Taller modelo barcelona\" data-size=\"auto\" data-src=\"https:\/\/www.escolatrac.com\/wp-content\/uploads\/2019\/11\/IMG-9869-e1573229828581.jpg\" \/>              \n              <div class=\"uk-flex-inline uk-flex-between uk-width-1-1\">\n                <h4 class=\"uk-h5 uk-margin-remove uk-text-muted\"><\/h4>\n                <h4 class=\"uk-h5 uk-margin-remove uk-text-muted\"><\/h4>\n              <\/div>\n            <\/li>\n                <\/ul>\n\n      <a class=\"c-slidenav uk-position-center-left uk-position-small uk-padding-small\" href=\"#\" uk-slidenav-previous uk-slider-item=\"previous\"><\/a>\n      <a class=\"c-slidenav uk-position-center-right uk-position-small uk-padding-small\" href=\"#\" uk-slidenav-next uk-slider-item=\"next\"><\/a>\n    <\/div>\n\n    <ul class=\"uk-slider-nav uk-position-bottom uk-light uk-dotnav uk-flex-center uk-margin uk-margin-large-bottom\"><\/ul>\n  <\/div>\n\n\n\n<\/div>\n<\/div>\n\n\n\n\n","protected":false},"excerpt":{"rendered":"<p>Nuestro profesor de pintura An\u00edbal Riverol expone parte de su obra en la Galer\u00eda de Arte P\u00e0 de quart de Ribes de Freser (calle Major, 3) Una excusa fant\u00e1stica para visitar el Ripoll\u00e8s y reencontrarse con los colores del oto\u00f1o.<\/p>\n","protected":false},"author":4,"featured_media":7714,"comment_status":"open","ping_status":"open","sticky":false,"template":"","format":"standard","meta":{"_acf_changed":false,"footnotes":""},"categories":[15],"tags":[],"class_list":["post-7734","post","type-post","status-publish","format-standard","has-post-thumbnail","hentry","category-sin-categorizar"],"acf":[],"yoast_head":"<!-- This site is optimized with the Yoast SEO plugin v27.3 - https:\/\/yoast.com\/product\/yoast-seo-wordpress\/ -->\n<title>An\u00edbal Riverol en la Galer\u00eda de Arte P\u00e0 de quart - Escola Tra\u00e7<\/title>\n<meta name=\"robots\" content=\"index, follow, max-snippet:-1, max-image-preview:large, max-video-preview:-1\" \/>\n<link rel=\"canonical\" href=\"https:\/\/www.escolatrac.com\/anibal-riberol-a-la-galeria-pa-de-quart-de-ribes-de-freser\/\" \/>\n<meta property=\"og:locale\" content=\"es_ES\" \/>\n<meta property=\"og:type\" content=\"article\" \/>\n<meta property=\"og:title\" content=\"An\u00edbal Riverol en la Galer\u00eda de Arte P\u00e0 de quart - Escola Tra\u00e7\" \/>\n<meta property=\"og:description\" content=\"Nuestro profesor de pintura An\u00edbal Riverol expone parte de su obra en la Galer\u00eda de Arte P\u00e0 de quart de Ribes de Freser (calle Major, 3) Una excusa fant\u00e1stica para visitar el Ripoll\u00e8s y reencontrarse con los colores del oto\u00f1o.\" \/>\n<meta property=\"og:url\" content=\"https:\/\/www.escolatrac.com\/anibal-riberol-a-la-galeria-pa-de-quart-de-ribes-de-freser\/\" \/>\n<meta property=\"og:site_name\" content=\"Escola Tra\u00e7\" \/>\n<meta property=\"article:published_time\" content=\"2019-11-04T10:02:34+00:00\" \/>\n<meta property=\"article:modified_time\" content=\"2019-11-08T16:17:29+00:00\" \/>\n<meta property=\"og:image\" content=\"https:\/\/www.escolatrac.com\/wp-content\/uploads\/2019\/11\/IMG-9869-e1573229828581.jpg\" \/>\n\t<meta property=\"og:image:width\" content=\"2560\" \/>\n\t<meta property=\"og:image:height\" content=\"1912\" \/>\n\t<meta property=\"og:image:type\" content=\"image\/jpeg\" \/>\n<meta name=\"author\" content=\"Rosa Martino\" \/>\n<meta name=\"twitter:card\" content=\"summary_large_image\" \/>\n<meta name=\"twitter:label1\" content=\"Escrito por\" \/>\n\t<meta name=\"twitter:data1\" content=\"Rosa Martino\" \/>\n<script type=\"application\/ld+json\" class=\"yoast-schema-graph\">{\"@context\":\"https:\\\/\\\/schema.org\",\"@graph\":[{\"@type\":\"Article\",\"@id\":\"https:\\\/\\\/www.escolatrac.com\\\/anibal-riberol-a-la-galeria-pa-de-quart-de-ribes-de-freser\\\/#article\",\"isPartOf\":{\"@id\":\"https:\\\/\\\/www.escolatrac.com\\\/anibal-riberol-a-la-galeria-pa-de-quart-de-ribes-de-freser\\\/\"},\"author\":{\"name\":\"Rosa Martino\",\"@id\":\"https:\\\/\\\/www.escolatrac.com\\\/#\\\/schema\\\/person\\\/5ff68b5fd673b76cf5a50abe285338ba\"},\"headline\":\"An\u00edbal Riverol en la Galer\u00eda de Arte P\u00e0 de quart\",\"datePublished\":\"2019-11-04T10:02:34+00:00\",\"dateModified\":\"2019-11-08T16:17:29+00:00\",\"mainEntityOfPage\":{\"@id\":\"https:\\\/\\\/www.escolatrac.com\\\/anibal-riberol-a-la-galeria-pa-de-quart-de-ribes-de-freser\\\/\"},\"wordCount\":56,\"commentCount\":0,\"image\":{\"@id\":\"https:\\\/\\\/www.escolatrac.com\\\/anibal-riberol-a-la-galeria-pa-de-quart-de-ribes-de-freser\\\/#primaryimage\"},\"thumbnailUrl\":\"https:\\\/\\\/www.escolatrac.com\\\/wp-content\\\/uploads\\\/2019\\\/11\\\/IMG-9869-e1573229828581.jpg\",\"articleSection\":[\"Sin categorizar\"],\"inLanguage\":\"es\",\"potentialAction\":[{\"@type\":\"CommentAction\",\"name\":\"Comment\",\"target\":[\"https:\\\/\\\/www.escolatrac.com\\\/anibal-riberol-a-la-galeria-pa-de-quart-de-ribes-de-freser\\\/#respond\"]}]},{\"@type\":\"WebPage\",\"@id\":\"https:\\\/\\\/www.escolatrac.com\\\/anibal-riberol-a-la-galeria-pa-de-quart-de-ribes-de-freser\\\/\",\"url\":\"https:\\\/\\\/www.escolatrac.com\\\/anibal-riberol-a-la-galeria-pa-de-quart-de-ribes-de-freser\\\/\",\"name\":\"An\u00edbal Riverol en la Galer\u00eda de Arte P\u00e0 de quart - Escola Tra\u00e7\",\"isPartOf\":{\"@id\":\"https:\\\/\\\/www.escolatrac.com\\\/#website\"},\"primaryImageOfPage\":{\"@id\":\"https:\\\/\\\/www.escolatrac.com\\\/anibal-riberol-a-la-galeria-pa-de-quart-de-ribes-de-freser\\\/#primaryimage\"},\"image\":{\"@id\":\"https:\\\/\\\/www.escolatrac.com\\\/anibal-riberol-a-la-galeria-pa-de-quart-de-ribes-de-freser\\\/#primaryimage\"},\"thumbnailUrl\":\"https:\\\/\\\/www.escolatrac.com\\\/wp-content\\\/uploads\\\/2019\\\/11\\\/IMG-9869-e1573229828581.jpg\",\"datePublished\":\"2019-11-04T10:02:34+00:00\",\"dateModified\":\"2019-11-08T16:17:29+00:00\",\"author\":{\"@id\":\"https:\\\/\\\/www.escolatrac.com\\\/#\\\/schema\\\/person\\\/5ff68b5fd673b76cf5a50abe285338ba\"},\"breadcrumb\":{\"@id\":\"https:\\\/\\\/www.escolatrac.com\\\/anibal-riberol-a-la-galeria-pa-de-quart-de-ribes-de-freser\\\/#breadcrumb\"},\"inLanguage\":\"es\",\"potentialAction\":[{\"@type\":\"ReadAction\",\"target\":[\"https:\\\/\\\/www.escolatrac.com\\\/anibal-riberol-a-la-galeria-pa-de-quart-de-ribes-de-freser\\\/\"]}]},{\"@type\":\"ImageObject\",\"inLanguage\":\"es\",\"@id\":\"https:\\\/\\\/www.escolatrac.com\\\/anibal-riberol-a-la-galeria-pa-de-quart-de-ribes-de-freser\\\/#primaryimage\",\"url\":\"https:\\\/\\\/www.escolatrac.com\\\/wp-content\\\/uploads\\\/2019\\\/11\\\/IMG-9869-e1573229828581.jpg\",\"contentUrl\":\"https:\\\/\\\/www.escolatrac.com\\\/wp-content\\\/uploads\\\/2019\\\/11\\\/IMG-9869-e1573229828581.jpg\",\"width\":2560,\"height\":1912,\"caption\":\"Taller modelo barcelona\"},{\"@type\":\"BreadcrumbList\",\"@id\":\"https:\\\/\\\/www.escolatrac.com\\\/anibal-riberol-a-la-galeria-pa-de-quart-de-ribes-de-freser\\\/#breadcrumb\",\"itemListElement\":[{\"@type\":\"ListItem\",\"position\":1,\"name\":\"Inici\",\"item\":\"https:\\\/\\\/www.escolatrac.com\\\/es\\\/\"},{\"@type\":\"ListItem\",\"position\":2,\"name\":\"An\u00edbal Riverol en la Galer\u00eda de Arte P\u00e0 de quart\"}]},{\"@type\":\"WebSite\",\"@id\":\"https:\\\/\\\/www.escolatrac.com\\\/#website\",\"url\":\"https:\\\/\\\/www.escolatrac.com\\\/\",\"name\":\"Escola Tra\u00e7\",\"description\":\"\",\"potentialAction\":[{\"@type\":\"SearchAction\",\"target\":{\"@type\":\"EntryPoint\",\"urlTemplate\":\"https:\\\/\\\/www.escolatrac.com\\\/?s={search_term_string}\"},\"query-input\":{\"@type\":\"PropertyValueSpecification\",\"valueRequired\":true,\"valueName\":\"search_term_string\"}}],\"inLanguage\":\"es\"},{\"@type\":\"Person\",\"@id\":\"https:\\\/\\\/www.escolatrac.com\\\/#\\\/schema\\\/person\\\/5ff68b5fd673b76cf5a50abe285338ba\",\"name\":\"Rosa Martino\",\"image\":{\"@type\":\"ImageObject\",\"inLanguage\":\"es\",\"@id\":\"https:\\\/\\\/secure.gravatar.com\\\/avatar\\\/d1637a2e7e3b8daffef3fd80e3a0aa3a2eb10ed0e5e6af3ccbeb1f14c7db7d14?s=96&d=mm&r=g\",\"url\":\"https:\\\/\\\/secure.gravatar.com\\\/avatar\\\/d1637a2e7e3b8daffef3fd80e3a0aa3a2eb10ed0e5e6af3ccbeb1f14c7db7d14?s=96&d=mm&r=g\",\"contentUrl\":\"https:\\\/\\\/secure.gravatar.com\\\/avatar\\\/d1637a2e7e3b8daffef3fd80e3a0aa3a2eb10ed0e5e6af3ccbeb1f14c7db7d14?s=96&d=mm&r=g\",\"caption\":\"Rosa Martino\"},\"url\":\"https:\\\/\\\/www.escolatrac.com\\\/es\\\/author\\\/rosa\\\/\"}]}<\/script>\n<!-- \/ Yoast SEO plugin. -->","yoast_head_json":{"title":"An\u00edbal Riverol en la Galer\u00eda de Arte P\u00e0 de quart - Escola Tra\u00e7","robots":{"index":"index","follow":"follow","max-snippet":"max-snippet:-1","max-image-preview":"max-image-preview:large","max-video-preview":"max-video-preview:-1"},"canonical":"https:\/\/www.escolatrac.com\/anibal-riberol-a-la-galeria-pa-de-quart-de-ribes-de-freser\/","og_locale":"es_ES","og_type":"article","og_title":"An\u00edbal Riverol en la Galer\u00eda de Arte P\u00e0 de quart - Escola Tra\u00e7","og_description":"Nuestro profesor de pintura An\u00edbal Riverol expone parte de su obra en la Galer\u00eda de Arte P\u00e0 de quart de Ribes de Freser (calle Major, 3) Una excusa fant\u00e1stica para visitar el Ripoll\u00e8s y reencontrarse con los colores del oto\u00f1o.","og_url":"https:\/\/www.escolatrac.com\/anibal-riberol-a-la-galeria-pa-de-quart-de-ribes-de-freser\/","og_site_name":"Escola Tra\u00e7","article_published_time":"2019-11-04T10:02:34+00:00","article_modified_time":"2019-11-08T16:17:29+00:00","og_image":[{"width":2560,"height":1912,"url":"https:\/\/www.escolatrac.com\/wp-content\/uploads\/2019\/11\/IMG-9869-e1573229828581.jpg","type":"image\/jpeg"}],"author":"Rosa Martino","twitter_card":"summary_large_image","twitter_misc":{"Escrito por":"Rosa Martino"},"schema":{"@context":"https:\/\/schema.org","@graph":[{"@type":"Article","@id":"https:\/\/www.escolatrac.com\/anibal-riberol-a-la-galeria-pa-de-quart-de-ribes-de-freser\/#article","isPartOf":{"@id":"https:\/\/www.escolatrac.com\/anibal-riberol-a-la-galeria-pa-de-quart-de-ribes-de-freser\/"},"author":{"name":"Rosa Martino","@id":"https:\/\/www.escolatrac.com\/#\/schema\/person\/5ff68b5fd673b76cf5a50abe285338ba"},"headline":"An\u00edbal Riverol en la Galer\u00eda de Arte P\u00e0 de quart","datePublished":"2019-11-04T10:02:34+00:00","dateModified":"2019-11-08T16:17:29+00:00","mainEntityOfPage":{"@id":"https:\/\/www.escolatrac.com\/anibal-riberol-a-la-galeria-pa-de-quart-de-ribes-de-freser\/"},"wordCount":56,"commentCount":0,"image":{"@id":"https:\/\/www.escolatrac.com\/anibal-riberol-a-la-galeria-pa-de-quart-de-ribes-de-freser\/#primaryimage"},"thumbnailUrl":"https:\/\/www.escolatrac.com\/wp-content\/uploads\/2019\/11\/IMG-9869-e1573229828581.jpg","articleSection":["Sin categorizar"],"inLanguage":"es","potentialAction":[{"@type":"CommentAction","name":"Comment","target":["https:\/\/www.escolatrac.com\/anibal-riberol-a-la-galeria-pa-de-quart-de-ribes-de-freser\/#respond"]}]},{"@type":"WebPage","@id":"https:\/\/www.escolatrac.com\/anibal-riberol-a-la-galeria-pa-de-quart-de-ribes-de-freser\/","url":"https:\/\/www.escolatrac.com\/anibal-riberol-a-la-galeria-pa-de-quart-de-ribes-de-freser\/","name":"An\u00edbal Riverol en la Galer\u00eda de Arte P\u00e0 de quart - Escola Tra\u00e7","isPartOf":{"@id":"https:\/\/www.escolatrac.com\/#website"},"primaryImageOfPage":{"@id":"https:\/\/www.escolatrac.com\/anibal-riberol-a-la-galeria-pa-de-quart-de-ribes-de-freser\/#primaryimage"},"image":{"@id":"https:\/\/www.escolatrac.com\/anibal-riberol-a-la-galeria-pa-de-quart-de-ribes-de-freser\/#primaryimage"},"thumbnailUrl":"https:\/\/www.escolatrac.com\/wp-content\/uploads\/2019\/11\/IMG-9869-e1573229828581.jpg","datePublished":"2019-11-04T10:02:34+00:00","dateModified":"2019-11-08T16:17:29+00:00","author":{"@id":"https:\/\/www.escolatrac.com\/#\/schema\/person\/5ff68b5fd673b76cf5a50abe285338ba"},"breadcrumb":{"@id":"https:\/\/www.escolatrac.com\/anibal-riberol-a-la-galeria-pa-de-quart-de-ribes-de-freser\/#breadcrumb"},"inLanguage":"es","potentialAction":[{"@type":"ReadAction","target":["https:\/\/www.escolatrac.com\/anibal-riberol-a-la-galeria-pa-de-quart-de-ribes-de-freser\/"]}]},{"@type":"ImageObject","inLanguage":"es","@id":"https:\/\/www.escolatrac.com\/anibal-riberol-a-la-galeria-pa-de-quart-de-ribes-de-freser\/#primaryimage","url":"https:\/\/www.escolatrac.com\/wp-content\/uploads\/2019\/11\/IMG-9869-e1573229828581.jpg","contentUrl":"https:\/\/www.escolatrac.com\/wp-content\/uploads\/2019\/11\/IMG-9869-e1573229828581.jpg","width":2560,"height":1912,"caption":"Taller modelo barcelona"},{"@type":"BreadcrumbList","@id":"https:\/\/www.escolatrac.com\/anibal-riberol-a-la-galeria-pa-de-quart-de-ribes-de-freser\/#breadcrumb","itemListElement":[{"@type":"ListItem","position":1,"name":"Inici","item":"https:\/\/www.escolatrac.com\/es\/"},{"@type":"ListItem","position":2,"name":"An\u00edbal Riverol en la Galer\u00eda de Arte P\u00e0 de quart"}]},{"@type":"WebSite","@id":"https:\/\/www.escolatrac.com\/#website","url":"https:\/\/www.escolatrac.com\/","name":"Escola Tra\u00e7","description":"","potentialAction":[{"@type":"SearchAction","target":{"@type":"EntryPoint","urlTemplate":"https:\/\/www.escolatrac.com\/?s={search_term_string}"},"query-input":{"@type":"PropertyValueSpecification","valueRequired":true,"valueName":"search_term_string"}}],"inLanguage":"es"},{"@type":"Person","@id":"https:\/\/www.escolatrac.com\/#\/schema\/person\/5ff68b5fd673b76cf5a50abe285338ba","name":"Rosa Martino","image":{"@type":"ImageObject","inLanguage":"es","@id":"https:\/\/secure.gravatar.com\/avatar\/d1637a2e7e3b8daffef3fd80e3a0aa3a2eb10ed0e5e6af3ccbeb1f14c7db7d14?s=96&d=mm&r=g","url":"https:\/\/secure.gravatar.com\/avatar\/d1637a2e7e3b8daffef3fd80e3a0aa3a2eb10ed0e5e6af3ccbeb1f14c7db7d14?s=96&d=mm&r=g","contentUrl":"https:\/\/secure.gravatar.com\/avatar\/d1637a2e7e3b8daffef3fd80e3a0aa3a2eb10ed0e5e6af3ccbeb1f14c7db7d14?s=96&d=mm&r=g","caption":"Rosa Martino"},"url":"https:\/\/www.escolatrac.com\/es\/author\/rosa\/"}]}},"_links":{"self":[{"href":"https:\/\/www.escolatrac.com\/es\/wp-json\/wp\/v2\/posts\/7734","targetHints":{"allow":["GET"]}}],"collection":[{"href":"https:\/\/www.escolatrac.com\/es\/wp-json\/wp\/v2\/posts"}],"about":[{"href":"https:\/\/www.escolatrac.com\/es\/wp-json\/wp\/v2\/types\/post"}],"author":[{"embeddable":true,"href":"https:\/\/www.escolatrac.com\/es\/wp-json\/wp\/v2\/users\/4"}],"replies":[{"embeddable":true,"href":"https:\/\/www.escolatrac.com\/es\/wp-json\/wp\/v2\/comments?post=7734"}],"version-history":[{"count":4,"href":"https:\/\/www.escolatrac.com\/es\/wp-json\/wp\/v2\/posts\/7734\/revisions"}],"predecessor-version":[{"id":7850,"href":"https:\/\/www.escolatrac.com\/es\/wp-json\/wp\/v2\/posts\/7734\/revisions\/7850"}],"wp:featuredmedia":[{"embeddable":true,"href":"https:\/\/www.escolatrac.com\/es\/wp-json\/wp\/v2\/media\/7714"}],"wp:attachment":[{"href":"https:\/\/www.escolatrac.com\/es\/wp-json\/wp\/v2\/media?parent=7734"}],"wp:term":[{"taxonomy":"category","embeddable":true,"href":"https:\/\/www.escolatrac.com\/es\/wp-json\/wp\/v2\/categories?post=7734"},{"taxonomy":"post_tag","embeddable":true,"href":"https:\/\/www.escolatrac.com\/es\/wp-json\/wp\/v2\/tags?post=7734"}],"curies":[{"name":"wp","href":"https:\/\/api.w.org\/{rel}","templated":true}]}}