{"id":7579,"date":"2019-10-23T12:50:14","date_gmt":"2019-10-23T10:50:14","guid":{"rendered":"https:\/\/www.escolatrac.com\/?p=7579"},"modified":"2019-10-23T14:01:53","modified_gmt":"2019-10-23T12:01:53","slug":"segunda-edicion-premi-pintura-tat-vila-2019","status":"publish","type":"post","link":"https:\/\/www.escolatrac.com\/es\/segunda-edicion-premi-pintura-tat-vila-2019\/","title":{"rendered":"Segunda Edici\u00f3n Premi Pintura Tat Vil\u00e0 2019"},"content":{"rendered":"\n<div class=\"wp-block-columns has-2-columns is-layout-flex wp-container-core-columns-is-layout-9d6595d7 wp-block-columns-is-layout-flex\">\n<div class=\"wp-block-column is-layout-flow wp-block-column-is-layout-flow\">\n<p>El S\u00e1bado 5 de octubre se hizo entrega de los premios de esta segunda edici\u00f3n con el siguiente resultado:<\/p>\n\n\n\n<p><strong>Primer Premio<\/strong>: S\/T , de Josy Malagrida<\/p>\n\n\n\n<p><strong>Menci\u00f3n Especial<\/strong>: L\u2019Esquerda, de Berta Auser\u00e9<\/p>\n\n\n\n<p><strong>Finalistas Premio de Pintura Tat Vil\u00e0 2019<\/strong><\/p>\n\n\n\n<p><em>Juli Mart\u00ed Casals, S\u00edlvia Mart\u00ednez Pozo, Alba Refulgente, Carmen Ros\u00e9s, Enric Servera, In\u00e9s Schaikowski y Rosa Solano.<\/em><\/p>\n\n\n\n<p>Consulta todas las piezas en el siguiente enlace<br><a href=\"https:\/\/www.escolatrac.com\/es\/obres-presentades-2n-premi-pintura-tat-vila-2019\/\">OBRAS PRESENTADAS<\/a><br><\/p>\n<\/div>\n\n\n\n<div class=\"wp-block-column is-layout-flow wp-block-column-is-layout-flow\">\n  <div class=\"uk-visible-toggle uk-position-relative\" uk-slider=\"finite: true; center: true; animation: push; ratio: 16:9;\">\n    <div class=\"uk-position-relative uk-visible-toggle\" tabindex=\"-1\">\n      <ul class=\"uk-slider-items\">\n                      <li class=\"uk-width-1-1\">\n                              <img decoding=\"async\" width=\"432\" height=\"576\" src=\"https:\/\/www.escolatrac.com\/wp-content\/uploads\/2019\/10\/IMG_2866-scaled.jpg\" class=\"attachment-large size-large lazyload\" alt=\"taller arte Barcelona\" data-size=\"auto\" data-src=\"https:\/\/www.escolatrac.com\/wp-content\/uploads\/2019\/10\/IMG_2866-scaled.jpg\" \/>              \n              <div class=\"uk-flex-inline uk-flex-between uk-width-1-1\">\n                <h4 class=\"uk-h5 uk-margin-remove uk-text-muted\"><\/h4>\n                <h4 class=\"uk-h5 uk-margin-remove uk-text-muted\"><\/h4>\n              <\/div>\n            <\/li>\n                <\/ul>\n\n      <a class=\"c-slidenav uk-position-center-left uk-position-small uk-padding-small\" href=\"#\" uk-slidenav-previous uk-slider-item=\"previous\"><\/a>\n      <a class=\"c-slidenav uk-position-center-right uk-position-small uk-padding-small\" href=\"#\" uk-slidenav-next uk-slider-item=\"next\"><\/a>\n    <\/div>\n\n    <ul class=\"uk-slider-nav uk-position-bottom uk-light uk-dotnav uk-flex-center uk-margin uk-margin-large-bottom\"><\/ul>\n  <\/div>\n\n\n\n<\/div>\n<\/div>\n\n\n\n\n","protected":false},"excerpt":{"rendered":"<p>El S\u00e1bado 5 de octubre se hizo entrega de los premios de esta segunda edici\u00f3n con el siguiente resultado: Primer Premio: S\/T , de Josy Malagrida Menci\u00f3n Especial: L\u2019Esquerda, de Berta Auser\u00e9 Finalistas Premio de Pintura Tat Vil\u00e0 2019 Juli Mart\u00ed Casals, S\u00edlvia Mart\u00ednez Pozo, Alba Refulgente, Carmen Ros\u00e9s, Enric Servera, In\u00e9s Schaikowski y Rosa &hellip; <a href=\"https:\/\/www.escolatrac.com\/es\/segunda-edicion-premi-pintura-tat-vila-2019\/\">Continued<\/a><\/p>\n","protected":false},"author":4,"featured_media":6967,"comment_status":"open","ping_status":"open","sticky":false,"template":"","format":"standard","meta":{"_acf_changed":false,"footnotes":""},"categories":[15],"tags":[],"class_list":["post-7579","post","type-post","status-publish","format-standard","has-post-thumbnail","hentry","category-sin-categorizar"],"acf":[],"yoast_head":"<!-- This site is optimized with the Yoast SEO plugin v27.3 - https:\/\/yoast.com\/product\/yoast-seo-wordpress\/ -->\n<title>Segunda Edici\u00f3n Premi Pintura Tat Vil\u00e0 2019 - Escola Tra\u00e7<\/title>\n<meta name=\"robots\" content=\"index, follow, max-snippet:-1, max-image-preview:large, max-video-preview:-1\" \/>\n<link rel=\"canonical\" href=\"https:\/\/www.escolatrac.com\/2a-edicio-premi-pintura-tat-vila\/\" \/>\n<meta property=\"og:locale\" content=\"es_ES\" \/>\n<meta property=\"og:type\" content=\"article\" \/>\n<meta property=\"og:title\" content=\"Segunda Edici\u00f3n Premi Pintura Tat Vil\u00e0 2019 - Escola Tra\u00e7\" \/>\n<meta property=\"og:description\" content=\"El S\u00e1bado 5 de octubre se hizo entrega de los premios de esta segunda edici\u00f3n con el siguiente resultado: Primer Premio: S\/T , de Josy Malagrida Menci\u00f3n Especial: L\u2019Esquerda, de Berta Auser\u00e9 Finalistas Premio de Pintura Tat Vil\u00e0 2019 Juli Mart\u00ed Casals, S\u00edlvia Mart\u00ednez Pozo, Alba Refulgente, Carmen Ros\u00e9s, Enric Servera, In\u00e9s Schaikowski y Rosa &hellip; Continued\" \/>\n<meta property=\"og:url\" content=\"https:\/\/www.escolatrac.com\/2a-edicio-premi-pintura-tat-vila\/\" \/>\n<meta property=\"og:site_name\" content=\"Escola Tra\u00e7\" \/>\n<meta property=\"article:published_time\" content=\"2019-10-23T10:50:14+00:00\" \/>\n<meta property=\"article:modified_time\" content=\"2019-10-23T12:01:53+00:00\" \/>\n<meta property=\"og:image\" content=\"https:\/\/www.escolatrac.com\/wp-content\/uploads\/2019\/10\/9.Sense-Titol-T\u00e8cnica-mixtacollagei-paper-Jap\u00f3-pintat-a-loli-1024x576.jpg\" \/>\n\t<meta property=\"og:image:width\" content=\"1024\" \/>\n\t<meta property=\"og:image:height\" content=\"576\" \/>\n\t<meta property=\"og:image:type\" content=\"image\/jpeg\" \/>\n<meta name=\"author\" content=\"Rosa Martino\" \/>\n<meta name=\"twitter:card\" content=\"summary_large_image\" \/>\n<meta name=\"twitter:label1\" content=\"Escrito por\" \/>\n\t<meta name=\"twitter:data1\" content=\"Rosa Martino\" \/>\n<script type=\"application\/ld+json\" class=\"yoast-schema-graph\">{\"@context\":\"https:\\\/\\\/schema.org\",\"@graph\":[{\"@type\":\"Article\",\"@id\":\"https:\\\/\\\/www.escolatrac.com\\\/2a-edicio-premi-pintura-tat-vila\\\/#article\",\"isPartOf\":{\"@id\":\"https:\\\/\\\/www.escolatrac.com\\\/2a-edicio-premi-pintura-tat-vila\\\/\"},\"author\":{\"name\":\"Rosa Martino\",\"@id\":\"https:\\\/\\\/www.escolatrac.com\\\/#\\\/schema\\\/person\\\/5ff68b5fd673b76cf5a50abe285338ba\"},\"headline\":\"Segunda Edici\u00f3n Premi Pintura Tat Vil\u00e0 2019\",\"datePublished\":\"2019-10-23T10:50:14+00:00\",\"dateModified\":\"2019-10-23T12:01:53+00:00\",\"mainEntityOfPage\":{\"@id\":\"https:\\\/\\\/www.escolatrac.com\\\/2a-edicio-premi-pintura-tat-vila\\\/\"},\"wordCount\":79,\"commentCount\":0,\"image\":{\"@id\":\"https:\\\/\\\/www.escolatrac.com\\\/2a-edicio-premi-pintura-tat-vila\\\/#primaryimage\"},\"thumbnailUrl\":\"https:\\\/\\\/www.escolatrac.com\\\/wp-content\\\/uploads\\\/2019\\\/10\\\/9.Sense-Titol-T\u00e8cnica-mixtacollagei-paper-Jap\u00f3-pintat-a-loli.jpg\",\"articleSection\":[\"Sin categorizar\"],\"inLanguage\":\"es\",\"potentialAction\":[{\"@type\":\"CommentAction\",\"name\":\"Comment\",\"target\":[\"https:\\\/\\\/www.escolatrac.com\\\/2a-edicio-premi-pintura-tat-vila\\\/#respond\"]}]},{\"@type\":\"WebPage\",\"@id\":\"https:\\\/\\\/www.escolatrac.com\\\/2a-edicio-premi-pintura-tat-vila\\\/\",\"url\":\"https:\\\/\\\/www.escolatrac.com\\\/2a-edicio-premi-pintura-tat-vila\\\/\",\"name\":\"Segunda Edici\u00f3n Premi Pintura Tat Vil\u00e0 2019 - Escola Tra\u00e7\",\"isPartOf\":{\"@id\":\"https:\\\/\\\/www.escolatrac.com\\\/#website\"},\"primaryImageOfPage\":{\"@id\":\"https:\\\/\\\/www.escolatrac.com\\\/2a-edicio-premi-pintura-tat-vila\\\/#primaryimage\"},\"image\":{\"@id\":\"https:\\\/\\\/www.escolatrac.com\\\/2a-edicio-premi-pintura-tat-vila\\\/#primaryimage\"},\"thumbnailUrl\":\"https:\\\/\\\/www.escolatrac.com\\\/wp-content\\\/uploads\\\/2019\\\/10\\\/9.Sense-Titol-T\u00e8cnica-mixtacollagei-paper-Jap\u00f3-pintat-a-loli.jpg\",\"datePublished\":\"2019-10-23T10:50:14+00:00\",\"dateModified\":\"2019-10-23T12:01:53+00:00\",\"author\":{\"@id\":\"https:\\\/\\\/www.escolatrac.com\\\/#\\\/schema\\\/person\\\/5ff68b5fd673b76cf5a50abe285338ba\"},\"breadcrumb\":{\"@id\":\"https:\\\/\\\/www.escolatrac.com\\\/2a-edicio-premi-pintura-tat-vila\\\/#breadcrumb\"},\"inLanguage\":\"es\",\"potentialAction\":[{\"@type\":\"ReadAction\",\"target\":[\"https:\\\/\\\/www.escolatrac.com\\\/2a-edicio-premi-pintura-tat-vila\\\/\"]}]},{\"@type\":\"ImageObject\",\"inLanguage\":\"es\",\"@id\":\"https:\\\/\\\/www.escolatrac.com\\\/2a-edicio-premi-pintura-tat-vila\\\/#primaryimage\",\"url\":\"https:\\\/\\\/www.escolatrac.com\\\/wp-content\\\/uploads\\\/2019\\\/10\\\/9.Sense-Titol-T\u00e8cnica-mixtacollagei-paper-Jap\u00f3-pintat-a-loli.jpg\",\"contentUrl\":\"https:\\\/\\\/www.escolatrac.com\\\/wp-content\\\/uploads\\\/2019\\\/10\\\/9.Sense-Titol-T\u00e8cnica-mixtacollagei-paper-Jap\u00f3-pintat-a-loli.jpg\",\"width\":1000,\"height\":1000},{\"@type\":\"BreadcrumbList\",\"@id\":\"https:\\\/\\\/www.escolatrac.com\\\/2a-edicio-premi-pintura-tat-vila\\\/#breadcrumb\",\"itemListElement\":[{\"@type\":\"ListItem\",\"position\":1,\"name\":\"Inici\",\"item\":\"https:\\\/\\\/www.escolatrac.com\\\/es\\\/\"},{\"@type\":\"ListItem\",\"position\":2,\"name\":\"Segunda Edici\u00f3n Premi Pintura Tat Vil\u00e0 2019\"}]},{\"@type\":\"WebSite\",\"@id\":\"https:\\\/\\\/www.escolatrac.com\\\/#website\",\"url\":\"https:\\\/\\\/www.escolatrac.com\\\/\",\"name\":\"Escola Tra\u00e7\",\"description\":\"\",\"potentialAction\":[{\"@type\":\"SearchAction\",\"target\":{\"@type\":\"EntryPoint\",\"urlTemplate\":\"https:\\\/\\\/www.escolatrac.com\\\/?s={search_term_string}\"},\"query-input\":{\"@type\":\"PropertyValueSpecification\",\"valueRequired\":true,\"valueName\":\"search_term_string\"}}],\"inLanguage\":\"es\"},{\"@type\":\"Person\",\"@id\":\"https:\\\/\\\/www.escolatrac.com\\\/#\\\/schema\\\/person\\\/5ff68b5fd673b76cf5a50abe285338ba\",\"name\":\"Rosa Martino\",\"image\":{\"@type\":\"ImageObject\",\"inLanguage\":\"es\",\"@id\":\"https:\\\/\\\/secure.gravatar.com\\\/avatar\\\/d1637a2e7e3b8daffef3fd80e3a0aa3a2eb10ed0e5e6af3ccbeb1f14c7db7d14?s=96&d=mm&r=g\",\"url\":\"https:\\\/\\\/secure.gravatar.com\\\/avatar\\\/d1637a2e7e3b8daffef3fd80e3a0aa3a2eb10ed0e5e6af3ccbeb1f14c7db7d14?s=96&d=mm&r=g\",\"contentUrl\":\"https:\\\/\\\/secure.gravatar.com\\\/avatar\\\/d1637a2e7e3b8daffef3fd80e3a0aa3a2eb10ed0e5e6af3ccbeb1f14c7db7d14?s=96&d=mm&r=g\",\"caption\":\"Rosa Martino\"},\"url\":\"https:\\\/\\\/www.escolatrac.com\\\/es\\\/author\\\/rosa\\\/\"}]}<\/script>\n<!-- \/ Yoast SEO plugin. -->","yoast_head_json":{"title":"Segunda Edici\u00f3n Premi Pintura Tat Vil\u00e0 2019 - Escola Tra\u00e7","robots":{"index":"index","follow":"follow","max-snippet":"max-snippet:-1","max-image-preview":"max-image-preview:large","max-video-preview":"max-video-preview:-1"},"canonical":"https:\/\/www.escolatrac.com\/2a-edicio-premi-pintura-tat-vila\/","og_locale":"es_ES","og_type":"article","og_title":"Segunda Edici\u00f3n Premi Pintura Tat Vil\u00e0 2019 - Escola Tra\u00e7","og_description":"El S\u00e1bado 5 de octubre se hizo entrega de los premios de esta segunda edici\u00f3n con el siguiente resultado: Primer Premio: S\/T , de Josy Malagrida Menci\u00f3n Especial: L\u2019Esquerda, de Berta Auser\u00e9 Finalistas Premio de Pintura Tat Vil\u00e0 2019 Juli Mart\u00ed Casals, S\u00edlvia Mart\u00ednez Pozo, Alba Refulgente, Carmen Ros\u00e9s, Enric Servera, In\u00e9s Schaikowski y Rosa &hellip; Continued","og_url":"https:\/\/www.escolatrac.com\/2a-edicio-premi-pintura-tat-vila\/","og_site_name":"Escola Tra\u00e7","article_published_time":"2019-10-23T10:50:14+00:00","article_modified_time":"2019-10-23T12:01:53+00:00","og_image":[{"width":1024,"height":576,"url":"https:\/\/www.escolatrac.com\/wp-content\/uploads\/2019\/10\/9.Sense-Titol-T\u00e8cnica-mixtacollagei-paper-Jap\u00f3-pintat-a-loli-1024x576.jpg","type":"image\/jpeg"}],"author":"Rosa Martino","twitter_card":"summary_large_image","twitter_misc":{"Escrito por":"Rosa Martino"},"schema":{"@context":"https:\/\/schema.org","@graph":[{"@type":"Article","@id":"https:\/\/www.escolatrac.com\/2a-edicio-premi-pintura-tat-vila\/#article","isPartOf":{"@id":"https:\/\/www.escolatrac.com\/2a-edicio-premi-pintura-tat-vila\/"},"author":{"name":"Rosa Martino","@id":"https:\/\/www.escolatrac.com\/#\/schema\/person\/5ff68b5fd673b76cf5a50abe285338ba"},"headline":"Segunda Edici\u00f3n Premi Pintura Tat Vil\u00e0 2019","datePublished":"2019-10-23T10:50:14+00:00","dateModified":"2019-10-23T12:01:53+00:00","mainEntityOfPage":{"@id":"https:\/\/www.escolatrac.com\/2a-edicio-premi-pintura-tat-vila\/"},"wordCount":79,"commentCount":0,"image":{"@id":"https:\/\/www.escolatrac.com\/2a-edicio-premi-pintura-tat-vila\/#primaryimage"},"thumbnailUrl":"https:\/\/www.escolatrac.com\/wp-content\/uploads\/2019\/10\/9.Sense-Titol-T\u00e8cnica-mixtacollagei-paper-Jap\u00f3-pintat-a-loli.jpg","articleSection":["Sin categorizar"],"inLanguage":"es","potentialAction":[{"@type":"CommentAction","name":"Comment","target":["https:\/\/www.escolatrac.com\/2a-edicio-premi-pintura-tat-vila\/#respond"]}]},{"@type":"WebPage","@id":"https:\/\/www.escolatrac.com\/2a-edicio-premi-pintura-tat-vila\/","url":"https:\/\/www.escolatrac.com\/2a-edicio-premi-pintura-tat-vila\/","name":"Segunda Edici\u00f3n Premi Pintura Tat Vil\u00e0 2019 - Escola Tra\u00e7","isPartOf":{"@id":"https:\/\/www.escolatrac.com\/#website"},"primaryImageOfPage":{"@id":"https:\/\/www.escolatrac.com\/2a-edicio-premi-pintura-tat-vila\/#primaryimage"},"image":{"@id":"https:\/\/www.escolatrac.com\/2a-edicio-premi-pintura-tat-vila\/#primaryimage"},"thumbnailUrl":"https:\/\/www.escolatrac.com\/wp-content\/uploads\/2019\/10\/9.Sense-Titol-T\u00e8cnica-mixtacollagei-paper-Jap\u00f3-pintat-a-loli.jpg","datePublished":"2019-10-23T10:50:14+00:00","dateModified":"2019-10-23T12:01:53+00:00","author":{"@id":"https:\/\/www.escolatrac.com\/#\/schema\/person\/5ff68b5fd673b76cf5a50abe285338ba"},"breadcrumb":{"@id":"https:\/\/www.escolatrac.com\/2a-edicio-premi-pintura-tat-vila\/#breadcrumb"},"inLanguage":"es","potentialAction":[{"@type":"ReadAction","target":["https:\/\/www.escolatrac.com\/2a-edicio-premi-pintura-tat-vila\/"]}]},{"@type":"ImageObject","inLanguage":"es","@id":"https:\/\/www.escolatrac.com\/2a-edicio-premi-pintura-tat-vila\/#primaryimage","url":"https:\/\/www.escolatrac.com\/wp-content\/uploads\/2019\/10\/9.Sense-Titol-T\u00e8cnica-mixtacollagei-paper-Jap\u00f3-pintat-a-loli.jpg","contentUrl":"https:\/\/www.escolatrac.com\/wp-content\/uploads\/2019\/10\/9.Sense-Titol-T\u00e8cnica-mixtacollagei-paper-Jap\u00f3-pintat-a-loli.jpg","width":1000,"height":1000},{"@type":"BreadcrumbList","@id":"https:\/\/www.escolatrac.com\/2a-edicio-premi-pintura-tat-vila\/#breadcrumb","itemListElement":[{"@type":"ListItem","position":1,"name":"Inici","item":"https:\/\/www.escolatrac.com\/es\/"},{"@type":"ListItem","position":2,"name":"Segunda Edici\u00f3n Premi Pintura Tat Vil\u00e0 2019"}]},{"@type":"WebSite","@id":"https:\/\/www.escolatrac.com\/#website","url":"https:\/\/www.escolatrac.com\/","name":"Escola Tra\u00e7","description":"","potentialAction":[{"@type":"SearchAction","target":{"@type":"EntryPoint","urlTemplate":"https:\/\/www.escolatrac.com\/?s={search_term_string}"},"query-input":{"@type":"PropertyValueSpecification","valueRequired":true,"valueName":"search_term_string"}}],"inLanguage":"es"},{"@type":"Person","@id":"https:\/\/www.escolatrac.com\/#\/schema\/person\/5ff68b5fd673b76cf5a50abe285338ba","name":"Rosa Martino","image":{"@type":"ImageObject","inLanguage":"es","@id":"https:\/\/secure.gravatar.com\/avatar\/d1637a2e7e3b8daffef3fd80e3a0aa3a2eb10ed0e5e6af3ccbeb1f14c7db7d14?s=96&d=mm&r=g","url":"https:\/\/secure.gravatar.com\/avatar\/d1637a2e7e3b8daffef3fd80e3a0aa3a2eb10ed0e5e6af3ccbeb1f14c7db7d14?s=96&d=mm&r=g","contentUrl":"https:\/\/secure.gravatar.com\/avatar\/d1637a2e7e3b8daffef3fd80e3a0aa3a2eb10ed0e5e6af3ccbeb1f14c7db7d14?s=96&d=mm&r=g","caption":"Rosa Martino"},"url":"https:\/\/www.escolatrac.com\/es\/author\/rosa\/"}]}},"_links":{"self":[{"href":"https:\/\/www.escolatrac.com\/es\/wp-json\/wp\/v2\/posts\/7579","targetHints":{"allow":["GET"]}}],"collection":[{"href":"https:\/\/www.escolatrac.com\/es\/wp-json\/wp\/v2\/posts"}],"about":[{"href":"https:\/\/www.escolatrac.com\/es\/wp-json\/wp\/v2\/types\/post"}],"author":[{"embeddable":true,"href":"https:\/\/www.escolatrac.com\/es\/wp-json\/wp\/v2\/users\/4"}],"replies":[{"embeddable":true,"href":"https:\/\/www.escolatrac.com\/es\/wp-json\/wp\/v2\/comments?post=7579"}],"version-history":[{"count":5,"href":"https:\/\/www.escolatrac.com\/es\/wp-json\/wp\/v2\/posts\/7579\/revisions"}],"predecessor-version":[{"id":7613,"href":"https:\/\/www.escolatrac.com\/es\/wp-json\/wp\/v2\/posts\/7579\/revisions\/7613"}],"wp:featuredmedia":[{"embeddable":true,"href":"https:\/\/www.escolatrac.com\/es\/wp-json\/wp\/v2\/media\/6967"}],"wp:attachment":[{"href":"https:\/\/www.escolatrac.com\/es\/wp-json\/wp\/v2\/media?parent=7579"}],"wp:term":[{"taxonomy":"category","embeddable":true,"href":"https:\/\/www.escolatrac.com\/es\/wp-json\/wp\/v2\/categories?post=7579"},{"taxonomy":"post_tag","embeddable":true,"href":"https:\/\/www.escolatrac.com\/es\/wp-json\/wp\/v2\/tags?post=7579"}],"curies":[{"name":"wp","href":"https:\/\/api.w.org\/{rel}","templated":true}]}}