{"id":6887,"date":"2019-10-06T08:59:55","date_gmt":"2019-10-06T06:59:55","guid":{"rendered":"https:\/\/www.escolatrac.com\/?p=6887"},"modified":"2019-10-06T09:00:26","modified_gmt":"2019-10-06T07:00:26","slug":"exposicion-alumnas-taller-gravado-en-el-espacio-mercantic-de-sant-cugat","status":"publish","type":"post","link":"https:\/\/www.escolatrac.com\/es\/exposicion-alumnas-taller-gravado-en-el-espacio-mercantic-de-sant-cugat\/","title":{"rendered":"Exposici\u00f3n alumnas Taller Gravado en el espacio Mercantic de Sant Cugat"},"content":{"rendered":"\n<div class=\"wp-block-columns has-2-columns is-layout-flex wp-container-core-columns-is-layout-9d6595d7 wp-block-columns-is-layout-flex\">\n<div class=\"wp-block-column is-layout-flow wp-block-column-is-layout-flow\">\n<p>Hasta el pr\u00f3ximo 15 de octubre las alumnas del Taller de Gravado de la Escuela y su profesora Cristina P\u00e9rez, exponen en el Mercantic de Sant Cugat , en el espacio de Lourdes Roses.<\/p>\n\n\n\n<p>No os lo perd\u00e1is<\/p>\n<\/div>\n\n\n\n<div class=\"wp-block-column is-layout-flow wp-block-column-is-layout-flow\">\n  <div class=\"uk-visible-toggle uk-position-relative\" uk-slider=\"finite: true; center: true; animation: push; ratio: 16:9;\">\n    <div class=\"uk-position-relative uk-visible-toggle\" tabindex=\"-1\">\n      <ul class=\"uk-slider-items\">\n                      <li class=\"uk-width-1-1\">\n                              <img decoding=\"async\" width=\"768\" height=\"576\" src=\"https:\/\/www.escolatrac.com\/wp-content\/uploads\/2019\/10\/IMG-20190922-WA0007.jpg\" class=\"attachment-large size-large lazyload\" alt=\"Clases fotogravado barcelona\" data-size=\"auto\" data-src=\"https:\/\/www.escolatrac.com\/wp-content\/uploads\/2019\/10\/IMG-20190922-WA0007.jpg\" \/>              \n              <div class=\"uk-flex-inline uk-flex-between uk-width-1-1\">\n                <h4 class=\"uk-h5 uk-margin-remove uk-text-muted\"><\/h4>\n                <h4 class=\"uk-h5 uk-margin-remove uk-text-muted\"><\/h4>\n              <\/div>\n            <\/li>\n                      <li class=\"uk-width-1-1\">\n                              <img decoding=\"async\" width=\"768\" height=\"576\" src=\"https:\/\/www.escolatrac.com\/wp-content\/uploads\/2019\/10\/IMG-20190922-WA0008-1.jpg\" class=\"attachment-large size-large lazyload\" alt=\"Taller gravado Sarri\u00e1\" data-size=\"auto\" data-src=\"https:\/\/www.escolatrac.com\/wp-content\/uploads\/2019\/10\/IMG-20190922-WA0008-1.jpg\" \/>              \n              <div class=\"uk-flex-inline uk-flex-between uk-width-1-1\">\n                <h4 class=\"uk-h5 uk-margin-remove uk-text-muted\"><\/h4>\n                <h4 class=\"uk-h5 uk-margin-remove uk-text-muted\"><\/h4>\n              <\/div>\n            <\/li>\n                      <li class=\"uk-width-1-1\">\n                              <img decoding=\"async\" width=\"768\" height=\"576\" src=\"https:\/\/www.escolatrac.com\/wp-content\/uploads\/2019\/10\/IMG-20190922-WA0005.jpg\" class=\"attachment-large size-large lazyload\" alt=\"Taller Gravado Barcelona\" data-size=\"auto\" data-src=\"https:\/\/www.escolatrac.com\/wp-content\/uploads\/2019\/10\/IMG-20190922-WA0005.jpg\" \/>              \n              <div class=\"uk-flex-inline uk-flex-between uk-width-1-1\">\n                <h4 class=\"uk-h5 uk-margin-remove uk-text-muted\"><\/h4>\n                <h4 class=\"uk-h5 uk-margin-remove uk-text-muted\"><\/h4>\n              <\/div>\n            <\/li>\n                <\/ul>\n\n      <a class=\"c-slidenav uk-position-center-left uk-position-small uk-padding-small\" href=\"#\" uk-slidenav-previous uk-slider-item=\"previous\"><\/a>\n      <a class=\"c-slidenav uk-position-center-right uk-position-small uk-padding-small\" href=\"#\" uk-slidenav-next uk-slider-item=\"next\"><\/a>\n    <\/div>\n\n    <ul class=\"uk-slider-nav uk-position-bottom uk-light uk-dotnav uk-flex-center uk-margin uk-margin-large-bottom\"><\/ul>\n  <\/div>\n\n\n\n  <h4 class=\"uk-margin-remove-bottom\">Enlaces<\/h4>\n  <ul class=\"uk-list uk-margin-remove-top\">\n          <li class=\"uk-text-muted uk-margin-remove\"><a href=\"\" class=\"u-text--underline\" target=\"_blank\"><\/a><\/li>\n      <\/ul>\n<\/div>\n<\/div>\n\n\n\n\n","protected":false},"excerpt":{"rendered":"<p>Hasta el pr\u00f3ximo 15 de octubre las alumnas del Taller de Gravado de la Escuela y su profesora Cristina P\u00e9rez, exponen en el Mercantic de Sant Cugat , en el espacio de Lourdes Roses. No os lo perd\u00e1is<\/p>\n","protected":false},"author":4,"featured_media":6882,"comment_status":"open","ping_status":"open","sticky":false,"template":"","format":"standard","meta":{"_acf_changed":false,"footnotes":""},"categories":[14,15],"tags":[],"class_list":["post-6887","post","type-post","status-publish","format-standard","has-post-thumbnail","hentry","category-uncategorized","category-sin-categorizar"],"acf":[],"yoast_head":"<!-- This site is optimized with the Yoast SEO plugin v27.3 - https:\/\/yoast.com\/product\/yoast-seo-wordpress\/ -->\n<title>Exposici\u00f3n alumnas Taller Gravado en el espacio Mercantic de Sant Cugat - Escola Tra\u00e7<\/title>\n<meta name=\"robots\" content=\"index, follow, max-snippet:-1, max-image-preview:large, max-video-preview:-1\" \/>\n<link rel=\"canonical\" href=\"https:\/\/www.escolatrac.com\/es\/exposicion-alumnas-taller-gravado-en-el-espacio-mercantic-de-sant-cugat\/\" \/>\n<meta property=\"og:locale\" content=\"es_ES\" \/>\n<meta property=\"og:type\" content=\"article\" \/>\n<meta property=\"og:title\" content=\"Exposici\u00f3n alumnas Taller Gravado en el espacio Mercantic de Sant Cugat - Escola Tra\u00e7\" \/>\n<meta property=\"og:description\" content=\"Hasta el pr\u00f3ximo 15 de octubre las alumnas del Taller de Gravado de la Escuela y su profesora Cristina P\u00e9rez, exponen en el Mercantic de Sant Cugat , en el espacio de Lourdes Roses. No os lo perd\u00e1is\" \/>\n<meta property=\"og:url\" content=\"https:\/\/www.escolatrac.com\/es\/exposicion-alumnas-taller-gravado-en-el-espacio-mercantic-de-sant-cugat\/\" \/>\n<meta property=\"og:site_name\" content=\"Escola Tra\u00e7\" \/>\n<meta property=\"article:published_time\" content=\"2019-10-06T06:59:55+00:00\" \/>\n<meta property=\"article:modified_time\" content=\"2019-10-06T07:00:26+00:00\" \/>\n<meta property=\"og:image\" content=\"https:\/\/www.escolatrac.com\/wp-content\/uploads\/2019\/10\/IMG-20190922-WA0002.jpg\" \/>\n\t<meta property=\"og:image:width\" content=\"1200\" \/>\n\t<meta property=\"og:image:height\" content=\"1600\" \/>\n\t<meta property=\"og:image:type\" content=\"image\/jpeg\" \/>\n<meta name=\"author\" content=\"Rosa Martino\" \/>\n<meta name=\"twitter:card\" content=\"summary_large_image\" \/>\n<meta name=\"twitter:label1\" content=\"Escrito por\" \/>\n\t<meta name=\"twitter:data1\" content=\"Rosa Martino\" \/>\n<script type=\"application\/ld+json\" class=\"yoast-schema-graph\">{\"@context\":\"https:\\\/\\\/schema.org\",\"@graph\":[{\"@type\":\"Article\",\"@id\":\"https:\\\/\\\/www.escolatrac.com\\\/es\\\/exposicion-alumnas-taller-gravado-en-el-espacio-mercantic-de-sant-cugat\\\/#article\",\"isPartOf\":{\"@id\":\"https:\\\/\\\/www.escolatrac.com\\\/es\\\/exposicion-alumnas-taller-gravado-en-el-espacio-mercantic-de-sant-cugat\\\/\"},\"author\":{\"name\":\"Rosa Martino\",\"@id\":\"https:\\\/\\\/www.escolatrac.com\\\/#\\\/schema\\\/person\\\/5ff68b5fd673b76cf5a50abe285338ba\"},\"headline\":\"Exposici\u00f3n alumnas Taller Gravado en el espacio Mercantic de Sant Cugat\",\"datePublished\":\"2019-10-06T06:59:55+00:00\",\"dateModified\":\"2019-10-06T07:00:26+00:00\",\"mainEntityOfPage\":{\"@id\":\"https:\\\/\\\/www.escolatrac.com\\\/es\\\/exposicion-alumnas-taller-gravado-en-el-espacio-mercantic-de-sant-cugat\\\/\"},\"wordCount\":51,\"commentCount\":0,\"image\":{\"@id\":\"https:\\\/\\\/www.escolatrac.com\\\/es\\\/exposicion-alumnas-taller-gravado-en-el-espacio-mercantic-de-sant-cugat\\\/#primaryimage\"},\"thumbnailUrl\":\"https:\\\/\\\/www.escolatrac.com\\\/wp-content\\\/uploads\\\/2019\\\/10\\\/IMG-20190922-WA0002.jpg\",\"articleSection\":[\"Uncategorized\",\"Sin categorizar\"],\"inLanguage\":\"es\",\"potentialAction\":[{\"@type\":\"CommentAction\",\"name\":\"Comment\",\"target\":[\"https:\\\/\\\/www.escolatrac.com\\\/es\\\/exposicion-alumnas-taller-gravado-en-el-espacio-mercantic-de-sant-cugat\\\/#respond\"]}]},{\"@type\":\"WebPage\",\"@id\":\"https:\\\/\\\/www.escolatrac.com\\\/es\\\/exposicion-alumnas-taller-gravado-en-el-espacio-mercantic-de-sant-cugat\\\/\",\"url\":\"https:\\\/\\\/www.escolatrac.com\\\/es\\\/exposicion-alumnas-taller-gravado-en-el-espacio-mercantic-de-sant-cugat\\\/\",\"name\":\"Exposici\u00f3n alumnas Taller Gravado en el espacio Mercantic de Sant Cugat - Escola Tra\u00e7\",\"isPartOf\":{\"@id\":\"https:\\\/\\\/www.escolatrac.com\\\/#website\"},\"primaryImageOfPage\":{\"@id\":\"https:\\\/\\\/www.escolatrac.com\\\/es\\\/exposicion-alumnas-taller-gravado-en-el-espacio-mercantic-de-sant-cugat\\\/#primaryimage\"},\"image\":{\"@id\":\"https:\\\/\\\/www.escolatrac.com\\\/es\\\/exposicion-alumnas-taller-gravado-en-el-espacio-mercantic-de-sant-cugat\\\/#primaryimage\"},\"thumbnailUrl\":\"https:\\\/\\\/www.escolatrac.com\\\/wp-content\\\/uploads\\\/2019\\\/10\\\/IMG-20190922-WA0002.jpg\",\"datePublished\":\"2019-10-06T06:59:55+00:00\",\"dateModified\":\"2019-10-06T07:00:26+00:00\",\"author\":{\"@id\":\"https:\\\/\\\/www.escolatrac.com\\\/#\\\/schema\\\/person\\\/5ff68b5fd673b76cf5a50abe285338ba\"},\"breadcrumb\":{\"@id\":\"https:\\\/\\\/www.escolatrac.com\\\/es\\\/exposicion-alumnas-taller-gravado-en-el-espacio-mercantic-de-sant-cugat\\\/#breadcrumb\"},\"inLanguage\":\"es\",\"potentialAction\":[{\"@type\":\"ReadAction\",\"target\":[\"https:\\\/\\\/www.escolatrac.com\\\/es\\\/exposicion-alumnas-taller-gravado-en-el-espacio-mercantic-de-sant-cugat\\\/\"]}]},{\"@type\":\"ImageObject\",\"inLanguage\":\"es\",\"@id\":\"https:\\\/\\\/www.escolatrac.com\\\/es\\\/exposicion-alumnas-taller-gravado-en-el-espacio-mercantic-de-sant-cugat\\\/#primaryimage\",\"url\":\"https:\\\/\\\/www.escolatrac.com\\\/wp-content\\\/uploads\\\/2019\\\/10\\\/IMG-20190922-WA0002.jpg\",\"contentUrl\":\"https:\\\/\\\/www.escolatrac.com\\\/wp-content\\\/uploads\\\/2019\\\/10\\\/IMG-20190922-WA0002.jpg\",\"width\":1200,\"height\":1600,\"caption\":\"Taller Gravat Barcelona\"},{\"@type\":\"BreadcrumbList\",\"@id\":\"https:\\\/\\\/www.escolatrac.com\\\/es\\\/exposicion-alumnas-taller-gravado-en-el-espacio-mercantic-de-sant-cugat\\\/#breadcrumb\",\"itemListElement\":[{\"@type\":\"ListItem\",\"position\":1,\"name\":\"Inici\",\"item\":\"https:\\\/\\\/www.escolatrac.com\\\/es\\\/\"},{\"@type\":\"ListItem\",\"position\":2,\"name\":\"Exposici\u00f3n alumnas Taller Gravado en el espacio Mercantic de Sant Cugat\"}]},{\"@type\":\"WebSite\",\"@id\":\"https:\\\/\\\/www.escolatrac.com\\\/#website\",\"url\":\"https:\\\/\\\/www.escolatrac.com\\\/\",\"name\":\"Escola Tra\u00e7\",\"description\":\"\",\"potentialAction\":[{\"@type\":\"SearchAction\",\"target\":{\"@type\":\"EntryPoint\",\"urlTemplate\":\"https:\\\/\\\/www.escolatrac.com\\\/?s={search_term_string}\"},\"query-input\":{\"@type\":\"PropertyValueSpecification\",\"valueRequired\":true,\"valueName\":\"search_term_string\"}}],\"inLanguage\":\"es\"},{\"@type\":\"Person\",\"@id\":\"https:\\\/\\\/www.escolatrac.com\\\/#\\\/schema\\\/person\\\/5ff68b5fd673b76cf5a50abe285338ba\",\"name\":\"Rosa Martino\",\"image\":{\"@type\":\"ImageObject\",\"inLanguage\":\"es\",\"@id\":\"https:\\\/\\\/secure.gravatar.com\\\/avatar\\\/d1637a2e7e3b8daffef3fd80e3a0aa3a2eb10ed0e5e6af3ccbeb1f14c7db7d14?s=96&d=mm&r=g\",\"url\":\"https:\\\/\\\/secure.gravatar.com\\\/avatar\\\/d1637a2e7e3b8daffef3fd80e3a0aa3a2eb10ed0e5e6af3ccbeb1f14c7db7d14?s=96&d=mm&r=g\",\"contentUrl\":\"https:\\\/\\\/secure.gravatar.com\\\/avatar\\\/d1637a2e7e3b8daffef3fd80e3a0aa3a2eb10ed0e5e6af3ccbeb1f14c7db7d14?s=96&d=mm&r=g\",\"caption\":\"Rosa Martino\"},\"url\":\"https:\\\/\\\/www.escolatrac.com\\\/es\\\/author\\\/rosa\\\/\"}]}<\/script>\n<!-- \/ Yoast SEO plugin. -->","yoast_head_json":{"title":"Exposici\u00f3n alumnas Taller Gravado en el espacio Mercantic de Sant Cugat - Escola Tra\u00e7","robots":{"index":"index","follow":"follow","max-snippet":"max-snippet:-1","max-image-preview":"max-image-preview:large","max-video-preview":"max-video-preview:-1"},"canonical":"https:\/\/www.escolatrac.com\/es\/exposicion-alumnas-taller-gravado-en-el-espacio-mercantic-de-sant-cugat\/","og_locale":"es_ES","og_type":"article","og_title":"Exposici\u00f3n alumnas Taller Gravado en el espacio Mercantic de Sant Cugat - Escola Tra\u00e7","og_description":"Hasta el pr\u00f3ximo 15 de octubre las alumnas del Taller de Gravado de la Escuela y su profesora Cristina P\u00e9rez, exponen en el Mercantic de Sant Cugat , en el espacio de Lourdes Roses. No os lo perd\u00e1is","og_url":"https:\/\/www.escolatrac.com\/es\/exposicion-alumnas-taller-gravado-en-el-espacio-mercantic-de-sant-cugat\/","og_site_name":"Escola Tra\u00e7","article_published_time":"2019-10-06T06:59:55+00:00","article_modified_time":"2019-10-06T07:00:26+00:00","og_image":[{"width":1200,"height":1600,"url":"https:\/\/www.escolatrac.com\/wp-content\/uploads\/2019\/10\/IMG-20190922-WA0002.jpg","type":"image\/jpeg"}],"author":"Rosa Martino","twitter_card":"summary_large_image","twitter_misc":{"Escrito por":"Rosa Martino"},"schema":{"@context":"https:\/\/schema.org","@graph":[{"@type":"Article","@id":"https:\/\/www.escolatrac.com\/es\/exposicion-alumnas-taller-gravado-en-el-espacio-mercantic-de-sant-cugat\/#article","isPartOf":{"@id":"https:\/\/www.escolatrac.com\/es\/exposicion-alumnas-taller-gravado-en-el-espacio-mercantic-de-sant-cugat\/"},"author":{"name":"Rosa Martino","@id":"https:\/\/www.escolatrac.com\/#\/schema\/person\/5ff68b5fd673b76cf5a50abe285338ba"},"headline":"Exposici\u00f3n alumnas Taller Gravado en el espacio Mercantic de Sant Cugat","datePublished":"2019-10-06T06:59:55+00:00","dateModified":"2019-10-06T07:00:26+00:00","mainEntityOfPage":{"@id":"https:\/\/www.escolatrac.com\/es\/exposicion-alumnas-taller-gravado-en-el-espacio-mercantic-de-sant-cugat\/"},"wordCount":51,"commentCount":0,"image":{"@id":"https:\/\/www.escolatrac.com\/es\/exposicion-alumnas-taller-gravado-en-el-espacio-mercantic-de-sant-cugat\/#primaryimage"},"thumbnailUrl":"https:\/\/www.escolatrac.com\/wp-content\/uploads\/2019\/10\/IMG-20190922-WA0002.jpg","articleSection":["Uncategorized","Sin categorizar"],"inLanguage":"es","potentialAction":[{"@type":"CommentAction","name":"Comment","target":["https:\/\/www.escolatrac.com\/es\/exposicion-alumnas-taller-gravado-en-el-espacio-mercantic-de-sant-cugat\/#respond"]}]},{"@type":"WebPage","@id":"https:\/\/www.escolatrac.com\/es\/exposicion-alumnas-taller-gravado-en-el-espacio-mercantic-de-sant-cugat\/","url":"https:\/\/www.escolatrac.com\/es\/exposicion-alumnas-taller-gravado-en-el-espacio-mercantic-de-sant-cugat\/","name":"Exposici\u00f3n alumnas Taller Gravado en el espacio Mercantic de Sant Cugat - Escola Tra\u00e7","isPartOf":{"@id":"https:\/\/www.escolatrac.com\/#website"},"primaryImageOfPage":{"@id":"https:\/\/www.escolatrac.com\/es\/exposicion-alumnas-taller-gravado-en-el-espacio-mercantic-de-sant-cugat\/#primaryimage"},"image":{"@id":"https:\/\/www.escolatrac.com\/es\/exposicion-alumnas-taller-gravado-en-el-espacio-mercantic-de-sant-cugat\/#primaryimage"},"thumbnailUrl":"https:\/\/www.escolatrac.com\/wp-content\/uploads\/2019\/10\/IMG-20190922-WA0002.jpg","datePublished":"2019-10-06T06:59:55+00:00","dateModified":"2019-10-06T07:00:26+00:00","author":{"@id":"https:\/\/www.escolatrac.com\/#\/schema\/person\/5ff68b5fd673b76cf5a50abe285338ba"},"breadcrumb":{"@id":"https:\/\/www.escolatrac.com\/es\/exposicion-alumnas-taller-gravado-en-el-espacio-mercantic-de-sant-cugat\/#breadcrumb"},"inLanguage":"es","potentialAction":[{"@type":"ReadAction","target":["https:\/\/www.escolatrac.com\/es\/exposicion-alumnas-taller-gravado-en-el-espacio-mercantic-de-sant-cugat\/"]}]},{"@type":"ImageObject","inLanguage":"es","@id":"https:\/\/www.escolatrac.com\/es\/exposicion-alumnas-taller-gravado-en-el-espacio-mercantic-de-sant-cugat\/#primaryimage","url":"https:\/\/www.escolatrac.com\/wp-content\/uploads\/2019\/10\/IMG-20190922-WA0002.jpg","contentUrl":"https:\/\/www.escolatrac.com\/wp-content\/uploads\/2019\/10\/IMG-20190922-WA0002.jpg","width":1200,"height":1600,"caption":"Taller Gravat Barcelona"},{"@type":"BreadcrumbList","@id":"https:\/\/www.escolatrac.com\/es\/exposicion-alumnas-taller-gravado-en-el-espacio-mercantic-de-sant-cugat\/#breadcrumb","itemListElement":[{"@type":"ListItem","position":1,"name":"Inici","item":"https:\/\/www.escolatrac.com\/es\/"},{"@type":"ListItem","position":2,"name":"Exposici\u00f3n alumnas Taller Gravado en el espacio Mercantic de Sant Cugat"}]},{"@type":"WebSite","@id":"https:\/\/www.escolatrac.com\/#website","url":"https:\/\/www.escolatrac.com\/","name":"Escola Tra\u00e7","description":"","potentialAction":[{"@type":"SearchAction","target":{"@type":"EntryPoint","urlTemplate":"https:\/\/www.escolatrac.com\/?s={search_term_string}"},"query-input":{"@type":"PropertyValueSpecification","valueRequired":true,"valueName":"search_term_string"}}],"inLanguage":"es"},{"@type":"Person","@id":"https:\/\/www.escolatrac.com\/#\/schema\/person\/5ff68b5fd673b76cf5a50abe285338ba","name":"Rosa Martino","image":{"@type":"ImageObject","inLanguage":"es","@id":"https:\/\/secure.gravatar.com\/avatar\/d1637a2e7e3b8daffef3fd80e3a0aa3a2eb10ed0e5e6af3ccbeb1f14c7db7d14?s=96&d=mm&r=g","url":"https:\/\/secure.gravatar.com\/avatar\/d1637a2e7e3b8daffef3fd80e3a0aa3a2eb10ed0e5e6af3ccbeb1f14c7db7d14?s=96&d=mm&r=g","contentUrl":"https:\/\/secure.gravatar.com\/avatar\/d1637a2e7e3b8daffef3fd80e3a0aa3a2eb10ed0e5e6af3ccbeb1f14c7db7d14?s=96&d=mm&r=g","caption":"Rosa Martino"},"url":"https:\/\/www.escolatrac.com\/es\/author\/rosa\/"}]}},"_links":{"self":[{"href":"https:\/\/www.escolatrac.com\/es\/wp-json\/wp\/v2\/posts\/6887","targetHints":{"allow":["GET"]}}],"collection":[{"href":"https:\/\/www.escolatrac.com\/es\/wp-json\/wp\/v2\/posts"}],"about":[{"href":"https:\/\/www.escolatrac.com\/es\/wp-json\/wp\/v2\/types\/post"}],"author":[{"embeddable":true,"href":"https:\/\/www.escolatrac.com\/es\/wp-json\/wp\/v2\/users\/4"}],"replies":[{"embeddable":true,"href":"https:\/\/www.escolatrac.com\/es\/wp-json\/wp\/v2\/comments?post=6887"}],"version-history":[{"count":5,"href":"https:\/\/www.escolatrac.com\/es\/wp-json\/wp\/v2\/posts\/6887\/revisions"}],"predecessor-version":[{"id":6897,"href":"https:\/\/www.escolatrac.com\/es\/wp-json\/wp\/v2\/posts\/6887\/revisions\/6897"}],"wp:featuredmedia":[{"embeddable":true,"href":"https:\/\/www.escolatrac.com\/es\/wp-json\/wp\/v2\/media\/6882"}],"wp:attachment":[{"href":"https:\/\/www.escolatrac.com\/es\/wp-json\/wp\/v2\/media?parent=6887"}],"wp:term":[{"taxonomy":"category","embeddable":true,"href":"https:\/\/www.escolatrac.com\/es\/wp-json\/wp\/v2\/categories?post=6887"},{"taxonomy":"post_tag","embeddable":true,"href":"https:\/\/www.escolatrac.com\/es\/wp-json\/wp\/v2\/tags?post=6887"}],"curies":[{"name":"wp","href":"https:\/\/api.w.org\/{rel}","templated":true}]}}