{"id":4727,"date":"2018-03-05T18:46:59","date_gmt":"2018-03-05T18:46:59","guid":{"rendered":"http:\/\/www.escolatrac.com\/estiu-2018\/"},"modified":"2019-04-11T09:54:28","modified_gmt":"2019-04-11T09:54:28","slug":"estiu-2018","status":"publish","type":"post","link":"https:\/\/www.escolatrac.com\/es\/estiu-2018\/","title":{"rendered":"Verano 2019"},"content":{"rendered":"\n<div class=\"wp-block-columns has-2-columns is-layout-flex wp-container-core-columns-is-layout-9d6595d7 wp-block-columns-is-layout-flex\">\n<div class=\"wp-block-column is-layout-flow wp-block-column-is-layout-flow\">\n<p> Ya puede consultar los talleres y horarios que proponemos durante los intensivos de julio y septiembre. <\/p>\n\n\n\n<p><strong>Semanas del Casal de Verano 2019: <br><\/strong>\u00b7 Del 25 de Junio \u200b\u200bal 28 de Junio <br>\u00b7 Del 1 al 5 de Julio <br>\u00b7 Del 8 al 12 de Julio <br>\u00b7 Del 15 al 19 de Julio <br>\u00b7 Del 22 al 26 de Julio <br>\u00b7 Del 2 al 6 de Septiembre<\/p>\n\n\n\n<p><strong>Precios por semana:<\/strong> <br>Ma\u00f1anas de 9 a 13h: 176 euros <br>Ma\u00f1anas de 9 a 13h + Comida, juegos y actividades l\u00fadicas: 290 euros <br>Tardes de 17 a 19h: 92 euros <\/p>\n\n\n\n<p>Puede descargar la informaci\u00f3n en el siguiente <a href=\"http:\/\/www.escolatrac.com\/wp-content\/uploads\/2019\/03\/estiu_2019_web_2.pdf\" target=\"_blank\" rel=\"noreferrer noopener\" aria-label=\" (s'obre en una nova pestanya)\">PDF<\/a>.<br><\/p>\n<\/div>\n\n\n\n<div class=\"wp-block-column is-layout-flow wp-block-column-is-layout-flow\">\n  <div class=\"uk-visible-toggle uk-position-relative\" uk-slider=\"finite: true; center: true; animation: push; ratio: 16:9;\">\n    <div class=\"uk-position-relative uk-visible-toggle\" tabindex=\"-1\">\n      <ul class=\"uk-slider-items\">\n                      <li class=\"uk-width-1-1\">\n                                            \n              <div class=\"uk-flex-inline uk-flex-between uk-width-1-1\">\n                <h4 class=\"uk-h5 uk-margin-remove uk-text-muted\"><\/h4>\n                <h4 class=\"uk-h5 uk-margin-remove uk-text-muted\"><\/h4>\n              <\/div>\n            <\/li>\n                <\/ul>\n\n      <a class=\"c-slidenav uk-position-center-left uk-position-small uk-padding-small\" href=\"#\" uk-slidenav-previous uk-slider-item=\"previous\"><\/a>\n      <a class=\"c-slidenav uk-position-center-right uk-position-small uk-padding-small\" href=\"#\" uk-slidenav-next uk-slider-item=\"next\"><\/a>\n    <\/div>\n\n    <ul class=\"uk-slider-nav uk-position-bottom uk-light uk-dotnav uk-flex-center uk-margin uk-margin-large-bottom\"><\/ul>\n  <\/div>\n\n\n\n<\/div>\n<\/div>\n\n\n\n\n\n\n\n<p><\/p>\n","protected":false},"excerpt":{"rendered":"<p>Ya puede consultar los talleres y horarios que proponemos durante los intensivos de julio y septiembre. Semanas del Casal de Verano 2019: \u00b7 Del 25 de Junio \u200b\u200bal 28 de Junio \u00b7 Del 1 al 5 de Julio \u00b7 Del 8 al 12 de Julio \u00b7 Del 15 al 19 de Julio \u00b7 Del 22 &hellip; <a href=\"https:\/\/www.escolatrac.com\/es\/estiu-2018\/\">Continued<\/a><\/p>\n","protected":false},"author":3,"featured_media":2757,"comment_status":"open","ping_status":"open","sticky":false,"template":"","format":"standard","meta":{"_acf_changed":false,"footnotes":""},"categories":[41],"tags":[],"class_list":["post-4727","post","type-post","status-publish","format-standard","has-post-thumbnail","hentry","category-nens-es"],"acf":[],"yoast_head":"<!-- This site is optimized with the Yoast SEO plugin v27.3 - https:\/\/yoast.com\/product\/yoast-seo-wordpress\/ -->\n<title>Verano 2019 - Escola Tra\u00e7<\/title>\n<meta name=\"robots\" content=\"index, follow, max-snippet:-1, max-image-preview:large, max-video-preview:-1\" \/>\n<link rel=\"canonical\" href=\"https:\/\/www.escolatrac.com\/estiu-2018\/\" \/>\n<meta property=\"og:locale\" content=\"es_ES\" \/>\n<meta property=\"og:type\" content=\"article\" \/>\n<meta property=\"og:title\" content=\"Verano 2019 - Escola Tra\u00e7\" \/>\n<meta property=\"og:description\" content=\"Ya puede consultar los talleres y horarios que proponemos durante los intensivos de julio y septiembre. Semanas del Casal de Verano 2019: \u00b7 Del 25 de Junio \u200b\u200bal 28 de Junio \u00b7 Del 1 al 5 de Julio \u00b7 Del 8 al 12 de Julio \u00b7 Del 15 al 19 de Julio \u00b7 Del 22 &hellip; Continued\" \/>\n<meta property=\"og:url\" content=\"https:\/\/www.escolatrac.com\/estiu-2018\/\" \/>\n<meta property=\"og:site_name\" content=\"Escola Tra\u00e7\" \/>\n<meta property=\"article:published_time\" content=\"2018-03-05T18:46:59+00:00\" \/>\n<meta property=\"article:modified_time\" content=\"2019-04-11T09:54:28+00:00\" \/>\n<meta property=\"og:image\" content=\"https:\/\/www.escolatrac.com\/wp-content\/uploads\/2019\/02\/taller-manualitats-nens-sarria.jpg\" \/>\n\t<meta property=\"og:image:width\" content=\"1200\" \/>\n\t<meta property=\"og:image:height\" content=\"800\" \/>\n\t<meta property=\"og:image:type\" content=\"image\/jpeg\" \/>\n<meta name=\"author\" content=\"rfors\" \/>\n<meta name=\"twitter:card\" content=\"summary_large_image\" \/>\n<meta name=\"twitter:label1\" content=\"Escrito por\" \/>\n\t<meta name=\"twitter:data1\" content=\"rfors\" \/>\n<script type=\"application\/ld+json\" class=\"yoast-schema-graph\">{\"@context\":\"https:\\\/\\\/schema.org\",\"@graph\":[{\"@type\":\"Article\",\"@id\":\"https:\\\/\\\/www.escolatrac.com\\\/estiu-2018\\\/#article\",\"isPartOf\":{\"@id\":\"https:\\\/\\\/www.escolatrac.com\\\/estiu-2018\\\/\"},\"author\":{\"name\":\"rfors\",\"@id\":\"https:\\\/\\\/www.escolatrac.com\\\/#\\\/schema\\\/person\\\/1795d148c2167c827b767576a7134dce\"},\"headline\":\"Verano 2019\",\"datePublished\":\"2018-03-05T18:46:59+00:00\",\"dateModified\":\"2019-04-11T09:54:28+00:00\",\"mainEntityOfPage\":{\"@id\":\"https:\\\/\\\/www.escolatrac.com\\\/estiu-2018\\\/\"},\"wordCount\":83,\"commentCount\":0,\"image\":{\"@id\":\"https:\\\/\\\/www.escolatrac.com\\\/estiu-2018\\\/#primaryimage\"},\"thumbnailUrl\":\"https:\\\/\\\/www.escolatrac.com\\\/wp-content\\\/uploads\\\/2019\\\/02\\\/taller-manualitats-nens-sarria.jpg\",\"articleSection\":[\"Nens\"],\"inLanguage\":\"es\",\"potentialAction\":[{\"@type\":\"CommentAction\",\"name\":\"Comment\",\"target\":[\"https:\\\/\\\/www.escolatrac.com\\\/estiu-2018\\\/#respond\"]}]},{\"@type\":\"WebPage\",\"@id\":\"https:\\\/\\\/www.escolatrac.com\\\/estiu-2018\\\/\",\"url\":\"https:\\\/\\\/www.escolatrac.com\\\/estiu-2018\\\/\",\"name\":\"Verano 2019 - Escola Tra\u00e7\",\"isPartOf\":{\"@id\":\"https:\\\/\\\/www.escolatrac.com\\\/#website\"},\"primaryImageOfPage\":{\"@id\":\"https:\\\/\\\/www.escolatrac.com\\\/estiu-2018\\\/#primaryimage\"},\"image\":{\"@id\":\"https:\\\/\\\/www.escolatrac.com\\\/estiu-2018\\\/#primaryimage\"},\"thumbnailUrl\":\"https:\\\/\\\/www.escolatrac.com\\\/wp-content\\\/uploads\\\/2019\\\/02\\\/taller-manualitats-nens-sarria.jpg\",\"datePublished\":\"2018-03-05T18:46:59+00:00\",\"dateModified\":\"2019-04-11T09:54:28+00:00\",\"author\":{\"@id\":\"https:\\\/\\\/www.escolatrac.com\\\/#\\\/schema\\\/person\\\/1795d148c2167c827b767576a7134dce\"},\"breadcrumb\":{\"@id\":\"https:\\\/\\\/www.escolatrac.com\\\/estiu-2018\\\/#breadcrumb\"},\"inLanguage\":\"es\",\"potentialAction\":[{\"@type\":\"ReadAction\",\"target\":[\"https:\\\/\\\/www.escolatrac.com\\\/estiu-2018\\\/\"]}]},{\"@type\":\"ImageObject\",\"inLanguage\":\"es\",\"@id\":\"https:\\\/\\\/www.escolatrac.com\\\/estiu-2018\\\/#primaryimage\",\"url\":\"https:\\\/\\\/www.escolatrac.com\\\/wp-content\\\/uploads\\\/2019\\\/02\\\/taller-manualitats-nens-sarria.jpg\",\"contentUrl\":\"https:\\\/\\\/www.escolatrac.com\\\/wp-content\\\/uploads\\\/2019\\\/02\\\/taller-manualitats-nens-sarria.jpg\",\"width\":1200,\"height\":800},{\"@type\":\"BreadcrumbList\",\"@id\":\"https:\\\/\\\/www.escolatrac.com\\\/estiu-2018\\\/#breadcrumb\",\"itemListElement\":[{\"@type\":\"ListItem\",\"position\":1,\"name\":\"Inici\",\"item\":\"https:\\\/\\\/www.escolatrac.com\\\/es\\\/\"},{\"@type\":\"ListItem\",\"position\":2,\"name\":\"Verano 2019\"}]},{\"@type\":\"WebSite\",\"@id\":\"https:\\\/\\\/www.escolatrac.com\\\/#website\",\"url\":\"https:\\\/\\\/www.escolatrac.com\\\/\",\"name\":\"Escola Tra\u00e7\",\"description\":\"\",\"potentialAction\":[{\"@type\":\"SearchAction\",\"target\":{\"@type\":\"EntryPoint\",\"urlTemplate\":\"https:\\\/\\\/www.escolatrac.com\\\/?s={search_term_string}\"},\"query-input\":{\"@type\":\"PropertyValueSpecification\",\"valueRequired\":true,\"valueName\":\"search_term_string\"}}],\"inLanguage\":\"es\"},{\"@type\":\"Person\",\"@id\":\"https:\\\/\\\/www.escolatrac.com\\\/#\\\/schema\\\/person\\\/1795d148c2167c827b767576a7134dce\",\"name\":\"rfors\",\"image\":{\"@type\":\"ImageObject\",\"inLanguage\":\"es\",\"@id\":\"https:\\\/\\\/secure.gravatar.com\\\/avatar\\\/92e166dcc6090229c05d6ed34fabce33ac824a8f99469db14e760fc5cbddd0a8?s=96&d=mm&r=g\",\"url\":\"https:\\\/\\\/secure.gravatar.com\\\/avatar\\\/92e166dcc6090229c05d6ed34fabce33ac824a8f99469db14e760fc5cbddd0a8?s=96&d=mm&r=g\",\"contentUrl\":\"https:\\\/\\\/secure.gravatar.com\\\/avatar\\\/92e166dcc6090229c05d6ed34fabce33ac824a8f99469db14e760fc5cbddd0a8?s=96&d=mm&r=g\",\"caption\":\"rfors\"},\"url\":\"https:\\\/\\\/www.escolatrac.com\\\/es\\\/author\\\/rfors\\\/\"}]}<\/script>\n<!-- \/ Yoast SEO plugin. -->","yoast_head_json":{"title":"Verano 2019 - Escola Tra\u00e7","robots":{"index":"index","follow":"follow","max-snippet":"max-snippet:-1","max-image-preview":"max-image-preview:large","max-video-preview":"max-video-preview:-1"},"canonical":"https:\/\/www.escolatrac.com\/estiu-2018\/","og_locale":"es_ES","og_type":"article","og_title":"Verano 2019 - Escola Tra\u00e7","og_description":"Ya puede consultar los talleres y horarios que proponemos durante los intensivos de julio y septiembre. Semanas del Casal de Verano 2019: \u00b7 Del 25 de Junio \u200b\u200bal 28 de Junio \u00b7 Del 1 al 5 de Julio \u00b7 Del 8 al 12 de Julio \u00b7 Del 15 al 19 de Julio \u00b7 Del 22 &hellip; Continued","og_url":"https:\/\/www.escolatrac.com\/estiu-2018\/","og_site_name":"Escola Tra\u00e7","article_published_time":"2018-03-05T18:46:59+00:00","article_modified_time":"2019-04-11T09:54:28+00:00","og_image":[{"width":1200,"height":800,"url":"https:\/\/www.escolatrac.com\/wp-content\/uploads\/2019\/02\/taller-manualitats-nens-sarria.jpg","type":"image\/jpeg"}],"author":"rfors","twitter_card":"summary_large_image","twitter_misc":{"Escrito por":"rfors"},"schema":{"@context":"https:\/\/schema.org","@graph":[{"@type":"Article","@id":"https:\/\/www.escolatrac.com\/estiu-2018\/#article","isPartOf":{"@id":"https:\/\/www.escolatrac.com\/estiu-2018\/"},"author":{"name":"rfors","@id":"https:\/\/www.escolatrac.com\/#\/schema\/person\/1795d148c2167c827b767576a7134dce"},"headline":"Verano 2019","datePublished":"2018-03-05T18:46:59+00:00","dateModified":"2019-04-11T09:54:28+00:00","mainEntityOfPage":{"@id":"https:\/\/www.escolatrac.com\/estiu-2018\/"},"wordCount":83,"commentCount":0,"image":{"@id":"https:\/\/www.escolatrac.com\/estiu-2018\/#primaryimage"},"thumbnailUrl":"https:\/\/www.escolatrac.com\/wp-content\/uploads\/2019\/02\/taller-manualitats-nens-sarria.jpg","articleSection":["Nens"],"inLanguage":"es","potentialAction":[{"@type":"CommentAction","name":"Comment","target":["https:\/\/www.escolatrac.com\/estiu-2018\/#respond"]}]},{"@type":"WebPage","@id":"https:\/\/www.escolatrac.com\/estiu-2018\/","url":"https:\/\/www.escolatrac.com\/estiu-2018\/","name":"Verano 2019 - Escola Tra\u00e7","isPartOf":{"@id":"https:\/\/www.escolatrac.com\/#website"},"primaryImageOfPage":{"@id":"https:\/\/www.escolatrac.com\/estiu-2018\/#primaryimage"},"image":{"@id":"https:\/\/www.escolatrac.com\/estiu-2018\/#primaryimage"},"thumbnailUrl":"https:\/\/www.escolatrac.com\/wp-content\/uploads\/2019\/02\/taller-manualitats-nens-sarria.jpg","datePublished":"2018-03-05T18:46:59+00:00","dateModified":"2019-04-11T09:54:28+00:00","author":{"@id":"https:\/\/www.escolatrac.com\/#\/schema\/person\/1795d148c2167c827b767576a7134dce"},"breadcrumb":{"@id":"https:\/\/www.escolatrac.com\/estiu-2018\/#breadcrumb"},"inLanguage":"es","potentialAction":[{"@type":"ReadAction","target":["https:\/\/www.escolatrac.com\/estiu-2018\/"]}]},{"@type":"ImageObject","inLanguage":"es","@id":"https:\/\/www.escolatrac.com\/estiu-2018\/#primaryimage","url":"https:\/\/www.escolatrac.com\/wp-content\/uploads\/2019\/02\/taller-manualitats-nens-sarria.jpg","contentUrl":"https:\/\/www.escolatrac.com\/wp-content\/uploads\/2019\/02\/taller-manualitats-nens-sarria.jpg","width":1200,"height":800},{"@type":"BreadcrumbList","@id":"https:\/\/www.escolatrac.com\/estiu-2018\/#breadcrumb","itemListElement":[{"@type":"ListItem","position":1,"name":"Inici","item":"https:\/\/www.escolatrac.com\/es\/"},{"@type":"ListItem","position":2,"name":"Verano 2019"}]},{"@type":"WebSite","@id":"https:\/\/www.escolatrac.com\/#website","url":"https:\/\/www.escolatrac.com\/","name":"Escola Tra\u00e7","description":"","potentialAction":[{"@type":"SearchAction","target":{"@type":"EntryPoint","urlTemplate":"https:\/\/www.escolatrac.com\/?s={search_term_string}"},"query-input":{"@type":"PropertyValueSpecification","valueRequired":true,"valueName":"search_term_string"}}],"inLanguage":"es"},{"@type":"Person","@id":"https:\/\/www.escolatrac.com\/#\/schema\/person\/1795d148c2167c827b767576a7134dce","name":"rfors","image":{"@type":"ImageObject","inLanguage":"es","@id":"https:\/\/secure.gravatar.com\/avatar\/92e166dcc6090229c05d6ed34fabce33ac824a8f99469db14e760fc5cbddd0a8?s=96&d=mm&r=g","url":"https:\/\/secure.gravatar.com\/avatar\/92e166dcc6090229c05d6ed34fabce33ac824a8f99469db14e760fc5cbddd0a8?s=96&d=mm&r=g","contentUrl":"https:\/\/secure.gravatar.com\/avatar\/92e166dcc6090229c05d6ed34fabce33ac824a8f99469db14e760fc5cbddd0a8?s=96&d=mm&r=g","caption":"rfors"},"url":"https:\/\/www.escolatrac.com\/es\/author\/rfors\/"}]}},"_links":{"self":[{"href":"https:\/\/www.escolatrac.com\/es\/wp-json\/wp\/v2\/posts\/4727","targetHints":{"allow":["GET"]}}],"collection":[{"href":"https:\/\/www.escolatrac.com\/es\/wp-json\/wp\/v2\/posts"}],"about":[{"href":"https:\/\/www.escolatrac.com\/es\/wp-json\/wp\/v2\/types\/post"}],"author":[{"embeddable":true,"href":"https:\/\/www.escolatrac.com\/es\/wp-json\/wp\/v2\/users\/3"}],"replies":[{"embeddable":true,"href":"https:\/\/www.escolatrac.com\/es\/wp-json\/wp\/v2\/comments?post=4727"}],"version-history":[{"count":5,"href":"https:\/\/www.escolatrac.com\/es\/wp-json\/wp\/v2\/posts\/4727\/revisions"}],"predecessor-version":[{"id":4970,"href":"https:\/\/www.escolatrac.com\/es\/wp-json\/wp\/v2\/posts\/4727\/revisions\/4970"}],"wp:featuredmedia":[{"embeddable":true,"href":"https:\/\/www.escolatrac.com\/es\/wp-json\/wp\/v2\/media\/2757"}],"wp:attachment":[{"href":"https:\/\/www.escolatrac.com\/es\/wp-json\/wp\/v2\/media?parent=4727"}],"wp:term":[{"taxonomy":"category","embeddable":true,"href":"https:\/\/www.escolatrac.com\/es\/wp-json\/wp\/v2\/categories?post=4727"},{"taxonomy":"post_tag","embeddable":true,"href":"https:\/\/www.escolatrac.com\/es\/wp-json\/wp\/v2\/tags?post=4727"}],"curies":[{"name":"wp","href":"https:\/\/api.w.org\/{rel}","templated":true}]}}