{"id":4692,"date":"2014-03-10T17:39:19","date_gmt":"2014-03-10T17:39:19","guid":{"rendered":"http:\/\/www.escolatrac.com\/llibre-exposicio-blanc-de-guix\/"},"modified":"2019-04-08T11:30:42","modified_gmt":"2019-04-08T11:30:42","slug":"llibre-exposicio-blanc-de-guix","status":"publish","type":"post","link":"https:\/\/www.escolatrac.com\/es\/llibre-exposicio-blanc-de-guix\/","title":{"rendered":"Libro exposici\u00f3n Blanc de guix"},"content":{"rendered":"\n<div class=\"wp-block-columns has-2-columns is-layout-flex wp-container-core-columns-is-layout-9d6595d7 wp-block-columns-is-layout-flex\">\n<div class=\"wp-block-column is-layout-flow wp-block-column-is-layout-flow\">\n<p>Ya pod\u00e9is gozar de nuestro nuevo libro de la exposici\u00f3n actual: Blanc de guix. El libro se puede consultar en la secretaria del Tra\u00e7 o en formato digital al link:<br><a href=\"http:\/\/www.escolatrac.com\/publicacions\/llibre-i-revista\/blanc-de-guix\">http:\/\/www.escolatrac.com\/publicacions\/llibre-i-revista\/blanc-de-guix<\/a><\/p>\n<\/div>\n\n\n\n<div class=\"wp-block-column is-layout-flow wp-block-column-is-layout-flow\">\n  <div class=\"uk-visible-toggle uk-position-relative\" uk-slider=\"finite: true; center: true; animation: push; ratio: 16:9;\">\n    <div class=\"uk-position-relative uk-visible-toggle\" tabindex=\"-1\">\n      <ul class=\"uk-slider-items\">\n                      <li class=\"uk-width-1-1\">\n                              <img decoding=\"async\" width=\"768\" height=\"576\" src=\"https:\/\/www.escolatrac.com\/wp-content\/uploads\/2019\/03\/img_9660_1-scaled.jpg\" class=\"attachment-large size-large lazyload\" alt=\"\" data-size=\"auto\" data-src=\"https:\/\/www.escolatrac.com\/wp-content\/uploads\/2019\/03\/img_9660_1-scaled.jpg\" \/>              \n              <div class=\"uk-flex-inline uk-flex-between uk-width-1-1\">\n                <h4 class=\"uk-h5 uk-margin-remove uk-text-muted\"><\/h4>\n                <h4 class=\"uk-h5 uk-margin-remove uk-text-muted\"><\/h4>\n              <\/div>\n            <\/li>\n                <\/ul>\n\n      <a class=\"c-slidenav uk-position-center-left uk-position-small uk-padding-small\" href=\"#\" uk-slidenav-previous uk-slider-item=\"previous\"><\/a>\n      <a class=\"c-slidenav uk-position-center-right uk-position-small uk-padding-small\" href=\"#\" uk-slidenav-next uk-slider-item=\"next\"><\/a>\n    <\/div>\n\n    <ul class=\"uk-slider-nav uk-position-bottom uk-light uk-dotnav uk-flex-center uk-margin uk-margin-large-bottom\"><\/ul>\n  <\/div>\n\n\n\n<\/div>\n<\/div>\n\n\n\n\n","protected":false},"excerpt":{"rendered":"<p>Ya pod\u00e9is gozar de nuestro nuevo libro de la exposici\u00f3n actual: Blanc de guix. El libro se puede consultar en la secretaria del Tra\u00e7 o en formato digital al link:http:\/\/www.escolatrac.com\/publicacions\/llibre-i-revista\/blanc-de-guix<\/p>\n","protected":false},"author":3,"featured_media":3385,"comment_status":"open","ping_status":"open","sticky":false,"template":"","format":"standard","meta":{"_acf_changed":false,"footnotes":""},"categories":[41],"tags":[],"class_list":["post-4692","post","type-post","status-publish","format-standard","has-post-thumbnail","hentry","category-nens-es"],"acf":[],"yoast_head":"<!-- This site is optimized with the Yoast SEO plugin v27.3 - https:\/\/yoast.com\/product\/yoast-seo-wordpress\/ -->\n<title>Libro exposici\u00f3n Blanc de guix - Escola Tra\u00e7<\/title>\n<meta name=\"robots\" content=\"index, follow, max-snippet:-1, max-image-preview:large, max-video-preview:-1\" \/>\n<link rel=\"canonical\" href=\"https:\/\/www.escolatrac.com\/llibre-exposicio-blanc-de-guix\/\" \/>\n<meta property=\"og:locale\" content=\"es_ES\" \/>\n<meta property=\"og:type\" content=\"article\" \/>\n<meta property=\"og:title\" content=\"Libro exposici\u00f3n Blanc de guix - Escola Tra\u00e7\" \/>\n<meta property=\"og:description\" content=\"Ya pod\u00e9is gozar de nuestro nuevo libro de la exposici\u00f3n actual: Blanc de guix. El libro se puede consultar en la secretaria del Tra\u00e7 o en formato digital al link:http:\/\/www.escolatrac.com\/publicacions\/llibre-i-revista\/blanc-de-guix\" \/>\n<meta property=\"og:url\" content=\"https:\/\/www.escolatrac.com\/llibre-exposicio-blanc-de-guix\/\" \/>\n<meta property=\"og:site_name\" content=\"Escola Tra\u00e7\" \/>\n<meta property=\"article:published_time\" content=\"2014-03-10T17:39:19+00:00\" \/>\n<meta property=\"article:modified_time\" content=\"2019-04-08T11:30:42+00:00\" \/>\n<meta property=\"og:image\" content=\"https:\/\/www.escolatrac.com\/wp-content\/uploads\/2019\/03\/img_9660_0.jpg\" \/>\n\t<meta property=\"og:image:width\" content=\"610\" \/>\n\t<meta property=\"og:image:height\" content=\"335\" \/>\n\t<meta property=\"og:image:type\" content=\"image\/jpeg\" \/>\n<meta name=\"author\" content=\"rfors\" \/>\n<meta name=\"twitter:card\" content=\"summary_large_image\" \/>\n<meta name=\"twitter:label1\" content=\"Escrito por\" \/>\n\t<meta name=\"twitter:data1\" content=\"rfors\" \/>\n<script type=\"application\/ld+json\" class=\"yoast-schema-graph\">{\"@context\":\"https:\\\/\\\/schema.org\",\"@graph\":[{\"@type\":\"Article\",\"@id\":\"https:\\\/\\\/www.escolatrac.com\\\/llibre-exposicio-blanc-de-guix\\\/#article\",\"isPartOf\":{\"@id\":\"https:\\\/\\\/www.escolatrac.com\\\/llibre-exposicio-blanc-de-guix\\\/\"},\"author\":{\"name\":\"rfors\",\"@id\":\"https:\\\/\\\/www.escolatrac.com\\\/#\\\/schema\\\/person\\\/1795d148c2167c827b767576a7134dce\"},\"headline\":\"Libro exposici\u00f3n Blanc de guix\",\"datePublished\":\"2014-03-10T17:39:19+00:00\",\"dateModified\":\"2019-04-08T11:30:42+00:00\",\"mainEntityOfPage\":{\"@id\":\"https:\\\/\\\/www.escolatrac.com\\\/llibre-exposicio-blanc-de-guix\\\/\"},\"wordCount\":45,\"commentCount\":0,\"image\":{\"@id\":\"https:\\\/\\\/www.escolatrac.com\\\/llibre-exposicio-blanc-de-guix\\\/#primaryimage\"},\"thumbnailUrl\":\"https:\\\/\\\/www.escolatrac.com\\\/wp-content\\\/uploads\\\/2019\\\/03\\\/img_9660_0.jpg\",\"articleSection\":[\"Nens\"],\"inLanguage\":\"es\",\"potentialAction\":[{\"@type\":\"CommentAction\",\"name\":\"Comment\",\"target\":[\"https:\\\/\\\/www.escolatrac.com\\\/llibre-exposicio-blanc-de-guix\\\/#respond\"]}]},{\"@type\":\"WebPage\",\"@id\":\"https:\\\/\\\/www.escolatrac.com\\\/llibre-exposicio-blanc-de-guix\\\/\",\"url\":\"https:\\\/\\\/www.escolatrac.com\\\/llibre-exposicio-blanc-de-guix\\\/\",\"name\":\"Libro exposici\u00f3n Blanc de guix - Escola Tra\u00e7\",\"isPartOf\":{\"@id\":\"https:\\\/\\\/www.escolatrac.com\\\/#website\"},\"primaryImageOfPage\":{\"@id\":\"https:\\\/\\\/www.escolatrac.com\\\/llibre-exposicio-blanc-de-guix\\\/#primaryimage\"},\"image\":{\"@id\":\"https:\\\/\\\/www.escolatrac.com\\\/llibre-exposicio-blanc-de-guix\\\/#primaryimage\"},\"thumbnailUrl\":\"https:\\\/\\\/www.escolatrac.com\\\/wp-content\\\/uploads\\\/2019\\\/03\\\/img_9660_0.jpg\",\"datePublished\":\"2014-03-10T17:39:19+00:00\",\"dateModified\":\"2019-04-08T11:30:42+00:00\",\"author\":{\"@id\":\"https:\\\/\\\/www.escolatrac.com\\\/#\\\/schema\\\/person\\\/1795d148c2167c827b767576a7134dce\"},\"breadcrumb\":{\"@id\":\"https:\\\/\\\/www.escolatrac.com\\\/llibre-exposicio-blanc-de-guix\\\/#breadcrumb\"},\"inLanguage\":\"es\",\"potentialAction\":[{\"@type\":\"ReadAction\",\"target\":[\"https:\\\/\\\/www.escolatrac.com\\\/llibre-exposicio-blanc-de-guix\\\/\"]}]},{\"@type\":\"ImageObject\",\"inLanguage\":\"es\",\"@id\":\"https:\\\/\\\/www.escolatrac.com\\\/llibre-exposicio-blanc-de-guix\\\/#primaryimage\",\"url\":\"https:\\\/\\\/www.escolatrac.com\\\/wp-content\\\/uploads\\\/2019\\\/03\\\/img_9660_0.jpg\",\"contentUrl\":\"https:\\\/\\\/www.escolatrac.com\\\/wp-content\\\/uploads\\\/2019\\\/03\\\/img_9660_0.jpg\",\"width\":610,\"height\":335},{\"@type\":\"BreadcrumbList\",\"@id\":\"https:\\\/\\\/www.escolatrac.com\\\/llibre-exposicio-blanc-de-guix\\\/#breadcrumb\",\"itemListElement\":[{\"@type\":\"ListItem\",\"position\":1,\"name\":\"Inici\",\"item\":\"https:\\\/\\\/www.escolatrac.com\\\/es\\\/\"},{\"@type\":\"ListItem\",\"position\":2,\"name\":\"Libro exposici\u00f3n Blanc de guix\"}]},{\"@type\":\"WebSite\",\"@id\":\"https:\\\/\\\/www.escolatrac.com\\\/#website\",\"url\":\"https:\\\/\\\/www.escolatrac.com\\\/\",\"name\":\"Escola Tra\u00e7\",\"description\":\"\",\"potentialAction\":[{\"@type\":\"SearchAction\",\"target\":{\"@type\":\"EntryPoint\",\"urlTemplate\":\"https:\\\/\\\/www.escolatrac.com\\\/?s={search_term_string}\"},\"query-input\":{\"@type\":\"PropertyValueSpecification\",\"valueRequired\":true,\"valueName\":\"search_term_string\"}}],\"inLanguage\":\"es\"},{\"@type\":\"Person\",\"@id\":\"https:\\\/\\\/www.escolatrac.com\\\/#\\\/schema\\\/person\\\/1795d148c2167c827b767576a7134dce\",\"name\":\"rfors\",\"image\":{\"@type\":\"ImageObject\",\"inLanguage\":\"es\",\"@id\":\"https:\\\/\\\/secure.gravatar.com\\\/avatar\\\/92e166dcc6090229c05d6ed34fabce33ac824a8f99469db14e760fc5cbddd0a8?s=96&d=mm&r=g\",\"url\":\"https:\\\/\\\/secure.gravatar.com\\\/avatar\\\/92e166dcc6090229c05d6ed34fabce33ac824a8f99469db14e760fc5cbddd0a8?s=96&d=mm&r=g\",\"contentUrl\":\"https:\\\/\\\/secure.gravatar.com\\\/avatar\\\/92e166dcc6090229c05d6ed34fabce33ac824a8f99469db14e760fc5cbddd0a8?s=96&d=mm&r=g\",\"caption\":\"rfors\"},\"url\":\"https:\\\/\\\/www.escolatrac.com\\\/es\\\/author\\\/rfors\\\/\"}]}<\/script>\n<!-- \/ Yoast SEO plugin. -->","yoast_head_json":{"title":"Libro exposici\u00f3n Blanc de guix - Escola Tra\u00e7","robots":{"index":"index","follow":"follow","max-snippet":"max-snippet:-1","max-image-preview":"max-image-preview:large","max-video-preview":"max-video-preview:-1"},"canonical":"https:\/\/www.escolatrac.com\/llibre-exposicio-blanc-de-guix\/","og_locale":"es_ES","og_type":"article","og_title":"Libro exposici\u00f3n Blanc de guix - Escola Tra\u00e7","og_description":"Ya pod\u00e9is gozar de nuestro nuevo libro de la exposici\u00f3n actual: Blanc de guix. El libro se puede consultar en la secretaria del Tra\u00e7 o en formato digital al link:http:\/\/www.escolatrac.com\/publicacions\/llibre-i-revista\/blanc-de-guix","og_url":"https:\/\/www.escolatrac.com\/llibre-exposicio-blanc-de-guix\/","og_site_name":"Escola Tra\u00e7","article_published_time":"2014-03-10T17:39:19+00:00","article_modified_time":"2019-04-08T11:30:42+00:00","og_image":[{"width":610,"height":335,"url":"https:\/\/www.escolatrac.com\/wp-content\/uploads\/2019\/03\/img_9660_0.jpg","type":"image\/jpeg"}],"author":"rfors","twitter_card":"summary_large_image","twitter_misc":{"Escrito por":"rfors"},"schema":{"@context":"https:\/\/schema.org","@graph":[{"@type":"Article","@id":"https:\/\/www.escolatrac.com\/llibre-exposicio-blanc-de-guix\/#article","isPartOf":{"@id":"https:\/\/www.escolatrac.com\/llibre-exposicio-blanc-de-guix\/"},"author":{"name":"rfors","@id":"https:\/\/www.escolatrac.com\/#\/schema\/person\/1795d148c2167c827b767576a7134dce"},"headline":"Libro exposici\u00f3n Blanc de guix","datePublished":"2014-03-10T17:39:19+00:00","dateModified":"2019-04-08T11:30:42+00:00","mainEntityOfPage":{"@id":"https:\/\/www.escolatrac.com\/llibre-exposicio-blanc-de-guix\/"},"wordCount":45,"commentCount":0,"image":{"@id":"https:\/\/www.escolatrac.com\/llibre-exposicio-blanc-de-guix\/#primaryimage"},"thumbnailUrl":"https:\/\/www.escolatrac.com\/wp-content\/uploads\/2019\/03\/img_9660_0.jpg","articleSection":["Nens"],"inLanguage":"es","potentialAction":[{"@type":"CommentAction","name":"Comment","target":["https:\/\/www.escolatrac.com\/llibre-exposicio-blanc-de-guix\/#respond"]}]},{"@type":"WebPage","@id":"https:\/\/www.escolatrac.com\/llibre-exposicio-blanc-de-guix\/","url":"https:\/\/www.escolatrac.com\/llibre-exposicio-blanc-de-guix\/","name":"Libro exposici\u00f3n Blanc de guix - Escola Tra\u00e7","isPartOf":{"@id":"https:\/\/www.escolatrac.com\/#website"},"primaryImageOfPage":{"@id":"https:\/\/www.escolatrac.com\/llibre-exposicio-blanc-de-guix\/#primaryimage"},"image":{"@id":"https:\/\/www.escolatrac.com\/llibre-exposicio-blanc-de-guix\/#primaryimage"},"thumbnailUrl":"https:\/\/www.escolatrac.com\/wp-content\/uploads\/2019\/03\/img_9660_0.jpg","datePublished":"2014-03-10T17:39:19+00:00","dateModified":"2019-04-08T11:30:42+00:00","author":{"@id":"https:\/\/www.escolatrac.com\/#\/schema\/person\/1795d148c2167c827b767576a7134dce"},"breadcrumb":{"@id":"https:\/\/www.escolatrac.com\/llibre-exposicio-blanc-de-guix\/#breadcrumb"},"inLanguage":"es","potentialAction":[{"@type":"ReadAction","target":["https:\/\/www.escolatrac.com\/llibre-exposicio-blanc-de-guix\/"]}]},{"@type":"ImageObject","inLanguage":"es","@id":"https:\/\/www.escolatrac.com\/llibre-exposicio-blanc-de-guix\/#primaryimage","url":"https:\/\/www.escolatrac.com\/wp-content\/uploads\/2019\/03\/img_9660_0.jpg","contentUrl":"https:\/\/www.escolatrac.com\/wp-content\/uploads\/2019\/03\/img_9660_0.jpg","width":610,"height":335},{"@type":"BreadcrumbList","@id":"https:\/\/www.escolatrac.com\/llibre-exposicio-blanc-de-guix\/#breadcrumb","itemListElement":[{"@type":"ListItem","position":1,"name":"Inici","item":"https:\/\/www.escolatrac.com\/es\/"},{"@type":"ListItem","position":2,"name":"Libro exposici\u00f3n Blanc de guix"}]},{"@type":"WebSite","@id":"https:\/\/www.escolatrac.com\/#website","url":"https:\/\/www.escolatrac.com\/","name":"Escola Tra\u00e7","description":"","potentialAction":[{"@type":"SearchAction","target":{"@type":"EntryPoint","urlTemplate":"https:\/\/www.escolatrac.com\/?s={search_term_string}"},"query-input":{"@type":"PropertyValueSpecification","valueRequired":true,"valueName":"search_term_string"}}],"inLanguage":"es"},{"@type":"Person","@id":"https:\/\/www.escolatrac.com\/#\/schema\/person\/1795d148c2167c827b767576a7134dce","name":"rfors","image":{"@type":"ImageObject","inLanguage":"es","@id":"https:\/\/secure.gravatar.com\/avatar\/92e166dcc6090229c05d6ed34fabce33ac824a8f99469db14e760fc5cbddd0a8?s=96&d=mm&r=g","url":"https:\/\/secure.gravatar.com\/avatar\/92e166dcc6090229c05d6ed34fabce33ac824a8f99469db14e760fc5cbddd0a8?s=96&d=mm&r=g","contentUrl":"https:\/\/secure.gravatar.com\/avatar\/92e166dcc6090229c05d6ed34fabce33ac824a8f99469db14e760fc5cbddd0a8?s=96&d=mm&r=g","caption":"rfors"},"url":"https:\/\/www.escolatrac.com\/es\/author\/rfors\/"}]}},"_links":{"self":[{"href":"https:\/\/www.escolatrac.com\/es\/wp-json\/wp\/v2\/posts\/4692","targetHints":{"allow":["GET"]}}],"collection":[{"href":"https:\/\/www.escolatrac.com\/es\/wp-json\/wp\/v2\/posts"}],"about":[{"href":"https:\/\/www.escolatrac.com\/es\/wp-json\/wp\/v2\/types\/post"}],"author":[{"embeddable":true,"href":"https:\/\/www.escolatrac.com\/es\/wp-json\/wp\/v2\/users\/3"}],"replies":[{"embeddable":true,"href":"https:\/\/www.escolatrac.com\/es\/wp-json\/wp\/v2\/comments?post=4692"}],"version-history":[{"count":2,"href":"https:\/\/www.escolatrac.com\/es\/wp-json\/wp\/v2\/posts\/4692\/revisions"}],"predecessor-version":[{"id":4694,"href":"https:\/\/www.escolatrac.com\/es\/wp-json\/wp\/v2\/posts\/4692\/revisions\/4694"}],"wp:featuredmedia":[{"embeddable":true,"href":"https:\/\/www.escolatrac.com\/es\/wp-json\/wp\/v2\/media\/3385"}],"wp:attachment":[{"href":"https:\/\/www.escolatrac.com\/es\/wp-json\/wp\/v2\/media?parent=4692"}],"wp:term":[{"taxonomy":"category","embeddable":true,"href":"https:\/\/www.escolatrac.com\/es\/wp-json\/wp\/v2\/categories?post=4692"},{"taxonomy":"post_tag","embeddable":true,"href":"https:\/\/www.escolatrac.com\/es\/wp-json\/wp\/v2\/tags?post=4692"}],"curies":[{"name":"wp","href":"https:\/\/api.w.org\/{rel}","templated":true}]}}