{"id":20483,"date":"2025-03-07T12:41:12","date_gmt":"2025-03-07T11:41:12","guid":{"rendered":"https:\/\/www.escolatrac.com\/?p=20483"},"modified":"2025-03-07T13:00:05","modified_gmt":"2025-03-07T12:00:05","slug":"instal%c2%b7lacio-col%c2%b7lectiva-participativa-pels-50-anys","status":"publish","type":"post","link":"https:\/\/www.escolatrac.com\/es\/instal%c2%b7lacio-col%c2%b7lectiva-participativa-pels-50-anys\/","title":{"rendered":"INSTAL\u00b7LACI\u00d3 COL\u00b7LECTIVA PARTICIPATIVA PELS 50 ANYS."},"content":{"rendered":"\n<div class=\"wp-block-columns is-layout-flex wp-container-core-columns-is-layout-9d6595d7 wp-block-columns-is-layout-flex\">\n<div class=\"wp-block-column is-layout-flow wp-block-column-is-layout-flow\">\n<p>50 anys de Tra\u00e7 \u00e9s una celebraci\u00f3 especial. S\u00f3n un c\u00famul de molts petits i grans moments viscuts i d&#8217;experi\u00e8ncies compartides.<\/p>\n\n\n\n<p>Volem copsar-ho en una instal\u00b7laci\u00f3 art\u00edstica col\u00b7lectiva on tothom pugui participar.<\/p>\n\n\n\n<p>Us demanem que, sobre el suport que us donem, plasmeu el que representi el Tra\u00e7 per vosaltres, una imatge, una paraula, una sensaci\u00f3, \u2026 el que us suggereixi, utilitzant la t\u00e8cnica o material que preferiu.<\/p>\n\n\n\n<p><strong>Data m\u00e0xima d&#8217;entrega: 7 abril<\/strong><\/p>\n\n\n\n<p><strong>Podreu veure el resultat el dissabte 26 abril.<\/strong><\/p>\n<\/div>\n\n\n\n<div class=\"wp-block-column is-layout-flow wp-block-column-is-layout-flow\">\n\n\n\n<\/div>\n<\/div>\n\n\n\n\n\n\n\n<p><\/p>\n","protected":false},"excerpt":{"rendered":"<p>50 anys de Tra\u00e7 \u00e9s una celebraci\u00f3 especial. S\u00f3n un c\u00famul de molts petits i grans moments viscuts i d&#8217;experi\u00e8ncies compartides. Volem copsar-ho en una instal\u00b7laci\u00f3 art\u00edstica col\u00b7lectiva on tothom pugui participar. Us demanem que, sobre el suport que us donem, plasmeu el que representi el Tra\u00e7 per vosaltres, una imatge, una paraula, una sensaci\u00f3, &hellip; <a href=\"https:\/\/www.escolatrac.com\/es\/instal%c2%b7lacio-col%c2%b7lectiva-participativa-pels-50-anys\/\">Continued<\/a><\/p>\n","protected":false},"author":5,"featured_media":20484,"comment_status":"open","ping_status":"open","sticky":false,"template":"","format":"standard","meta":{"_acf_changed":false,"footnotes":""},"categories":[15],"tags":[],"class_list":["post-20483","post","type-post","status-publish","format-standard","has-post-thumbnail","hentry","category-sin-categorizar"],"acf":[],"yoast_head":"<!-- This site is optimized with the Yoast SEO plugin v27.3 - https:\/\/yoast.com\/product\/yoast-seo-wordpress\/ -->\n<title>INSTAL\u00b7LACI\u00d3 COL\u00b7LECTIVA PARTICIPATIVA PELS 50 ANYS. - Escola Tra\u00e7<\/title>\n<meta name=\"robots\" content=\"index, follow, max-snippet:-1, max-image-preview:large, max-video-preview:-1\" \/>\n<link rel=\"canonical\" href=\"https:\/\/www.escolatrac.com\/es\/instal\u00b7lacio-col\u00b7lectiva-participativa-pels-50-anys\/\" \/>\n<meta property=\"og:locale\" content=\"es_ES\" \/>\n<meta property=\"og:type\" content=\"article\" \/>\n<meta property=\"og:title\" content=\"INSTAL\u00b7LACI\u00d3 COL\u00b7LECTIVA PARTICIPATIVA PELS 50 ANYS. - Escola Tra\u00e7\" \/>\n<meta property=\"og:description\" content=\"50 anys de Tra\u00e7 \u00e9s una celebraci\u00f3 especial. S\u00f3n un c\u00famul de molts petits i grans moments viscuts i d&#8217;experi\u00e8ncies compartides. Volem copsar-ho en una instal\u00b7laci\u00f3 art\u00edstica col\u00b7lectiva on tothom pugui participar. Us demanem que, sobre el suport que us donem, plasmeu el que representi el Tra\u00e7 per vosaltres, una imatge, una paraula, una sensaci\u00f3, &hellip; Continued\" \/>\n<meta property=\"og:url\" content=\"https:\/\/www.escolatrac.com\/es\/instal\u00b7lacio-col\u00b7lectiva-participativa-pels-50-anys\/\" \/>\n<meta property=\"og:site_name\" content=\"Escola Tra\u00e7\" \/>\n<meta property=\"article:published_time\" content=\"2025-03-07T11:41:12+00:00\" \/>\n<meta property=\"article:modified_time\" content=\"2025-03-07T12:00:05+00:00\" \/>\n<meta property=\"og:image\" content=\"https:\/\/www.escolatrac.com\/wp-content\/uploads\/2025\/03\/collectiva_web.jpg\" \/>\n\t<meta property=\"og:image:width\" content=\"1200\" \/>\n\t<meta property=\"og:image:height\" content=\"870\" \/>\n\t<meta property=\"og:image:type\" content=\"image\/jpeg\" \/>\n<meta name=\"author\" content=\"Gerard Beneyt\" \/>\n<meta name=\"twitter:card\" content=\"summary_large_image\" \/>\n<meta name=\"twitter:label1\" content=\"Escrito por\" \/>\n\t<meta name=\"twitter:data1\" content=\"Gerard Beneyt\" \/>\n<script type=\"application\/ld+json\" class=\"yoast-schema-graph\">{\"@context\":\"https:\\\/\\\/schema.org\",\"@graph\":[{\"@type\":\"Article\",\"@id\":\"https:\\\/\\\/www.escolatrac.com\\\/es\\\/instal%c2%b7lacio-col%c2%b7lectiva-participativa-pels-50-anys\\\/#article\",\"isPartOf\":{\"@id\":\"https:\\\/\\\/www.escolatrac.com\\\/es\\\/instal%c2%b7lacio-col%c2%b7lectiva-participativa-pels-50-anys\\\/\"},\"author\":{\"name\":\"Gerard Beneyt\",\"@id\":\"https:\\\/\\\/www.escolatrac.com\\\/#\\\/schema\\\/person\\\/16b1314a1686e63120f047d625a0e693\"},\"headline\":\"INSTAL\u00b7LACI\u00d3 COL\u00b7LECTIVA PARTICIPATIVA PELS 50 ANYS.\",\"datePublished\":\"2025-03-07T11:41:12+00:00\",\"dateModified\":\"2025-03-07T12:00:05+00:00\",\"mainEntityOfPage\":{\"@id\":\"https:\\\/\\\/www.escolatrac.com\\\/es\\\/instal%c2%b7lacio-col%c2%b7lectiva-participativa-pels-50-anys\\\/\"},\"wordCount\":93,\"commentCount\":0,\"image\":{\"@id\":\"https:\\\/\\\/www.escolatrac.com\\\/es\\\/instal%c2%b7lacio-col%c2%b7lectiva-participativa-pels-50-anys\\\/#primaryimage\"},\"thumbnailUrl\":\"https:\\\/\\\/www.escolatrac.com\\\/wp-content\\\/uploads\\\/2025\\\/03\\\/collectiva_web.jpg\",\"articleSection\":[\"Sin categorizar\"],\"inLanguage\":\"es\",\"potentialAction\":[{\"@type\":\"CommentAction\",\"name\":\"Comment\",\"target\":[\"https:\\\/\\\/www.escolatrac.com\\\/es\\\/instal%c2%b7lacio-col%c2%b7lectiva-participativa-pels-50-anys\\\/#respond\"]}]},{\"@type\":\"WebPage\",\"@id\":\"https:\\\/\\\/www.escolatrac.com\\\/es\\\/instal%c2%b7lacio-col%c2%b7lectiva-participativa-pels-50-anys\\\/\",\"url\":\"https:\\\/\\\/www.escolatrac.com\\\/es\\\/instal%c2%b7lacio-col%c2%b7lectiva-participativa-pels-50-anys\\\/\",\"name\":\"INSTAL\u00b7LACI\u00d3 COL\u00b7LECTIVA PARTICIPATIVA PELS 50 ANYS. - Escola Tra\u00e7\",\"isPartOf\":{\"@id\":\"https:\\\/\\\/www.escolatrac.com\\\/#website\"},\"primaryImageOfPage\":{\"@id\":\"https:\\\/\\\/www.escolatrac.com\\\/es\\\/instal%c2%b7lacio-col%c2%b7lectiva-participativa-pels-50-anys\\\/#primaryimage\"},\"image\":{\"@id\":\"https:\\\/\\\/www.escolatrac.com\\\/es\\\/instal%c2%b7lacio-col%c2%b7lectiva-participativa-pels-50-anys\\\/#primaryimage\"},\"thumbnailUrl\":\"https:\\\/\\\/www.escolatrac.com\\\/wp-content\\\/uploads\\\/2025\\\/03\\\/collectiva_web.jpg\",\"datePublished\":\"2025-03-07T11:41:12+00:00\",\"dateModified\":\"2025-03-07T12:00:05+00:00\",\"author\":{\"@id\":\"https:\\\/\\\/www.escolatrac.com\\\/#\\\/schema\\\/person\\\/16b1314a1686e63120f047d625a0e693\"},\"breadcrumb\":{\"@id\":\"https:\\\/\\\/www.escolatrac.com\\\/es\\\/instal%c2%b7lacio-col%c2%b7lectiva-participativa-pels-50-anys\\\/#breadcrumb\"},\"inLanguage\":\"es\",\"potentialAction\":[{\"@type\":\"ReadAction\",\"target\":[\"https:\\\/\\\/www.escolatrac.com\\\/es\\\/instal%c2%b7lacio-col%c2%b7lectiva-participativa-pels-50-anys\\\/\"]}]},{\"@type\":\"ImageObject\",\"inLanguage\":\"es\",\"@id\":\"https:\\\/\\\/www.escolatrac.com\\\/es\\\/instal%c2%b7lacio-col%c2%b7lectiva-participativa-pels-50-anys\\\/#primaryimage\",\"url\":\"https:\\\/\\\/www.escolatrac.com\\\/wp-content\\\/uploads\\\/2025\\\/03\\\/collectiva_web.jpg\",\"contentUrl\":\"https:\\\/\\\/www.escolatrac.com\\\/wp-content\\\/uploads\\\/2025\\\/03\\\/collectiva_web.jpg\",\"width\":1200,\"height\":870},{\"@type\":\"BreadcrumbList\",\"@id\":\"https:\\\/\\\/www.escolatrac.com\\\/es\\\/instal%c2%b7lacio-col%c2%b7lectiva-participativa-pels-50-anys\\\/#breadcrumb\",\"itemListElement\":[{\"@type\":\"ListItem\",\"position\":1,\"name\":\"Inici\",\"item\":\"https:\\\/\\\/www.escolatrac.com\\\/es\\\/\"},{\"@type\":\"ListItem\",\"position\":2,\"name\":\"INSTAL\u00b7LACI\u00d3 COL\u00b7LECTIVA PARTICIPATIVA PELS 50 ANYS.\"}]},{\"@type\":\"WebSite\",\"@id\":\"https:\\\/\\\/www.escolatrac.com\\\/#website\",\"url\":\"https:\\\/\\\/www.escolatrac.com\\\/\",\"name\":\"Escola Tra\u00e7\",\"description\":\"\",\"potentialAction\":[{\"@type\":\"SearchAction\",\"target\":{\"@type\":\"EntryPoint\",\"urlTemplate\":\"https:\\\/\\\/www.escolatrac.com\\\/?s={search_term_string}\"},\"query-input\":{\"@type\":\"PropertyValueSpecification\",\"valueRequired\":true,\"valueName\":\"search_term_string\"}}],\"inLanguage\":\"es\"},{\"@type\":\"Person\",\"@id\":\"https:\\\/\\\/www.escolatrac.com\\\/#\\\/schema\\\/person\\\/16b1314a1686e63120f047d625a0e693\",\"name\":\"Gerard Beneyt\",\"image\":{\"@type\":\"ImageObject\",\"inLanguage\":\"es\",\"@id\":\"https:\\\/\\\/secure.gravatar.com\\\/avatar\\\/3bb1b455449ab26dcaecb3c81b96d74532b3ca73cd62493c738b45b5136241c5?s=96&d=mm&r=g\",\"url\":\"https:\\\/\\\/secure.gravatar.com\\\/avatar\\\/3bb1b455449ab26dcaecb3c81b96d74532b3ca73cd62493c738b45b5136241c5?s=96&d=mm&r=g\",\"contentUrl\":\"https:\\\/\\\/secure.gravatar.com\\\/avatar\\\/3bb1b455449ab26dcaecb3c81b96d74532b3ca73cd62493c738b45b5136241c5?s=96&d=mm&r=g\",\"caption\":\"Gerard Beneyt\"},\"url\":\"https:\\\/\\\/www.escolatrac.com\\\/es\\\/author\\\/gerard\\\/\"}]}<\/script>\n<!-- \/ Yoast SEO plugin. -->","yoast_head_json":{"title":"INSTAL\u00b7LACI\u00d3 COL\u00b7LECTIVA PARTICIPATIVA PELS 50 ANYS. - Escola Tra\u00e7","robots":{"index":"index","follow":"follow","max-snippet":"max-snippet:-1","max-image-preview":"max-image-preview:large","max-video-preview":"max-video-preview:-1"},"canonical":"https:\/\/www.escolatrac.com\/es\/instal\u00b7lacio-col\u00b7lectiva-participativa-pels-50-anys\/","og_locale":"es_ES","og_type":"article","og_title":"INSTAL\u00b7LACI\u00d3 COL\u00b7LECTIVA PARTICIPATIVA PELS 50 ANYS. - Escola Tra\u00e7","og_description":"50 anys de Tra\u00e7 \u00e9s una celebraci\u00f3 especial. S\u00f3n un c\u00famul de molts petits i grans moments viscuts i d&#8217;experi\u00e8ncies compartides. Volem copsar-ho en una instal\u00b7laci\u00f3 art\u00edstica col\u00b7lectiva on tothom pugui participar. Us demanem que, sobre el suport que us donem, plasmeu el que representi el Tra\u00e7 per vosaltres, una imatge, una paraula, una sensaci\u00f3, &hellip; Continued","og_url":"https:\/\/www.escolatrac.com\/es\/instal\u00b7lacio-col\u00b7lectiva-participativa-pels-50-anys\/","og_site_name":"Escola Tra\u00e7","article_published_time":"2025-03-07T11:41:12+00:00","article_modified_time":"2025-03-07T12:00:05+00:00","og_image":[{"width":1200,"height":870,"url":"https:\/\/www.escolatrac.com\/wp-content\/uploads\/2025\/03\/collectiva_web.jpg","type":"image\/jpeg"}],"author":"Gerard Beneyt","twitter_card":"summary_large_image","twitter_misc":{"Escrito por":"Gerard Beneyt"},"schema":{"@context":"https:\/\/schema.org","@graph":[{"@type":"Article","@id":"https:\/\/www.escolatrac.com\/es\/instal%c2%b7lacio-col%c2%b7lectiva-participativa-pels-50-anys\/#article","isPartOf":{"@id":"https:\/\/www.escolatrac.com\/es\/instal%c2%b7lacio-col%c2%b7lectiva-participativa-pels-50-anys\/"},"author":{"name":"Gerard Beneyt","@id":"https:\/\/www.escolatrac.com\/#\/schema\/person\/16b1314a1686e63120f047d625a0e693"},"headline":"INSTAL\u00b7LACI\u00d3 COL\u00b7LECTIVA PARTICIPATIVA PELS 50 ANYS.","datePublished":"2025-03-07T11:41:12+00:00","dateModified":"2025-03-07T12:00:05+00:00","mainEntityOfPage":{"@id":"https:\/\/www.escolatrac.com\/es\/instal%c2%b7lacio-col%c2%b7lectiva-participativa-pels-50-anys\/"},"wordCount":93,"commentCount":0,"image":{"@id":"https:\/\/www.escolatrac.com\/es\/instal%c2%b7lacio-col%c2%b7lectiva-participativa-pels-50-anys\/#primaryimage"},"thumbnailUrl":"https:\/\/www.escolatrac.com\/wp-content\/uploads\/2025\/03\/collectiva_web.jpg","articleSection":["Sin categorizar"],"inLanguage":"es","potentialAction":[{"@type":"CommentAction","name":"Comment","target":["https:\/\/www.escolatrac.com\/es\/instal%c2%b7lacio-col%c2%b7lectiva-participativa-pels-50-anys\/#respond"]}]},{"@type":"WebPage","@id":"https:\/\/www.escolatrac.com\/es\/instal%c2%b7lacio-col%c2%b7lectiva-participativa-pels-50-anys\/","url":"https:\/\/www.escolatrac.com\/es\/instal%c2%b7lacio-col%c2%b7lectiva-participativa-pels-50-anys\/","name":"INSTAL\u00b7LACI\u00d3 COL\u00b7LECTIVA PARTICIPATIVA PELS 50 ANYS. - Escola Tra\u00e7","isPartOf":{"@id":"https:\/\/www.escolatrac.com\/#website"},"primaryImageOfPage":{"@id":"https:\/\/www.escolatrac.com\/es\/instal%c2%b7lacio-col%c2%b7lectiva-participativa-pels-50-anys\/#primaryimage"},"image":{"@id":"https:\/\/www.escolatrac.com\/es\/instal%c2%b7lacio-col%c2%b7lectiva-participativa-pels-50-anys\/#primaryimage"},"thumbnailUrl":"https:\/\/www.escolatrac.com\/wp-content\/uploads\/2025\/03\/collectiva_web.jpg","datePublished":"2025-03-07T11:41:12+00:00","dateModified":"2025-03-07T12:00:05+00:00","author":{"@id":"https:\/\/www.escolatrac.com\/#\/schema\/person\/16b1314a1686e63120f047d625a0e693"},"breadcrumb":{"@id":"https:\/\/www.escolatrac.com\/es\/instal%c2%b7lacio-col%c2%b7lectiva-participativa-pels-50-anys\/#breadcrumb"},"inLanguage":"es","potentialAction":[{"@type":"ReadAction","target":["https:\/\/www.escolatrac.com\/es\/instal%c2%b7lacio-col%c2%b7lectiva-participativa-pels-50-anys\/"]}]},{"@type":"ImageObject","inLanguage":"es","@id":"https:\/\/www.escolatrac.com\/es\/instal%c2%b7lacio-col%c2%b7lectiva-participativa-pels-50-anys\/#primaryimage","url":"https:\/\/www.escolatrac.com\/wp-content\/uploads\/2025\/03\/collectiva_web.jpg","contentUrl":"https:\/\/www.escolatrac.com\/wp-content\/uploads\/2025\/03\/collectiva_web.jpg","width":1200,"height":870},{"@type":"BreadcrumbList","@id":"https:\/\/www.escolatrac.com\/es\/instal%c2%b7lacio-col%c2%b7lectiva-participativa-pels-50-anys\/#breadcrumb","itemListElement":[{"@type":"ListItem","position":1,"name":"Inici","item":"https:\/\/www.escolatrac.com\/es\/"},{"@type":"ListItem","position":2,"name":"INSTAL\u00b7LACI\u00d3 COL\u00b7LECTIVA PARTICIPATIVA PELS 50 ANYS."}]},{"@type":"WebSite","@id":"https:\/\/www.escolatrac.com\/#website","url":"https:\/\/www.escolatrac.com\/","name":"Escola Tra\u00e7","description":"","potentialAction":[{"@type":"SearchAction","target":{"@type":"EntryPoint","urlTemplate":"https:\/\/www.escolatrac.com\/?s={search_term_string}"},"query-input":{"@type":"PropertyValueSpecification","valueRequired":true,"valueName":"search_term_string"}}],"inLanguage":"es"},{"@type":"Person","@id":"https:\/\/www.escolatrac.com\/#\/schema\/person\/16b1314a1686e63120f047d625a0e693","name":"Gerard Beneyt","image":{"@type":"ImageObject","inLanguage":"es","@id":"https:\/\/secure.gravatar.com\/avatar\/3bb1b455449ab26dcaecb3c81b96d74532b3ca73cd62493c738b45b5136241c5?s=96&d=mm&r=g","url":"https:\/\/secure.gravatar.com\/avatar\/3bb1b455449ab26dcaecb3c81b96d74532b3ca73cd62493c738b45b5136241c5?s=96&d=mm&r=g","contentUrl":"https:\/\/secure.gravatar.com\/avatar\/3bb1b455449ab26dcaecb3c81b96d74532b3ca73cd62493c738b45b5136241c5?s=96&d=mm&r=g","caption":"Gerard Beneyt"},"url":"https:\/\/www.escolatrac.com\/es\/author\/gerard\/"}]}},"_links":{"self":[{"href":"https:\/\/www.escolatrac.com\/es\/wp-json\/wp\/v2\/posts\/20483","targetHints":{"allow":["GET"]}}],"collection":[{"href":"https:\/\/www.escolatrac.com\/es\/wp-json\/wp\/v2\/posts"}],"about":[{"href":"https:\/\/www.escolatrac.com\/es\/wp-json\/wp\/v2\/types\/post"}],"author":[{"embeddable":true,"href":"https:\/\/www.escolatrac.com\/es\/wp-json\/wp\/v2\/users\/5"}],"replies":[{"embeddable":true,"href":"https:\/\/www.escolatrac.com\/es\/wp-json\/wp\/v2\/comments?post=20483"}],"version-history":[{"count":2,"href":"https:\/\/www.escolatrac.com\/es\/wp-json\/wp\/v2\/posts\/20483\/revisions"}],"predecessor-version":[{"id":20489,"href":"https:\/\/www.escolatrac.com\/es\/wp-json\/wp\/v2\/posts\/20483\/revisions\/20489"}],"wp:featuredmedia":[{"embeddable":true,"href":"https:\/\/www.escolatrac.com\/es\/wp-json\/wp\/v2\/media\/20484"}],"wp:attachment":[{"href":"https:\/\/www.escolatrac.com\/es\/wp-json\/wp\/v2\/media?parent=20483"}],"wp:term":[{"taxonomy":"category","embeddable":true,"href":"https:\/\/www.escolatrac.com\/es\/wp-json\/wp\/v2\/categories?post=20483"},{"taxonomy":"post_tag","embeddable":true,"href":"https:\/\/www.escolatrac.com\/es\/wp-json\/wp\/v2\/tags?post=20483"}],"curies":[{"name":"wp","href":"https:\/\/api.w.org\/{rel}","templated":true}]}}