{"id":18171,"date":"2023-09-05T13:04:43","date_gmt":"2023-09-05T11:04:43","guid":{"rendered":"https:\/\/www.escolatrac.com\/festa-major-sarria-porta-els-nostres-gegantons\/"},"modified":"2023-09-05T13:16:59","modified_gmt":"2023-09-05T11:16:59","slug":"festa-major-sarria-porta-els-nostres-gegantons","status":"publish","type":"post","link":"https:\/\/www.escolatrac.com\/es\/festa-major-sarria-porta-els-nostres-gegantons\/","title":{"rendered":"FESTA MAJOR SARRIA: PASEA NUESTROS GEGANTONS"},"content":{"rendered":"\n<div class=\"wp-block-columns is-layout-flex wp-container-core-columns-is-layout-9d6595d7 wp-block-columns-is-layout-flex\">\n<div class=\"wp-block-column is-layout-flow wp-block-column-is-layout-flow\">\n<p>Si tienes 7 a\u00f1os o m\u00e1s puedes  participar con nosotros en la FESTA MAJOR de SARRI\u00c0 paseando nuestros gegantons en la Cercavila del barrio ,que se celebrar\u00e1 el <strong>sabado 30 de septiembre a las 17h de la tarde.<\/strong><br>(os convocaremos a las 16:30h en el Tra\u00e7)<\/p>\n\n\n\n<p>Para apuntaros llamad a secretaria del centro o enviad un correo <a href=\"https:\/\/www.escolatrac.com\/es\/contacte\/\" data-type=\"page\" data-id=\"4878\">aqu\u00ed<\/a> informando el nombre y la edad del interesado<\/p>\n<\/div>\n\n\n\n<div class=\"wp-block-column is-layout-flow wp-block-column-is-layout-flow\">\n  <div class=\"uk-visible-toggle uk-position-relative\" uk-slider=\"finite: true; center: true; animation: push; ratio: 16:9;\">\n    <div class=\"uk-position-relative uk-visible-toggle\" tabindex=\"-1\">\n      <ul class=\"uk-slider-items\">\n                      <li class=\"uk-width-1-1\">\n                              <img decoding=\"async\" width=\"1024\" height=\"576\" src=\"https:\/\/www.escolatrac.com\/wp-content\/uploads\/2023\/09\/FESTAMAJOR2023_INFO-300x168.jpg\" class=\"attachment-large size-large lazyload\" alt=\"\" srcset=\"\" sizes=\"(max-width: 1024px) 100vw, 1024px\" data-size=\"auto\" data-src=\"https:\/\/www.escolatrac.com\/wp-content\/uploads\/2023\/09\/FESTAMAJOR2023_INFO-1024x576.jpg\" data-srcset=\"https:\/\/www.escolatrac.com\/wp-content\/uploads\/2023\/09\/FESTAMAJOR2023_INFO-1024x576.jpg 1024w, https:\/\/www.escolatrac.com\/wp-content\/uploads\/2023\/09\/FESTAMAJOR2023_INFO-300x168.jpg 300w, https:\/\/www.escolatrac.com\/wp-content\/uploads\/2023\/09\/FESTAMAJOR2023_INFO-768x432.jpg 768w, https:\/\/www.escolatrac.com\/wp-content\/uploads\/2023\/09\/FESTAMAJOR2023_INFO-453x255.jpg 453w\" \/>              \n              <div class=\"uk-flex-inline uk-flex-between uk-width-1-1\">\n                <h4 class=\"uk-h5 uk-margin-remove uk-text-muted\"><\/h4>\n                <h4 class=\"uk-h5 uk-margin-remove uk-text-muted\"><\/h4>\n              <\/div>\n            <\/li>\n                <\/ul>\n\n      <a class=\"c-slidenav uk-position-center-left uk-position-small uk-padding-small\" href=\"#\" uk-slidenav-previous uk-slider-item=\"previous\"><\/a>\n      <a class=\"c-slidenav uk-position-center-right uk-position-small uk-padding-small\" href=\"#\" uk-slidenav-next uk-slider-item=\"next\"><\/a>\n    <\/div>\n\n    <ul class=\"uk-slider-nav uk-position-bottom uk-light uk-dotnav uk-flex-center uk-margin uk-margin-large-bottom\"><\/ul>\n  <\/div>\n\n\n\n<\/div>\n<\/div>\n\n\n\n\n","protected":false},"excerpt":{"rendered":"<p>Si tienes 7 a\u00f1os o m\u00e1s puedes participar con nosotros en la FESTA MAJOR de SARRI\u00c0 paseando nuestros gegantons en la Cercavila del barrio ,que se celebrar\u00e1 el sabado 30 de septiembre a las 17h de la tarde.(os convocaremos a las 16:30h en el Tra\u00e7) Para apuntaros llamad a secretaria del centro o enviad un &hellip; <a href=\"https:\/\/www.escolatrac.com\/es\/festa-major-sarria-porta-els-nostres-gegantons\/\">Continued<\/a><\/p>\n","protected":false},"author":4,"featured_media":18168,"comment_status":"open","ping_status":"open","sticky":false,"template":"","format":"standard","meta":{"_acf_changed":false,"footnotes":""},"categories":[15],"tags":[],"class_list":["post-18171","post","type-post","status-publish","format-standard","has-post-thumbnail","hentry","category-sin-categorizar"],"acf":[],"yoast_head":"<!-- This site is optimized with the Yoast SEO plugin v27.3 - https:\/\/yoast.com\/product\/yoast-seo-wordpress\/ -->\n<title>FESTA MAJOR SARRIA: PASEA NUESTROS GEGANTONS - Escola Tra\u00e7<\/title>\n<meta name=\"robots\" content=\"index, follow, max-snippet:-1, max-image-preview:large, max-video-preview:-1\" \/>\n<link rel=\"canonical\" href=\"https:\/\/www.escolatrac.com\/festa-major-sarria-porta-els-nostres-gegantons\/\" \/>\n<meta property=\"og:locale\" content=\"es_ES\" \/>\n<meta property=\"og:type\" content=\"article\" \/>\n<meta property=\"og:title\" content=\"FESTA MAJOR SARRIA: PASEA NUESTROS GEGANTONS - Escola Tra\u00e7\" \/>\n<meta property=\"og:description\" content=\"Si tienes 7 a\u00f1os o m\u00e1s puedes participar con nosotros en la FESTA MAJOR de SARRI\u00c0 paseando nuestros gegantons en la Cercavila del barrio ,que se celebrar\u00e1 el sabado 30 de septiembre a las 17h de la tarde.(os convocaremos a las 16:30h en el Tra\u00e7) Para apuntaros llamad a secretaria del centro o enviad un &hellip; Continued\" \/>\n<meta property=\"og:url\" content=\"https:\/\/www.escolatrac.com\/festa-major-sarria-porta-els-nostres-gegantons\/\" \/>\n<meta property=\"og:site_name\" content=\"Escola Tra\u00e7\" \/>\n<meta property=\"article:published_time\" content=\"2023-09-05T11:04:43+00:00\" \/>\n<meta property=\"article:modified_time\" content=\"2023-09-05T11:16:59+00:00\" \/>\n<meta property=\"og:image\" content=\"https:\/\/www.escolatrac.com\/wp-content\/uploads\/2023\/09\/FESTAMAJOR2023_instagram.jpg\" \/>\n\t<meta property=\"og:image:width\" content=\"1181\" \/>\n\t<meta property=\"og:image:height\" content=\"1181\" \/>\n\t<meta property=\"og:image:type\" content=\"image\/jpeg\" \/>\n<meta name=\"author\" content=\"Rosa Martino\" \/>\n<meta name=\"twitter:card\" content=\"summary_large_image\" \/>\n<meta name=\"twitter:label1\" content=\"Escrito por\" \/>\n\t<meta name=\"twitter:data1\" content=\"Rosa Martino\" \/>\n<script type=\"application\/ld+json\" class=\"yoast-schema-graph\">{\"@context\":\"https:\\\/\\\/schema.org\",\"@graph\":[{\"@type\":\"Article\",\"@id\":\"https:\\\/\\\/www.escolatrac.com\\\/festa-major-sarria-porta-els-nostres-gegantons\\\/#article\",\"isPartOf\":{\"@id\":\"https:\\\/\\\/www.escolatrac.com\\\/festa-major-sarria-porta-els-nostres-gegantons\\\/\"},\"author\":{\"name\":\"Rosa Martino\",\"@id\":\"https:\\\/\\\/www.escolatrac.com\\\/#\\\/schema\\\/person\\\/5ff68b5fd673b76cf5a50abe285338ba\"},\"headline\":\"FESTA MAJOR SARRIA: PASEA NUESTROS GEGANTONS\",\"datePublished\":\"2023-09-05T11:04:43+00:00\",\"dateModified\":\"2023-09-05T11:16:59+00:00\",\"mainEntityOfPage\":{\"@id\":\"https:\\\/\\\/www.escolatrac.com\\\/festa-major-sarria-porta-els-nostres-gegantons\\\/\"},\"wordCount\":72,\"commentCount\":0,\"image\":{\"@id\":\"https:\\\/\\\/www.escolatrac.com\\\/festa-major-sarria-porta-els-nostres-gegantons\\\/#primaryimage\"},\"thumbnailUrl\":\"https:\\\/\\\/www.escolatrac.com\\\/wp-content\\\/uploads\\\/2023\\\/09\\\/FESTAMAJOR2023_instagram.jpg\",\"articleSection\":[\"Sin categorizar\"],\"inLanguage\":\"es\",\"potentialAction\":[{\"@type\":\"CommentAction\",\"name\":\"Comment\",\"target\":[\"https:\\\/\\\/www.escolatrac.com\\\/festa-major-sarria-porta-els-nostres-gegantons\\\/#respond\"]}]},{\"@type\":\"WebPage\",\"@id\":\"https:\\\/\\\/www.escolatrac.com\\\/festa-major-sarria-porta-els-nostres-gegantons\\\/\",\"url\":\"https:\\\/\\\/www.escolatrac.com\\\/festa-major-sarria-porta-els-nostres-gegantons\\\/\",\"name\":\"FESTA MAJOR SARRIA: PASEA NUESTROS GEGANTONS - Escola Tra\u00e7\",\"isPartOf\":{\"@id\":\"https:\\\/\\\/www.escolatrac.com\\\/#website\"},\"primaryImageOfPage\":{\"@id\":\"https:\\\/\\\/www.escolatrac.com\\\/festa-major-sarria-porta-els-nostres-gegantons\\\/#primaryimage\"},\"image\":{\"@id\":\"https:\\\/\\\/www.escolatrac.com\\\/festa-major-sarria-porta-els-nostres-gegantons\\\/#primaryimage\"},\"thumbnailUrl\":\"https:\\\/\\\/www.escolatrac.com\\\/wp-content\\\/uploads\\\/2023\\\/09\\\/FESTAMAJOR2023_instagram.jpg\",\"datePublished\":\"2023-09-05T11:04:43+00:00\",\"dateModified\":\"2023-09-05T11:16:59+00:00\",\"author\":{\"@id\":\"https:\\\/\\\/www.escolatrac.com\\\/#\\\/schema\\\/person\\\/5ff68b5fd673b76cf5a50abe285338ba\"},\"breadcrumb\":{\"@id\":\"https:\\\/\\\/www.escolatrac.com\\\/festa-major-sarria-porta-els-nostres-gegantons\\\/#breadcrumb\"},\"inLanguage\":\"es\",\"potentialAction\":[{\"@type\":\"ReadAction\",\"target\":[\"https:\\\/\\\/www.escolatrac.com\\\/festa-major-sarria-porta-els-nostres-gegantons\\\/\"]}]},{\"@type\":\"ImageObject\",\"inLanguage\":\"es\",\"@id\":\"https:\\\/\\\/www.escolatrac.com\\\/festa-major-sarria-porta-els-nostres-gegantons\\\/#primaryimage\",\"url\":\"https:\\\/\\\/www.escolatrac.com\\\/wp-content\\\/uploads\\\/2023\\\/09\\\/FESTAMAJOR2023_instagram.jpg\",\"contentUrl\":\"https:\\\/\\\/www.escolatrac.com\\\/wp-content\\\/uploads\\\/2023\\\/09\\\/FESTAMAJOR2023_instagram.jpg\",\"width\":1181,\"height\":1181},{\"@type\":\"BreadcrumbList\",\"@id\":\"https:\\\/\\\/www.escolatrac.com\\\/festa-major-sarria-porta-els-nostres-gegantons\\\/#breadcrumb\",\"itemListElement\":[{\"@type\":\"ListItem\",\"position\":1,\"name\":\"Inici\",\"item\":\"https:\\\/\\\/www.escolatrac.com\\\/es\\\/\"},{\"@type\":\"ListItem\",\"position\":2,\"name\":\"FESTA MAJOR SARRIA: PASEA NUESTROS GEGANTONS\"}]},{\"@type\":\"WebSite\",\"@id\":\"https:\\\/\\\/www.escolatrac.com\\\/#website\",\"url\":\"https:\\\/\\\/www.escolatrac.com\\\/\",\"name\":\"Escola Tra\u00e7\",\"description\":\"\",\"potentialAction\":[{\"@type\":\"SearchAction\",\"target\":{\"@type\":\"EntryPoint\",\"urlTemplate\":\"https:\\\/\\\/www.escolatrac.com\\\/?s={search_term_string}\"},\"query-input\":{\"@type\":\"PropertyValueSpecification\",\"valueRequired\":true,\"valueName\":\"search_term_string\"}}],\"inLanguage\":\"es\"},{\"@type\":\"Person\",\"@id\":\"https:\\\/\\\/www.escolatrac.com\\\/#\\\/schema\\\/person\\\/5ff68b5fd673b76cf5a50abe285338ba\",\"name\":\"Rosa Martino\",\"image\":{\"@type\":\"ImageObject\",\"inLanguage\":\"es\",\"@id\":\"https:\\\/\\\/secure.gravatar.com\\\/avatar\\\/d1637a2e7e3b8daffef3fd80e3a0aa3a2eb10ed0e5e6af3ccbeb1f14c7db7d14?s=96&d=mm&r=g\",\"url\":\"https:\\\/\\\/secure.gravatar.com\\\/avatar\\\/d1637a2e7e3b8daffef3fd80e3a0aa3a2eb10ed0e5e6af3ccbeb1f14c7db7d14?s=96&d=mm&r=g\",\"contentUrl\":\"https:\\\/\\\/secure.gravatar.com\\\/avatar\\\/d1637a2e7e3b8daffef3fd80e3a0aa3a2eb10ed0e5e6af3ccbeb1f14c7db7d14?s=96&d=mm&r=g\",\"caption\":\"Rosa Martino\"},\"url\":\"https:\\\/\\\/www.escolatrac.com\\\/es\\\/author\\\/rosa\\\/\"}]}<\/script>\n<!-- \/ Yoast SEO plugin. -->","yoast_head_json":{"title":"FESTA MAJOR SARRIA: PASEA NUESTROS GEGANTONS - Escola Tra\u00e7","robots":{"index":"index","follow":"follow","max-snippet":"max-snippet:-1","max-image-preview":"max-image-preview:large","max-video-preview":"max-video-preview:-1"},"canonical":"https:\/\/www.escolatrac.com\/festa-major-sarria-porta-els-nostres-gegantons\/","og_locale":"es_ES","og_type":"article","og_title":"FESTA MAJOR SARRIA: PASEA NUESTROS GEGANTONS - Escola Tra\u00e7","og_description":"Si tienes 7 a\u00f1os o m\u00e1s puedes participar con nosotros en la FESTA MAJOR de SARRI\u00c0 paseando nuestros gegantons en la Cercavila del barrio ,que se celebrar\u00e1 el sabado 30 de septiembre a las 17h de la tarde.(os convocaremos a las 16:30h en el Tra\u00e7) Para apuntaros llamad a secretaria del centro o enviad un &hellip; Continued","og_url":"https:\/\/www.escolatrac.com\/festa-major-sarria-porta-els-nostres-gegantons\/","og_site_name":"Escola Tra\u00e7","article_published_time":"2023-09-05T11:04:43+00:00","article_modified_time":"2023-09-05T11:16:59+00:00","og_image":[{"width":1181,"height":1181,"url":"https:\/\/www.escolatrac.com\/wp-content\/uploads\/2023\/09\/FESTAMAJOR2023_instagram.jpg","type":"image\/jpeg"}],"author":"Rosa Martino","twitter_card":"summary_large_image","twitter_misc":{"Escrito por":"Rosa Martino"},"schema":{"@context":"https:\/\/schema.org","@graph":[{"@type":"Article","@id":"https:\/\/www.escolatrac.com\/festa-major-sarria-porta-els-nostres-gegantons\/#article","isPartOf":{"@id":"https:\/\/www.escolatrac.com\/festa-major-sarria-porta-els-nostres-gegantons\/"},"author":{"name":"Rosa Martino","@id":"https:\/\/www.escolatrac.com\/#\/schema\/person\/5ff68b5fd673b76cf5a50abe285338ba"},"headline":"FESTA MAJOR SARRIA: PASEA NUESTROS GEGANTONS","datePublished":"2023-09-05T11:04:43+00:00","dateModified":"2023-09-05T11:16:59+00:00","mainEntityOfPage":{"@id":"https:\/\/www.escolatrac.com\/festa-major-sarria-porta-els-nostres-gegantons\/"},"wordCount":72,"commentCount":0,"image":{"@id":"https:\/\/www.escolatrac.com\/festa-major-sarria-porta-els-nostres-gegantons\/#primaryimage"},"thumbnailUrl":"https:\/\/www.escolatrac.com\/wp-content\/uploads\/2023\/09\/FESTAMAJOR2023_instagram.jpg","articleSection":["Sin categorizar"],"inLanguage":"es","potentialAction":[{"@type":"CommentAction","name":"Comment","target":["https:\/\/www.escolatrac.com\/festa-major-sarria-porta-els-nostres-gegantons\/#respond"]}]},{"@type":"WebPage","@id":"https:\/\/www.escolatrac.com\/festa-major-sarria-porta-els-nostres-gegantons\/","url":"https:\/\/www.escolatrac.com\/festa-major-sarria-porta-els-nostres-gegantons\/","name":"FESTA MAJOR SARRIA: PASEA NUESTROS GEGANTONS - Escola Tra\u00e7","isPartOf":{"@id":"https:\/\/www.escolatrac.com\/#website"},"primaryImageOfPage":{"@id":"https:\/\/www.escolatrac.com\/festa-major-sarria-porta-els-nostres-gegantons\/#primaryimage"},"image":{"@id":"https:\/\/www.escolatrac.com\/festa-major-sarria-porta-els-nostres-gegantons\/#primaryimage"},"thumbnailUrl":"https:\/\/www.escolatrac.com\/wp-content\/uploads\/2023\/09\/FESTAMAJOR2023_instagram.jpg","datePublished":"2023-09-05T11:04:43+00:00","dateModified":"2023-09-05T11:16:59+00:00","author":{"@id":"https:\/\/www.escolatrac.com\/#\/schema\/person\/5ff68b5fd673b76cf5a50abe285338ba"},"breadcrumb":{"@id":"https:\/\/www.escolatrac.com\/festa-major-sarria-porta-els-nostres-gegantons\/#breadcrumb"},"inLanguage":"es","potentialAction":[{"@type":"ReadAction","target":["https:\/\/www.escolatrac.com\/festa-major-sarria-porta-els-nostres-gegantons\/"]}]},{"@type":"ImageObject","inLanguage":"es","@id":"https:\/\/www.escolatrac.com\/festa-major-sarria-porta-els-nostres-gegantons\/#primaryimage","url":"https:\/\/www.escolatrac.com\/wp-content\/uploads\/2023\/09\/FESTAMAJOR2023_instagram.jpg","contentUrl":"https:\/\/www.escolatrac.com\/wp-content\/uploads\/2023\/09\/FESTAMAJOR2023_instagram.jpg","width":1181,"height":1181},{"@type":"BreadcrumbList","@id":"https:\/\/www.escolatrac.com\/festa-major-sarria-porta-els-nostres-gegantons\/#breadcrumb","itemListElement":[{"@type":"ListItem","position":1,"name":"Inici","item":"https:\/\/www.escolatrac.com\/es\/"},{"@type":"ListItem","position":2,"name":"FESTA MAJOR SARRIA: PASEA NUESTROS GEGANTONS"}]},{"@type":"WebSite","@id":"https:\/\/www.escolatrac.com\/#website","url":"https:\/\/www.escolatrac.com\/","name":"Escola Tra\u00e7","description":"","potentialAction":[{"@type":"SearchAction","target":{"@type":"EntryPoint","urlTemplate":"https:\/\/www.escolatrac.com\/?s={search_term_string}"},"query-input":{"@type":"PropertyValueSpecification","valueRequired":true,"valueName":"search_term_string"}}],"inLanguage":"es"},{"@type":"Person","@id":"https:\/\/www.escolatrac.com\/#\/schema\/person\/5ff68b5fd673b76cf5a50abe285338ba","name":"Rosa Martino","image":{"@type":"ImageObject","inLanguage":"es","@id":"https:\/\/secure.gravatar.com\/avatar\/d1637a2e7e3b8daffef3fd80e3a0aa3a2eb10ed0e5e6af3ccbeb1f14c7db7d14?s=96&d=mm&r=g","url":"https:\/\/secure.gravatar.com\/avatar\/d1637a2e7e3b8daffef3fd80e3a0aa3a2eb10ed0e5e6af3ccbeb1f14c7db7d14?s=96&d=mm&r=g","contentUrl":"https:\/\/secure.gravatar.com\/avatar\/d1637a2e7e3b8daffef3fd80e3a0aa3a2eb10ed0e5e6af3ccbeb1f14c7db7d14?s=96&d=mm&r=g","caption":"Rosa Martino"},"url":"https:\/\/www.escolatrac.com\/es\/author\/rosa\/"}]}},"_links":{"self":[{"href":"https:\/\/www.escolatrac.com\/es\/wp-json\/wp\/v2\/posts\/18171","targetHints":{"allow":["GET"]}}],"collection":[{"href":"https:\/\/www.escolatrac.com\/es\/wp-json\/wp\/v2\/posts"}],"about":[{"href":"https:\/\/www.escolatrac.com\/es\/wp-json\/wp\/v2\/types\/post"}],"author":[{"embeddable":true,"href":"https:\/\/www.escolatrac.com\/es\/wp-json\/wp\/v2\/users\/4"}],"replies":[{"embeddable":true,"href":"https:\/\/www.escolatrac.com\/es\/wp-json\/wp\/v2\/comments?post=18171"}],"version-history":[{"count":2,"href":"https:\/\/www.escolatrac.com\/es\/wp-json\/wp\/v2\/posts\/18171\/revisions"}],"predecessor-version":[{"id":18174,"href":"https:\/\/www.escolatrac.com\/es\/wp-json\/wp\/v2\/posts\/18171\/revisions\/18174"}],"wp:featuredmedia":[{"embeddable":true,"href":"https:\/\/www.escolatrac.com\/es\/wp-json\/wp\/v2\/media\/18168"}],"wp:attachment":[{"href":"https:\/\/www.escolatrac.com\/es\/wp-json\/wp\/v2\/media?parent=18171"}],"wp:term":[{"taxonomy":"category","embeddable":true,"href":"https:\/\/www.escolatrac.com\/es\/wp-json\/wp\/v2\/categories?post=18171"},{"taxonomy":"post_tag","embeddable":true,"href":"https:\/\/www.escolatrac.com\/es\/wp-json\/wp\/v2\/tags?post=18171"}],"curies":[{"name":"wp","href":"https:\/\/api.w.org\/{rel}","templated":true}]}}