{"id":16710,"date":"2023-06-08T07:37:40","date_gmt":"2023-06-08T05:37:40","guid":{"rendered":"https:\/\/www.escolatrac.com\/?p=16710"},"modified":"2023-06-08T07:37:42","modified_gmt":"2023-06-08T05:37:42","slug":"inscripcions-casal-destiu","status":"publish","type":"post","link":"https:\/\/www.escolatrac.com\/es\/inscripcions-casal-destiu\/","title":{"rendered":"Inscripciones Casal Verano 2023"},"content":{"rendered":"\n<div class=\"wp-block-columns is-layout-flex wp-container-core-columns-is-layout-9d6595d7 wp-block-columns-is-layout-flex\">\n<div class=\"wp-block-column is-layout-flow wp-block-column-is-layout-flow\">\n<p>Este a\u00f1o las Inscripciones del <a href=\"https:\/\/www.escolatrac.com\/es\/curs-infant\/casal-de-verano-julio\/\">Casal de Verano 2023<\/a> se har\u00e1n \u00edntegramente por internet ( pago incluido).<\/p>\n\n\n\n<p>Existen dos formularios una para el Casal de Junio-Julio y el otro para el Casal de Agosto septiembre.<\/p>\n\n\n\n<p>A partir del<strong> lunes 8 de mayo a las 9.00h<\/strong> podr\u00e9is hacer la incripci\u00f3n&nbsp; entrando aqu\u00ed:<\/p>\n\n\n\n<p><strong><a href=\"https:\/\/creatorapp.zohopublic.eu\/escolatrac\/gestio-escola\/form-perma\/Inscripcio_online\/fR0Njegj4CdMmnb3eSSujTXUqR1SS3EbYp86FWRY8SDJmUABRTD9e2Sb0gSxSS0UNJU2BNMgr4UAMYFXgK19ZTVbdy3ARO2MtFqO?tipus_inscripcio_online=133636000000620043\">Formulario Inscripciones Casal de Verano 2023<\/a><\/strong><\/p>\n\n\n\n<p>A partir del<strong> <\/strong>martes <strong> 16 de mayo a las 9.00h<\/strong> podr\u00e9is hacer la incripci\u00f3n&nbsp; entrando aqu\u00ed:<\/p>\n\n\n\n<p><strong><a href=\"https:\/\/creatorapp.zohopublic.eu\/escolatrac\/gestio-escola\/form-perma\/Inscripcio_online\/fR0Njegj4CdMmnb3eSSujTXUqR1SS3EbYp86FWRY8SDJmUABRTD9e2Sb0gSxSS0UNJU2BNMgr4UAMYFXgK19ZTVbdy3ARO2MtFqO?tipus_inscripcio_online=133636000000730041\">Formulario Inscripciones Casal Agosto-Septiembre<\/a><\/strong><\/p>\n\n\n\n<p>Tendr\u00e9is que seguir las siguientes instrucciones:<br>. Una vez dentro tendr\u00e9is que llenar un formulario con los datos del ni\u00f1o o ni\u00f1os que quer\u00e1is inscribir (hasta un m\u00e1ximo de 4 personas).<br>. Despu\u00e9s tendr\u00e9is que seleccionar la semana o semanas y talleres entre las opciones disponibles.<br>. Por \u00faltimo, hacer el pago en l\u00ednea.<br>. El proceso de inscripci\u00f3n finalizar\u00e1 cuando recib\u00e1is  el e-mail de confirmaci\u00f3n, que sirve&nbsp;de comprobante&nbsp;para el primer d\u00eda de casal.<\/p>\n\n\n\n<p>En caso de quedaros sin plaza en el taller escogido nos pod\u00e9is enviar un mail a llistaespera@escolatrac.com indicando: nombre, fecha nacimiento, mail, tel\u00e9fono, taller escogido, franja horaria.<br>En caso de tener alguna baja nos pondremos en contacto via mail.<\/p>\n\n\n\n<p>Para cualquier consulta pod\u00e9is contactar con la secretar\u00eda del centro.<\/p>\n\n\n\n<p><\/p>\n<\/div>\n\n\n\n<div class=\"wp-block-column is-layout-flow wp-block-column-is-layout-flow\">\n  <div class=\"uk-visible-toggle uk-position-relative\" uk-slider=\"finite: true; center: true; animation: push; ratio: 16:9;\">\n    <div class=\"uk-position-relative uk-visible-toggle\" tabindex=\"-1\">\n      <ul class=\"uk-slider-items\">\n                      <li class=\"uk-width-1-1\">\n                              <img decoding=\"async\" width=\"1024\" height=\"576\" src=\"https:\/\/www.escolatrac.com\/wp-content\/uploads\/2023\/03\/estiu_mailchimp-300x168.jpg\" class=\"attachment-large size-large lazyload\" alt=\"\" srcset=\"\" sizes=\"(max-width: 1024px) 100vw, 1024px\" data-size=\"auto\" data-src=\"https:\/\/www.escolatrac.com\/wp-content\/uploads\/2023\/03\/estiu_mailchimp-1024x576.jpg\" data-srcset=\"https:\/\/www.escolatrac.com\/wp-content\/uploads\/2023\/03\/estiu_mailchimp-1024x576.jpg 1024w, https:\/\/www.escolatrac.com\/wp-content\/uploads\/2023\/03\/estiu_mailchimp-300x168.jpg 300w, https:\/\/www.escolatrac.com\/wp-content\/uploads\/2023\/03\/estiu_mailchimp-768x432.jpg 768w, https:\/\/www.escolatrac.com\/wp-content\/uploads\/2023\/03\/estiu_mailchimp-453x255.jpg 453w\" \/>              \n              <div class=\"uk-flex-inline uk-flex-between uk-width-1-1\">\n                <h4 class=\"uk-h5 uk-margin-remove uk-text-muted\"><\/h4>\n                <h4 class=\"uk-h5 uk-margin-remove uk-text-muted\"><\/h4>\n              <\/div>\n            <\/li>\n                      <li class=\"uk-width-1-1\">\n                                            \n              <div class=\"uk-flex-inline uk-flex-between uk-width-1-1\">\n                <h4 class=\"uk-h5 uk-margin-remove uk-text-muted\"><\/h4>\n                <h4 class=\"uk-h5 uk-margin-remove uk-text-muted\"><\/h4>\n              <\/div>\n            <\/li>\n                <\/ul>\n\n      <a class=\"c-slidenav uk-position-center-left uk-position-small uk-padding-small\" href=\"#\" uk-slidenav-previous uk-slider-item=\"previous\"><\/a>\n      <a class=\"c-slidenav uk-position-center-right uk-position-small uk-padding-small\" href=\"#\" uk-slidenav-next uk-slider-item=\"next\"><\/a>\n    <\/div>\n\n    <ul class=\"uk-slider-nav uk-position-bottom uk-light uk-dotnav uk-flex-center uk-margin uk-margin-large-bottom\"><\/ul>\n  <\/div>\n\n\n\n<\/div>\n<\/div>\n\n\n\n\n","protected":false},"excerpt":{"rendered":"<p>Este a\u00f1o las Inscripciones del Casal de Verano 2023 se har\u00e1n \u00edntegramente por internet ( pago incluido). Existen dos formularios una para el Casal de Junio-Julio y el otro para el Casal de Agosto septiembre. A partir del lunes 8 de mayo a las 9.00h podr\u00e9is hacer la incripci\u00f3n&nbsp; entrando aqu\u00ed: Formulario Inscripciones Casal de &hellip; <a href=\"https:\/\/www.escolatrac.com\/es\/inscripcions-casal-destiu\/\">Continued<\/a><\/p>\n","protected":false},"author":4,"featured_media":16697,"comment_status":"open","ping_status":"open","sticky":false,"template":"","format":"standard","meta":{"_acf_changed":false,"footnotes":""},"categories":[15],"tags":[],"class_list":["post-16710","post","type-post","status-publish","format-standard","has-post-thumbnail","hentry","category-sin-categorizar"],"acf":[],"yoast_head":"<!-- This site is optimized with the Yoast SEO plugin v27.3 - https:\/\/yoast.com\/product\/yoast-seo-wordpress\/ -->\n<title>Inscripciones Casal Verano 2023 - Escola Tra\u00e7<\/title>\n<meta name=\"robots\" content=\"index, follow, max-snippet:-1, max-image-preview:large, max-video-preview:-1\" \/>\n<link rel=\"canonical\" href=\"https:\/\/www.escolatrac.com\/inscripcions-casal-destiu\/\" \/>\n<meta property=\"og:locale\" content=\"es_ES\" \/>\n<meta property=\"og:type\" content=\"article\" \/>\n<meta property=\"og:title\" content=\"Inscripciones Casal Verano 2023 - Escola Tra\u00e7\" \/>\n<meta property=\"og:description\" content=\"Este a\u00f1o las Inscripciones del Casal de Verano 2023 se har\u00e1n \u00edntegramente por internet ( pago incluido). Existen dos formularios una para el Casal de Junio-Julio y el otro para el Casal de Agosto septiembre. A partir del lunes 8 de mayo a las 9.00h podr\u00e9is hacer la incripci\u00f3n&nbsp; entrando aqu\u00ed: Formulario Inscripciones Casal de &hellip; Continued\" \/>\n<meta property=\"og:url\" content=\"https:\/\/www.escolatrac.com\/inscripcions-casal-destiu\/\" \/>\n<meta property=\"og:site_name\" content=\"Escola Tra\u00e7\" \/>\n<meta property=\"article:published_time\" content=\"2023-06-08T05:37:40+00:00\" \/>\n<meta property=\"article:modified_time\" content=\"2023-06-08T05:37:42+00:00\" \/>\n<meta property=\"og:image\" content=\"https:\/\/www.escolatrac.com\/wp-content\/uploads\/2023\/03\/estiu_mailchimp.jpg\" \/>\n\t<meta property=\"og:image:width\" content=\"1200\" \/>\n\t<meta property=\"og:image:height\" content=\"644\" \/>\n\t<meta property=\"og:image:type\" content=\"image\/jpeg\" \/>\n<meta name=\"author\" content=\"Rosa Martino\" \/>\n<meta name=\"twitter:card\" content=\"summary_large_image\" \/>\n<meta name=\"twitter:label1\" content=\"Escrito por\" \/>\n\t<meta name=\"twitter:data1\" content=\"Rosa Martino\" \/>\n\t<meta name=\"twitter:label2\" content=\"Tiempo de lectura\" \/>\n\t<meta name=\"twitter:data2\" content=\"1 minuto\" \/>\n<script type=\"application\/ld+json\" class=\"yoast-schema-graph\">{\"@context\":\"https:\\\/\\\/schema.org\",\"@graph\":[{\"@type\":\"Article\",\"@id\":\"https:\\\/\\\/www.escolatrac.com\\\/inscripcions-casal-destiu\\\/#article\",\"isPartOf\":{\"@id\":\"https:\\\/\\\/www.escolatrac.com\\\/inscripcions-casal-destiu\\\/\"},\"author\":{\"name\":\"Rosa Martino\",\"@id\":\"https:\\\/\\\/www.escolatrac.com\\\/#\\\/schema\\\/person\\\/5ff68b5fd673b76cf5a50abe285338ba\"},\"headline\":\"Inscripciones Casal Verano 2023\",\"datePublished\":\"2023-06-08T05:37:40+00:00\",\"dateModified\":\"2023-06-08T05:37:42+00:00\",\"mainEntityOfPage\":{\"@id\":\"https:\\\/\\\/www.escolatrac.com\\\/inscripcions-casal-destiu\\\/\"},\"wordCount\":224,\"commentCount\":0,\"image\":{\"@id\":\"https:\\\/\\\/www.escolatrac.com\\\/inscripcions-casal-destiu\\\/#primaryimage\"},\"thumbnailUrl\":\"https:\\\/\\\/www.escolatrac.com\\\/wp-content\\\/uploads\\\/2023\\\/03\\\/estiu_mailchimp.jpg\",\"articleSection\":[\"Sin categorizar\"],\"inLanguage\":\"es\",\"potentialAction\":[{\"@type\":\"CommentAction\",\"name\":\"Comment\",\"target\":[\"https:\\\/\\\/www.escolatrac.com\\\/inscripcions-casal-destiu\\\/#respond\"]}]},{\"@type\":\"WebPage\",\"@id\":\"https:\\\/\\\/www.escolatrac.com\\\/inscripcions-casal-destiu\\\/\",\"url\":\"https:\\\/\\\/www.escolatrac.com\\\/inscripcions-casal-destiu\\\/\",\"name\":\"Inscripciones Casal Verano 2023 - Escola Tra\u00e7\",\"isPartOf\":{\"@id\":\"https:\\\/\\\/www.escolatrac.com\\\/#website\"},\"primaryImageOfPage\":{\"@id\":\"https:\\\/\\\/www.escolatrac.com\\\/inscripcions-casal-destiu\\\/#primaryimage\"},\"image\":{\"@id\":\"https:\\\/\\\/www.escolatrac.com\\\/inscripcions-casal-destiu\\\/#primaryimage\"},\"thumbnailUrl\":\"https:\\\/\\\/www.escolatrac.com\\\/wp-content\\\/uploads\\\/2023\\\/03\\\/estiu_mailchimp.jpg\",\"datePublished\":\"2023-06-08T05:37:40+00:00\",\"dateModified\":\"2023-06-08T05:37:42+00:00\",\"author\":{\"@id\":\"https:\\\/\\\/www.escolatrac.com\\\/#\\\/schema\\\/person\\\/5ff68b5fd673b76cf5a50abe285338ba\"},\"breadcrumb\":{\"@id\":\"https:\\\/\\\/www.escolatrac.com\\\/inscripcions-casal-destiu\\\/#breadcrumb\"},\"inLanguage\":\"es\",\"potentialAction\":[{\"@type\":\"ReadAction\",\"target\":[\"https:\\\/\\\/www.escolatrac.com\\\/inscripcions-casal-destiu\\\/\"]}]},{\"@type\":\"ImageObject\",\"inLanguage\":\"es\",\"@id\":\"https:\\\/\\\/www.escolatrac.com\\\/inscripcions-casal-destiu\\\/#primaryimage\",\"url\":\"https:\\\/\\\/www.escolatrac.com\\\/wp-content\\\/uploads\\\/2023\\\/03\\\/estiu_mailchimp.jpg\",\"contentUrl\":\"https:\\\/\\\/www.escolatrac.com\\\/wp-content\\\/uploads\\\/2023\\\/03\\\/estiu_mailchimp.jpg\",\"width\":1200,\"height\":644},{\"@type\":\"BreadcrumbList\",\"@id\":\"https:\\\/\\\/www.escolatrac.com\\\/inscripcions-casal-destiu\\\/#breadcrumb\",\"itemListElement\":[{\"@type\":\"ListItem\",\"position\":1,\"name\":\"Inici\",\"item\":\"https:\\\/\\\/www.escolatrac.com\\\/es\\\/\"},{\"@type\":\"ListItem\",\"position\":2,\"name\":\"Inscripciones Casal Verano 2023\"}]},{\"@type\":\"WebSite\",\"@id\":\"https:\\\/\\\/www.escolatrac.com\\\/#website\",\"url\":\"https:\\\/\\\/www.escolatrac.com\\\/\",\"name\":\"Escola Tra\u00e7\",\"description\":\"\",\"potentialAction\":[{\"@type\":\"SearchAction\",\"target\":{\"@type\":\"EntryPoint\",\"urlTemplate\":\"https:\\\/\\\/www.escolatrac.com\\\/?s={search_term_string}\"},\"query-input\":{\"@type\":\"PropertyValueSpecification\",\"valueRequired\":true,\"valueName\":\"search_term_string\"}}],\"inLanguage\":\"es\"},{\"@type\":\"Person\",\"@id\":\"https:\\\/\\\/www.escolatrac.com\\\/#\\\/schema\\\/person\\\/5ff68b5fd673b76cf5a50abe285338ba\",\"name\":\"Rosa Martino\",\"image\":{\"@type\":\"ImageObject\",\"inLanguage\":\"es\",\"@id\":\"https:\\\/\\\/secure.gravatar.com\\\/avatar\\\/d1637a2e7e3b8daffef3fd80e3a0aa3a2eb10ed0e5e6af3ccbeb1f14c7db7d14?s=96&d=mm&r=g\",\"url\":\"https:\\\/\\\/secure.gravatar.com\\\/avatar\\\/d1637a2e7e3b8daffef3fd80e3a0aa3a2eb10ed0e5e6af3ccbeb1f14c7db7d14?s=96&d=mm&r=g\",\"contentUrl\":\"https:\\\/\\\/secure.gravatar.com\\\/avatar\\\/d1637a2e7e3b8daffef3fd80e3a0aa3a2eb10ed0e5e6af3ccbeb1f14c7db7d14?s=96&d=mm&r=g\",\"caption\":\"Rosa Martino\"},\"url\":\"https:\\\/\\\/www.escolatrac.com\\\/es\\\/author\\\/rosa\\\/\"}]}<\/script>\n<!-- \/ Yoast SEO plugin. -->","yoast_head_json":{"title":"Inscripciones Casal Verano 2023 - Escola Tra\u00e7","robots":{"index":"index","follow":"follow","max-snippet":"max-snippet:-1","max-image-preview":"max-image-preview:large","max-video-preview":"max-video-preview:-1"},"canonical":"https:\/\/www.escolatrac.com\/inscripcions-casal-destiu\/","og_locale":"es_ES","og_type":"article","og_title":"Inscripciones Casal Verano 2023 - Escola Tra\u00e7","og_description":"Este a\u00f1o las Inscripciones del Casal de Verano 2023 se har\u00e1n \u00edntegramente por internet ( pago incluido). Existen dos formularios una para el Casal de Junio-Julio y el otro para el Casal de Agosto septiembre. A partir del lunes 8 de mayo a las 9.00h podr\u00e9is hacer la incripci\u00f3n&nbsp; entrando aqu\u00ed: Formulario Inscripciones Casal de &hellip; Continued","og_url":"https:\/\/www.escolatrac.com\/inscripcions-casal-destiu\/","og_site_name":"Escola Tra\u00e7","article_published_time":"2023-06-08T05:37:40+00:00","article_modified_time":"2023-06-08T05:37:42+00:00","og_image":[{"width":1200,"height":644,"url":"https:\/\/www.escolatrac.com\/wp-content\/uploads\/2023\/03\/estiu_mailchimp.jpg","type":"image\/jpeg"}],"author":"Rosa Martino","twitter_card":"summary_large_image","twitter_misc":{"Escrito por":"Rosa Martino","Tiempo de lectura":"1 minuto"},"schema":{"@context":"https:\/\/schema.org","@graph":[{"@type":"Article","@id":"https:\/\/www.escolatrac.com\/inscripcions-casal-destiu\/#article","isPartOf":{"@id":"https:\/\/www.escolatrac.com\/inscripcions-casal-destiu\/"},"author":{"name":"Rosa Martino","@id":"https:\/\/www.escolatrac.com\/#\/schema\/person\/5ff68b5fd673b76cf5a50abe285338ba"},"headline":"Inscripciones Casal Verano 2023","datePublished":"2023-06-08T05:37:40+00:00","dateModified":"2023-06-08T05:37:42+00:00","mainEntityOfPage":{"@id":"https:\/\/www.escolatrac.com\/inscripcions-casal-destiu\/"},"wordCount":224,"commentCount":0,"image":{"@id":"https:\/\/www.escolatrac.com\/inscripcions-casal-destiu\/#primaryimage"},"thumbnailUrl":"https:\/\/www.escolatrac.com\/wp-content\/uploads\/2023\/03\/estiu_mailchimp.jpg","articleSection":["Sin categorizar"],"inLanguage":"es","potentialAction":[{"@type":"CommentAction","name":"Comment","target":["https:\/\/www.escolatrac.com\/inscripcions-casal-destiu\/#respond"]}]},{"@type":"WebPage","@id":"https:\/\/www.escolatrac.com\/inscripcions-casal-destiu\/","url":"https:\/\/www.escolatrac.com\/inscripcions-casal-destiu\/","name":"Inscripciones Casal Verano 2023 - Escola Tra\u00e7","isPartOf":{"@id":"https:\/\/www.escolatrac.com\/#website"},"primaryImageOfPage":{"@id":"https:\/\/www.escolatrac.com\/inscripcions-casal-destiu\/#primaryimage"},"image":{"@id":"https:\/\/www.escolatrac.com\/inscripcions-casal-destiu\/#primaryimage"},"thumbnailUrl":"https:\/\/www.escolatrac.com\/wp-content\/uploads\/2023\/03\/estiu_mailchimp.jpg","datePublished":"2023-06-08T05:37:40+00:00","dateModified":"2023-06-08T05:37:42+00:00","author":{"@id":"https:\/\/www.escolatrac.com\/#\/schema\/person\/5ff68b5fd673b76cf5a50abe285338ba"},"breadcrumb":{"@id":"https:\/\/www.escolatrac.com\/inscripcions-casal-destiu\/#breadcrumb"},"inLanguage":"es","potentialAction":[{"@type":"ReadAction","target":["https:\/\/www.escolatrac.com\/inscripcions-casal-destiu\/"]}]},{"@type":"ImageObject","inLanguage":"es","@id":"https:\/\/www.escolatrac.com\/inscripcions-casal-destiu\/#primaryimage","url":"https:\/\/www.escolatrac.com\/wp-content\/uploads\/2023\/03\/estiu_mailchimp.jpg","contentUrl":"https:\/\/www.escolatrac.com\/wp-content\/uploads\/2023\/03\/estiu_mailchimp.jpg","width":1200,"height":644},{"@type":"BreadcrumbList","@id":"https:\/\/www.escolatrac.com\/inscripcions-casal-destiu\/#breadcrumb","itemListElement":[{"@type":"ListItem","position":1,"name":"Inici","item":"https:\/\/www.escolatrac.com\/es\/"},{"@type":"ListItem","position":2,"name":"Inscripciones Casal Verano 2023"}]},{"@type":"WebSite","@id":"https:\/\/www.escolatrac.com\/#website","url":"https:\/\/www.escolatrac.com\/","name":"Escola Tra\u00e7","description":"","potentialAction":[{"@type":"SearchAction","target":{"@type":"EntryPoint","urlTemplate":"https:\/\/www.escolatrac.com\/?s={search_term_string}"},"query-input":{"@type":"PropertyValueSpecification","valueRequired":true,"valueName":"search_term_string"}}],"inLanguage":"es"},{"@type":"Person","@id":"https:\/\/www.escolatrac.com\/#\/schema\/person\/5ff68b5fd673b76cf5a50abe285338ba","name":"Rosa Martino","image":{"@type":"ImageObject","inLanguage":"es","@id":"https:\/\/secure.gravatar.com\/avatar\/d1637a2e7e3b8daffef3fd80e3a0aa3a2eb10ed0e5e6af3ccbeb1f14c7db7d14?s=96&d=mm&r=g","url":"https:\/\/secure.gravatar.com\/avatar\/d1637a2e7e3b8daffef3fd80e3a0aa3a2eb10ed0e5e6af3ccbeb1f14c7db7d14?s=96&d=mm&r=g","contentUrl":"https:\/\/secure.gravatar.com\/avatar\/d1637a2e7e3b8daffef3fd80e3a0aa3a2eb10ed0e5e6af3ccbeb1f14c7db7d14?s=96&d=mm&r=g","caption":"Rosa Martino"},"url":"https:\/\/www.escolatrac.com\/es\/author\/rosa\/"}]}},"_links":{"self":[{"href":"https:\/\/www.escolatrac.com\/es\/wp-json\/wp\/v2\/posts\/16710","targetHints":{"allow":["GET"]}}],"collection":[{"href":"https:\/\/www.escolatrac.com\/es\/wp-json\/wp\/v2\/posts"}],"about":[{"href":"https:\/\/www.escolatrac.com\/es\/wp-json\/wp\/v2\/types\/post"}],"author":[{"embeddable":true,"href":"https:\/\/www.escolatrac.com\/es\/wp-json\/wp\/v2\/users\/4"}],"replies":[{"embeddable":true,"href":"https:\/\/www.escolatrac.com\/es\/wp-json\/wp\/v2\/comments?post=16710"}],"version-history":[{"count":9,"href":"https:\/\/www.escolatrac.com\/es\/wp-json\/wp\/v2\/posts\/16710\/revisions"}],"predecessor-version":[{"id":17340,"href":"https:\/\/www.escolatrac.com\/es\/wp-json\/wp\/v2\/posts\/16710\/revisions\/17340"}],"wp:featuredmedia":[{"embeddable":true,"href":"https:\/\/www.escolatrac.com\/es\/wp-json\/wp\/v2\/media\/16697"}],"wp:attachment":[{"href":"https:\/\/www.escolatrac.com\/es\/wp-json\/wp\/v2\/media?parent=16710"}],"wp:term":[{"taxonomy":"category","embeddable":true,"href":"https:\/\/www.escolatrac.com\/es\/wp-json\/wp\/v2\/categories?post=16710"},{"taxonomy":"post_tag","embeddable":true,"href":"https:\/\/www.escolatrac.com\/es\/wp-json\/wp\/v2\/tags?post=16710"}],"curies":[{"name":"wp","href":"https:\/\/api.w.org\/{rel}","templated":true}]}}