{"id":16162,"date":"2023-01-05T10:50:59","date_gmt":"2023-01-05T09:50:59","guid":{"rendered":"https:\/\/www.escolatrac.com\/?p=16162"},"modified":"2023-01-09T10:42:52","modified_gmt":"2023-01-09T09:42:52","slug":"sabado-creativo-11-de-febrero-2023","status":"publish","type":"post","link":"https:\/\/www.escolatrac.com\/es\/sabado-creativo-11-de-febrero-2023\/","title":{"rendered":"S\u00e1bado Creativo: 11 de Febrero 2023"},"content":{"rendered":"\n<div class=\"wp-block-columns is-layout-flex wp-container-core-columns-is-layout-9d6595d7 wp-block-columns-is-layout-flex\">\n<div class=\"wp-block-column is-layout-flow wp-block-column-is-layout-flow\">\n<p>El pr\u00f3ximo <strong>s\u00e1bado 11 de febrero<\/strong> os proponemos una serie de talleres para adultos, para ni\u00f1os y ni\u00f1as y tambi\u00e9n para disfrutar en familia.<\/p>\n\n\n\n<p>Tenemos propuestas para todos y todas:<\/p>\n\n\n\n<p><strong><a href=\"https:\/\/www.escolatrac.com\/es\/curs-infant\/taller-familiar-laboratorio-creativo-compartido\/\" data-type=\"curso_infant\" data-id=\"16103\">Taller Familiar: Laboratorio Creativo<\/a><\/strong><br>Disfrut\u00e1is de una experiencia creativa en familia, experimentando con diferentes materiales y t\u00e9cnicas pl\u00e1sticas.<br>Pensado por ni\u00f1os, acompa\u00f1ados por un adulto, entre P3 y Primero de primaria<br>Inf\u00f3rmate y reserva plaza <a href=\"https:\/\/www.escolatrac.com\/es\/curs-infant\/taller-familiar-laboratorio-creativo-compartido\/\" data-type=\"curso_infant\" data-id=\"16103\">aqu\u00ed<\/a><\/p>\n\n\n\n<p><strong><a href=\"https:\/\/www.escolatrac.com\/es\/curs-infant\/taller-plastica-infantil\/\" data-type=\"curso_infant\" data-id=\"16135\">Taller Pl\u00e1stica infantil<\/a><\/strong><br>Espacio creativo para desarrollar un proyecto art\u00edstico con acompa\u00f1amiento para aprender a trabajar con diferentes t\u00e9cnicas y materiales.<br>Pensado por ni\u00f1os a partir de segundo de primaria.<br>Inf\u00f3rmate y reserva plaza <a href=\"https:\/\/www.escolatrac.com\/es\/curs-infant\/taller-plastica-infantil\/\" data-type=\"curso_infant\" data-id=\"16135\">aqu\u00ed<\/a><\/p>\n\n\n\n<p><strong><a href=\"https:\/\/www.escolatrac.com\/es\/curs-adult\/intensivo-de-monotipia\/\" data-type=\"curso_adult\" data-id=\"16123\">Intensivo Monotipia<\/a><\/strong><br>En este curso de grabado, para adultos, se introducir\u00e1n las nociones b\u00e1sicas de estampaci\u00f3n y la monotipia, t\u00e9cnica de impresi\u00f3n&nbsp;plano&nbsp;gr\u00e1fica en la que se trabaja a partir de una \u00fanica estampa.<br>Inf\u00f3rmate y reserva plaza <a href=\"https:\/\/www.escolatrac.com\/es\/curs-adult\/intensivo-de-monotipia\/\" data-type=\"curso_adult\" data-id=\"16123\">aqu\u00ed<\/a><\/p>\n\n\n\n<p><strong><a href=\"https:\/\/www.escolatrac.com\/es\/curs-adult\/intensiu-de-introduccio-al-torn\/\" data-type=\"curso_adult\" data-id=\"16125\">Cer\u00e1mica: Introducci\u00f3n al Torno<\/a><\/strong><br>Intensivo de introducci\u00f3n al turno, por mayores de 16 a\u00f1os, donde aprenderemos los principios b\u00e1sicos de la cer\u00e1mica y tendremos un primer contacto con la t\u00e9cnica del torneado.<br>Inf\u00f3rmate y reserva plaza <a href=\"https:\/\/www.escolatrac.com\/es\/curs-adult\/intensiu-de-introduccio-al-torn\/\" data-type=\"curso_adult\" data-id=\"16125\">aqu\u00ed<\/a><\/p>\n\n\n\n<p><a href=\"https:\/\/www.escolatrac.com\/es\/sabado-creativo-11-de-febrero-2023\/\">Ver Not\u00edcia<\/a><\/p>\n<\/div>\n\n\n\n<div class=\"wp-block-column is-layout-flow wp-block-column-is-layout-flow\">\n  <div class=\"uk-visible-toggle uk-position-relative\" uk-slider=\"finite: true; center: true; animation: push; ratio: 16:9;\">\n    <div class=\"uk-position-relative uk-visible-toggle\" tabindex=\"-1\">\n      <ul class=\"uk-slider-items\">\n                      <li class=\"uk-width-1-1\">\n                              <img decoding=\"async\" width=\"864\" height=\"576\" src=\"https:\/\/www.escolatrac.com\/wp-content\/uploads\/2018\/12\/Taller-cer\u00e0mica-Sarria.jpg\" class=\"attachment-large size-large lazyload\" alt=\"\" data-size=\"auto\" data-src=\"https:\/\/www.escolatrac.com\/wp-content\/uploads\/2018\/12\/Taller-cer\u00e0mica-Sarria.jpg\" \/>              \n              <div class=\"uk-flex-inline uk-flex-between uk-width-1-1\">\n                <h4 class=\"uk-h5 uk-margin-remove uk-text-muted\"><\/h4>\n                <h4 class=\"uk-h5 uk-margin-remove uk-text-muted\"><\/h4>\n              <\/div>\n            <\/li>\n                      <li class=\"uk-width-1-1\">\n                              <img decoding=\"async\" width=\"1024\" height=\"576\" src=\"https:\/\/www.escolatrac.com\/wp-content\/uploads\/2023\/01\/20200303_115456-300x168.jpg\" class=\"attachment-large size-large lazyload\" alt=\"\" srcset=\"\" sizes=\"(max-width: 1024px) 100vw, 1024px\" data-size=\"auto\" data-src=\"https:\/\/www.escolatrac.com\/wp-content\/uploads\/2023\/01\/20200303_115456-1024x576.jpg\" data-srcset=\"https:\/\/www.escolatrac.com\/wp-content\/uploads\/2023\/01\/20200303_115456-1024x576.jpg 1024w, https:\/\/www.escolatrac.com\/wp-content\/uploads\/2023\/01\/20200303_115456-300x168.jpg 300w, https:\/\/www.escolatrac.com\/wp-content\/uploads\/2023\/01\/20200303_115456-768x432.jpg 768w, https:\/\/www.escolatrac.com\/wp-content\/uploads\/2023\/01\/20200303_115456-453x255.jpg 453w\" \/>              \n              <div class=\"uk-flex-inline uk-flex-between uk-width-1-1\">\n                <h4 class=\"uk-h5 uk-margin-remove uk-text-muted\"><\/h4>\n                <h4 class=\"uk-h5 uk-margin-remove uk-text-muted\"><\/h4>\n              <\/div>\n            <\/li>\n                      <li class=\"uk-width-1-1\">\n                              <img decoding=\"async\" width=\"564\" height=\"423\" src=\"https:\/\/www.escolatrac.com\/wp-content\/uploads\/2021\/09\/6e7c896cb45f257b80caf5a0c41073d5-300x168.jpg\" class=\"attachment-large size-large lazyload\" alt=\"\" data-size=\"auto\" data-src=\"https:\/\/www.escolatrac.com\/wp-content\/uploads\/2021\/09\/6e7c896cb45f257b80caf5a0c41073d5.jpg\" \/>              \n              <div class=\"uk-flex-inline uk-flex-between uk-width-1-1\">\n                <h4 class=\"uk-h5 uk-margin-remove uk-text-muted\"><\/h4>\n                <h4 class=\"uk-h5 uk-margin-remove uk-text-muted\"><\/h4>\n              <\/div>\n            <\/li>\n                      <li class=\"uk-width-1-1\">\n                              <img decoding=\"async\" width=\"900\" height=\"576\" src=\"https:\/\/www.escolatrac.com\/wp-content\/uploads\/2023\/01\/IMG-20230104-WA0012-300x168.jpg\" class=\"attachment-large size-large lazyload\" alt=\"\" data-size=\"auto\" data-src=\"https:\/\/www.escolatrac.com\/wp-content\/uploads\/2023\/01\/IMG-20230104-WA0012-900x576.jpg\" \/>              \n              <div class=\"uk-flex-inline uk-flex-between uk-width-1-1\">\n                <h4 class=\"uk-h5 uk-margin-remove uk-text-muted\"><\/h4>\n                <h4 class=\"uk-h5 uk-margin-remove uk-text-muted\"><\/h4>\n              <\/div>\n            <\/li>\n                <\/ul>\n\n      <a class=\"c-slidenav uk-position-center-left uk-position-small uk-padding-small\" href=\"#\" uk-slidenav-previous uk-slider-item=\"previous\"><\/a>\n      <a class=\"c-slidenav uk-position-center-right uk-position-small uk-padding-small\" href=\"#\" uk-slidenav-next uk-slider-item=\"next\"><\/a>\n    <\/div>\n\n    <ul class=\"uk-slider-nav uk-position-bottom uk-light uk-dotnav uk-flex-center uk-margin uk-margin-large-bottom\"><\/ul>\n  <\/div>\n\n\n\n<\/div>\n<\/div>\n\n\n\n\n","protected":false},"excerpt":{"rendered":"<p>El pr\u00f3ximo s\u00e1bado 11 de febrero os proponemos una serie de talleres para adultos, para ni\u00f1os y ni\u00f1as y tambi\u00e9n para disfrutar en familia. Tenemos propuestas para todos y todas: Taller Familiar: Laboratorio CreativoDisfrut\u00e1is de una experiencia creativa en familia, experimentando con diferentes materiales y t\u00e9cnicas pl\u00e1sticas.Pensado por ni\u00f1os, acompa\u00f1ados por un adulto, entre P3 &hellip; <a href=\"https:\/\/www.escolatrac.com\/es\/sabado-creativo-11-de-febrero-2023\/\">Continued<\/a><\/p>\n","protected":false},"author":4,"featured_media":5230,"comment_status":"open","ping_status":"open","sticky":false,"template":"","format":"standard","meta":{"_acf_changed":false,"footnotes":""},"categories":[15],"tags":[],"class_list":["post-16162","post","type-post","status-publish","format-standard","has-post-thumbnail","hentry","category-sin-categorizar"],"acf":[],"yoast_head":"<!-- This site is optimized with the Yoast SEO plugin v27.3 - https:\/\/yoast.com\/product\/yoast-seo-wordpress\/ -->\n<title>S\u00e1bado Creativo: 11 de Febrero 2023 - Escola Tra\u00e7<\/title>\n<meta name=\"robots\" content=\"index, follow, max-snippet:-1, max-image-preview:large, max-video-preview:-1\" \/>\n<link rel=\"canonical\" href=\"https:\/\/www.escolatrac.com\/es\/sabado-creativo-11-de-febrero-2023\/\" \/>\n<meta property=\"og:locale\" content=\"es_ES\" \/>\n<meta property=\"og:type\" content=\"article\" \/>\n<meta property=\"og:title\" content=\"S\u00e1bado Creativo: 11 de Febrero 2023 - Escola Tra\u00e7\" \/>\n<meta property=\"og:description\" content=\"El pr\u00f3ximo s\u00e1bado 11 de febrero os proponemos una serie de talleres para adultos, para ni\u00f1os y ni\u00f1as y tambi\u00e9n para disfrutar en familia. Tenemos propuestas para todos y todas: Taller Familiar: Laboratorio CreativoDisfrut\u00e1is de una experiencia creativa en familia, experimentando con diferentes materiales y t\u00e9cnicas pl\u00e1sticas.Pensado por ni\u00f1os, acompa\u00f1ados por un adulto, entre P3 &hellip; Continued\" \/>\n<meta property=\"og:url\" content=\"https:\/\/www.escolatrac.com\/es\/sabado-creativo-11-de-febrero-2023\/\" \/>\n<meta property=\"og:site_name\" content=\"Escola Tra\u00e7\" \/>\n<meta property=\"article:published_time\" content=\"2023-01-05T09:50:59+00:00\" \/>\n<meta property=\"article:modified_time\" content=\"2023-01-09T09:42:52+00:00\" \/>\n<meta property=\"og:image\" content=\"https:\/\/www.escolatrac.com\/wp-content\/uploads\/2019\/05\/Escuela-arte-ceramica-barcelona.jpg\" \/>\n\t<meta property=\"og:image:width\" content=\"1440\" \/>\n\t<meta property=\"og:image:height\" content=\"956\" \/>\n\t<meta property=\"og:image:type\" content=\"image\/jpeg\" \/>\n<meta name=\"author\" content=\"Rosa Martino\" \/>\n<meta name=\"twitter:card\" content=\"summary_large_image\" \/>\n<meta name=\"twitter:label1\" content=\"Escrito por\" \/>\n\t<meta name=\"twitter:data1\" content=\"Rosa Martino\" \/>\n\t<meta name=\"twitter:label2\" content=\"Tiempo de lectura\" \/>\n\t<meta name=\"twitter:data2\" content=\"1 minuto\" \/>\n<script type=\"application\/ld+json\" class=\"yoast-schema-graph\">{\"@context\":\"https:\\\/\\\/schema.org\",\"@graph\":[{\"@type\":\"Article\",\"@id\":\"https:\\\/\\\/www.escolatrac.com\\\/es\\\/sabado-creativo-11-de-febrero-2023\\\/#article\",\"isPartOf\":{\"@id\":\"https:\\\/\\\/www.escolatrac.com\\\/es\\\/sabado-creativo-11-de-febrero-2023\\\/\"},\"author\":{\"name\":\"Rosa Martino\",\"@id\":\"https:\\\/\\\/www.escolatrac.com\\\/#\\\/schema\\\/person\\\/5ff68b5fd673b76cf5a50abe285338ba\"},\"headline\":\"S\u00e1bado Creativo: 11 de Febrero 2023\",\"datePublished\":\"2023-01-05T09:50:59+00:00\",\"dateModified\":\"2023-01-09T09:42:52+00:00\",\"mainEntityOfPage\":{\"@id\":\"https:\\\/\\\/www.escolatrac.com\\\/es\\\/sabado-creativo-11-de-febrero-2023\\\/\"},\"wordCount\":217,\"commentCount\":0,\"image\":{\"@id\":\"https:\\\/\\\/www.escolatrac.com\\\/es\\\/sabado-creativo-11-de-febrero-2023\\\/#primaryimage\"},\"thumbnailUrl\":\"https:\\\/\\\/www.escolatrac.com\\\/wp-content\\\/uploads\\\/2019\\\/05\\\/Escuela-arte-ceramica-barcelona.jpg\",\"articleSection\":[\"Sin categorizar\"],\"inLanguage\":\"es\",\"potentialAction\":[{\"@type\":\"CommentAction\",\"name\":\"Comment\",\"target\":[\"https:\\\/\\\/www.escolatrac.com\\\/es\\\/sabado-creativo-11-de-febrero-2023\\\/#respond\"]}]},{\"@type\":\"WebPage\",\"@id\":\"https:\\\/\\\/www.escolatrac.com\\\/es\\\/sabado-creativo-11-de-febrero-2023\\\/\",\"url\":\"https:\\\/\\\/www.escolatrac.com\\\/es\\\/sabado-creativo-11-de-febrero-2023\\\/\",\"name\":\"S\u00e1bado Creativo: 11 de Febrero 2023 - Escola Tra\u00e7\",\"isPartOf\":{\"@id\":\"https:\\\/\\\/www.escolatrac.com\\\/#website\"},\"primaryImageOfPage\":{\"@id\":\"https:\\\/\\\/www.escolatrac.com\\\/es\\\/sabado-creativo-11-de-febrero-2023\\\/#primaryimage\"},\"image\":{\"@id\":\"https:\\\/\\\/www.escolatrac.com\\\/es\\\/sabado-creativo-11-de-febrero-2023\\\/#primaryimage\"},\"thumbnailUrl\":\"https:\\\/\\\/www.escolatrac.com\\\/wp-content\\\/uploads\\\/2019\\\/05\\\/Escuela-arte-ceramica-barcelona.jpg\",\"datePublished\":\"2023-01-05T09:50:59+00:00\",\"dateModified\":\"2023-01-09T09:42:52+00:00\",\"author\":{\"@id\":\"https:\\\/\\\/www.escolatrac.com\\\/#\\\/schema\\\/person\\\/5ff68b5fd673b76cf5a50abe285338ba\"},\"breadcrumb\":{\"@id\":\"https:\\\/\\\/www.escolatrac.com\\\/es\\\/sabado-creativo-11-de-febrero-2023\\\/#breadcrumb\"},\"inLanguage\":\"es\",\"potentialAction\":[{\"@type\":\"ReadAction\",\"target\":[\"https:\\\/\\\/www.escolatrac.com\\\/es\\\/sabado-creativo-11-de-febrero-2023\\\/\"]}]},{\"@type\":\"ImageObject\",\"inLanguage\":\"es\",\"@id\":\"https:\\\/\\\/www.escolatrac.com\\\/es\\\/sabado-creativo-11-de-febrero-2023\\\/#primaryimage\",\"url\":\"https:\\\/\\\/www.escolatrac.com\\\/wp-content\\\/uploads\\\/2019\\\/05\\\/Escuela-arte-ceramica-barcelona.jpg\",\"contentUrl\":\"https:\\\/\\\/www.escolatrac.com\\\/wp-content\\\/uploads\\\/2019\\\/05\\\/Escuela-arte-ceramica-barcelona.jpg\",\"width\":1440,\"height\":956,\"caption\":\"ceramica escola tra\u00e7 barcelona\"},{\"@type\":\"BreadcrumbList\",\"@id\":\"https:\\\/\\\/www.escolatrac.com\\\/es\\\/sabado-creativo-11-de-febrero-2023\\\/#breadcrumb\",\"itemListElement\":[{\"@type\":\"ListItem\",\"position\":1,\"name\":\"Inici\",\"item\":\"https:\\\/\\\/www.escolatrac.com\\\/es\\\/\"},{\"@type\":\"ListItem\",\"position\":2,\"name\":\"S\u00e1bado Creativo: 11 de Febrero 2023\"}]},{\"@type\":\"WebSite\",\"@id\":\"https:\\\/\\\/www.escolatrac.com\\\/#website\",\"url\":\"https:\\\/\\\/www.escolatrac.com\\\/\",\"name\":\"Escola Tra\u00e7\",\"description\":\"\",\"potentialAction\":[{\"@type\":\"SearchAction\",\"target\":{\"@type\":\"EntryPoint\",\"urlTemplate\":\"https:\\\/\\\/www.escolatrac.com\\\/?s={search_term_string}\"},\"query-input\":{\"@type\":\"PropertyValueSpecification\",\"valueRequired\":true,\"valueName\":\"search_term_string\"}}],\"inLanguage\":\"es\"},{\"@type\":\"Person\",\"@id\":\"https:\\\/\\\/www.escolatrac.com\\\/#\\\/schema\\\/person\\\/5ff68b5fd673b76cf5a50abe285338ba\",\"name\":\"Rosa Martino\",\"image\":{\"@type\":\"ImageObject\",\"inLanguage\":\"es\",\"@id\":\"https:\\\/\\\/secure.gravatar.com\\\/avatar\\\/d1637a2e7e3b8daffef3fd80e3a0aa3a2eb10ed0e5e6af3ccbeb1f14c7db7d14?s=96&d=mm&r=g\",\"url\":\"https:\\\/\\\/secure.gravatar.com\\\/avatar\\\/d1637a2e7e3b8daffef3fd80e3a0aa3a2eb10ed0e5e6af3ccbeb1f14c7db7d14?s=96&d=mm&r=g\",\"contentUrl\":\"https:\\\/\\\/secure.gravatar.com\\\/avatar\\\/d1637a2e7e3b8daffef3fd80e3a0aa3a2eb10ed0e5e6af3ccbeb1f14c7db7d14?s=96&d=mm&r=g\",\"caption\":\"Rosa Martino\"},\"url\":\"https:\\\/\\\/www.escolatrac.com\\\/es\\\/author\\\/rosa\\\/\"}]}<\/script>\n<!-- \/ Yoast SEO plugin. -->","yoast_head_json":{"title":"S\u00e1bado Creativo: 11 de Febrero 2023 - Escola Tra\u00e7","robots":{"index":"index","follow":"follow","max-snippet":"max-snippet:-1","max-image-preview":"max-image-preview:large","max-video-preview":"max-video-preview:-1"},"canonical":"https:\/\/www.escolatrac.com\/es\/sabado-creativo-11-de-febrero-2023\/","og_locale":"es_ES","og_type":"article","og_title":"S\u00e1bado Creativo: 11 de Febrero 2023 - Escola Tra\u00e7","og_description":"El pr\u00f3ximo s\u00e1bado 11 de febrero os proponemos una serie de talleres para adultos, para ni\u00f1os y ni\u00f1as y tambi\u00e9n para disfrutar en familia. Tenemos propuestas para todos y todas: Taller Familiar: Laboratorio CreativoDisfrut\u00e1is de una experiencia creativa en familia, experimentando con diferentes materiales y t\u00e9cnicas pl\u00e1sticas.Pensado por ni\u00f1os, acompa\u00f1ados por un adulto, entre P3 &hellip; Continued","og_url":"https:\/\/www.escolatrac.com\/es\/sabado-creativo-11-de-febrero-2023\/","og_site_name":"Escola Tra\u00e7","article_published_time":"2023-01-05T09:50:59+00:00","article_modified_time":"2023-01-09T09:42:52+00:00","og_image":[{"width":1440,"height":956,"url":"https:\/\/www.escolatrac.com\/wp-content\/uploads\/2019\/05\/Escuela-arte-ceramica-barcelona.jpg","type":"image\/jpeg"}],"author":"Rosa Martino","twitter_card":"summary_large_image","twitter_misc":{"Escrito por":"Rosa Martino","Tiempo de lectura":"1 minuto"},"schema":{"@context":"https:\/\/schema.org","@graph":[{"@type":"Article","@id":"https:\/\/www.escolatrac.com\/es\/sabado-creativo-11-de-febrero-2023\/#article","isPartOf":{"@id":"https:\/\/www.escolatrac.com\/es\/sabado-creativo-11-de-febrero-2023\/"},"author":{"name":"Rosa Martino","@id":"https:\/\/www.escolatrac.com\/#\/schema\/person\/5ff68b5fd673b76cf5a50abe285338ba"},"headline":"S\u00e1bado Creativo: 11 de Febrero 2023","datePublished":"2023-01-05T09:50:59+00:00","dateModified":"2023-01-09T09:42:52+00:00","mainEntityOfPage":{"@id":"https:\/\/www.escolatrac.com\/es\/sabado-creativo-11-de-febrero-2023\/"},"wordCount":217,"commentCount":0,"image":{"@id":"https:\/\/www.escolatrac.com\/es\/sabado-creativo-11-de-febrero-2023\/#primaryimage"},"thumbnailUrl":"https:\/\/www.escolatrac.com\/wp-content\/uploads\/2019\/05\/Escuela-arte-ceramica-barcelona.jpg","articleSection":["Sin categorizar"],"inLanguage":"es","potentialAction":[{"@type":"CommentAction","name":"Comment","target":["https:\/\/www.escolatrac.com\/es\/sabado-creativo-11-de-febrero-2023\/#respond"]}]},{"@type":"WebPage","@id":"https:\/\/www.escolatrac.com\/es\/sabado-creativo-11-de-febrero-2023\/","url":"https:\/\/www.escolatrac.com\/es\/sabado-creativo-11-de-febrero-2023\/","name":"S\u00e1bado Creativo: 11 de Febrero 2023 - Escola Tra\u00e7","isPartOf":{"@id":"https:\/\/www.escolatrac.com\/#website"},"primaryImageOfPage":{"@id":"https:\/\/www.escolatrac.com\/es\/sabado-creativo-11-de-febrero-2023\/#primaryimage"},"image":{"@id":"https:\/\/www.escolatrac.com\/es\/sabado-creativo-11-de-febrero-2023\/#primaryimage"},"thumbnailUrl":"https:\/\/www.escolatrac.com\/wp-content\/uploads\/2019\/05\/Escuela-arte-ceramica-barcelona.jpg","datePublished":"2023-01-05T09:50:59+00:00","dateModified":"2023-01-09T09:42:52+00:00","author":{"@id":"https:\/\/www.escolatrac.com\/#\/schema\/person\/5ff68b5fd673b76cf5a50abe285338ba"},"breadcrumb":{"@id":"https:\/\/www.escolatrac.com\/es\/sabado-creativo-11-de-febrero-2023\/#breadcrumb"},"inLanguage":"es","potentialAction":[{"@type":"ReadAction","target":["https:\/\/www.escolatrac.com\/es\/sabado-creativo-11-de-febrero-2023\/"]}]},{"@type":"ImageObject","inLanguage":"es","@id":"https:\/\/www.escolatrac.com\/es\/sabado-creativo-11-de-febrero-2023\/#primaryimage","url":"https:\/\/www.escolatrac.com\/wp-content\/uploads\/2019\/05\/Escuela-arte-ceramica-barcelona.jpg","contentUrl":"https:\/\/www.escolatrac.com\/wp-content\/uploads\/2019\/05\/Escuela-arte-ceramica-barcelona.jpg","width":1440,"height":956,"caption":"ceramica escola tra\u00e7 barcelona"},{"@type":"BreadcrumbList","@id":"https:\/\/www.escolatrac.com\/es\/sabado-creativo-11-de-febrero-2023\/#breadcrumb","itemListElement":[{"@type":"ListItem","position":1,"name":"Inici","item":"https:\/\/www.escolatrac.com\/es\/"},{"@type":"ListItem","position":2,"name":"S\u00e1bado Creativo: 11 de Febrero 2023"}]},{"@type":"WebSite","@id":"https:\/\/www.escolatrac.com\/#website","url":"https:\/\/www.escolatrac.com\/","name":"Escola Tra\u00e7","description":"","potentialAction":[{"@type":"SearchAction","target":{"@type":"EntryPoint","urlTemplate":"https:\/\/www.escolatrac.com\/?s={search_term_string}"},"query-input":{"@type":"PropertyValueSpecification","valueRequired":true,"valueName":"search_term_string"}}],"inLanguage":"es"},{"@type":"Person","@id":"https:\/\/www.escolatrac.com\/#\/schema\/person\/5ff68b5fd673b76cf5a50abe285338ba","name":"Rosa Martino","image":{"@type":"ImageObject","inLanguage":"es","@id":"https:\/\/secure.gravatar.com\/avatar\/d1637a2e7e3b8daffef3fd80e3a0aa3a2eb10ed0e5e6af3ccbeb1f14c7db7d14?s=96&d=mm&r=g","url":"https:\/\/secure.gravatar.com\/avatar\/d1637a2e7e3b8daffef3fd80e3a0aa3a2eb10ed0e5e6af3ccbeb1f14c7db7d14?s=96&d=mm&r=g","contentUrl":"https:\/\/secure.gravatar.com\/avatar\/d1637a2e7e3b8daffef3fd80e3a0aa3a2eb10ed0e5e6af3ccbeb1f14c7db7d14?s=96&d=mm&r=g","caption":"Rosa Martino"},"url":"https:\/\/www.escolatrac.com\/es\/author\/rosa\/"}]}},"_links":{"self":[{"href":"https:\/\/www.escolatrac.com\/es\/wp-json\/wp\/v2\/posts\/16162","targetHints":{"allow":["GET"]}}],"collection":[{"href":"https:\/\/www.escolatrac.com\/es\/wp-json\/wp\/v2\/posts"}],"about":[{"href":"https:\/\/www.escolatrac.com\/es\/wp-json\/wp\/v2\/types\/post"}],"author":[{"embeddable":true,"href":"https:\/\/www.escolatrac.com\/es\/wp-json\/wp\/v2\/users\/4"}],"replies":[{"embeddable":true,"href":"https:\/\/www.escolatrac.com\/es\/wp-json\/wp\/v2\/comments?post=16162"}],"version-history":[{"count":5,"href":"https:\/\/www.escolatrac.com\/es\/wp-json\/wp\/v2\/posts\/16162\/revisions"}],"predecessor-version":[{"id":16205,"href":"https:\/\/www.escolatrac.com\/es\/wp-json\/wp\/v2\/posts\/16162\/revisions\/16205"}],"wp:featuredmedia":[{"embeddable":true,"href":"https:\/\/www.escolatrac.com\/es\/wp-json\/wp\/v2\/media\/5230"}],"wp:attachment":[{"href":"https:\/\/www.escolatrac.com\/es\/wp-json\/wp\/v2\/media?parent=16162"}],"wp:term":[{"taxonomy":"category","embeddable":true,"href":"https:\/\/www.escolatrac.com\/es\/wp-json\/wp\/v2\/categories?post=16162"},{"taxonomy":"post_tag","embeddable":true,"href":"https:\/\/www.escolatrac.com\/es\/wp-json\/wp\/v2\/tags?post=16162"}],"curies":[{"name":"wp","href":"https:\/\/api.w.org\/{rel}","templated":true}]}}