{"id":14551,"date":"2022-03-01T15:02:00","date_gmt":"2022-03-01T14:02:00","guid":{"rendered":"https:\/\/www.escolatrac.com\/?p=14551"},"modified":"2022-06-07T12:18:00","modified_gmt":"2022-06-07T10:18:00","slug":"festa-de-la-primavera-2022-portes-obertes","status":"publish","type":"post","link":"https:\/\/www.escolatrac.com\/es\/festa-de-la-primavera-2022-portes-obertes\/","title":{"rendered":"Fiesta de la Primavera 2022. Puertas abiertas"},"content":{"rendered":"\n<div class=\"wp-block-columns is-layout-flex wp-container-core-columns-is-layout-9d6595d7 wp-block-columns-is-layout-flex\">\n<div class=\"wp-block-column is-layout-flow wp-block-column-is-layout-flow\">\n<p>El pr\u00f3ximo s\u00e1bado 30 de abril <strong>Tra\u00e7<\/strong> vuelve a abriros las puertas para celebrar nuestra particular <strong>Fiesta de la Primavera<\/strong>. Se trata de una jornada festiva donde el alumnado de los talleres de adultos y ni\u00f1os participan aportando sus obras en una muestra intergeneracional<br>No es&nbsp;balad\u00ed&nbsp;que la tem\u00e1tica de este a\u00f1o sea <strong>Una Casa al Tra\u00e7<\/strong>. Despu\u00e9s de un par de a\u00f1os complicados que bonito es volver a abrir la puerta para deciros que sois  bienvenidos, que est\u00e1is en vuestra casa  y que nos encanta y estamos muy agradecidos de teneros cerca.<\/p>\n\n\n\n<p>Res\u00e9rvate el d\u00eda:<\/p>\n\n\n\n<p>D\u00eda: S\u00e1bado 30 de abril<br>Horario: de 11.00h&nbsp;a 14.00h&nbsp;y de 16.30h&nbsp;a19.00h<br>Habr\u00e1 una aperitivo a las 12.30h<\/p>\n<\/div>\n\n\n\n<div class=\"wp-block-column is-layout-flow wp-block-column-is-layout-flow\">\n  <div class=\"uk-visible-toggle uk-position-relative\" uk-slider=\"finite: true; center: true; animation: push; ratio: 16:9;\">\n    <div class=\"uk-position-relative uk-visible-toggle\" tabindex=\"-1\">\n      <ul class=\"uk-slider-items\">\n                      <li class=\"uk-width-1-1\">\n                              <img decoding=\"async\" width=\"1024\" height=\"576\" src=\"https:\/\/www.escolatrac.com\/wp-content\/uploads\/2022\/04\/IMG_5086-1-300x168.jpg\" class=\"attachment-large size-large lazyload\" alt=\"\" srcset=\"\" sizes=\"(max-width: 1024px) 100vw, 1024px\" data-size=\"auto\" data-src=\"https:\/\/www.escolatrac.com\/wp-content\/uploads\/2022\/04\/IMG_5086-1-1024x576.jpg\" data-srcset=\"https:\/\/www.escolatrac.com\/wp-content\/uploads\/2022\/04\/IMG_5086-1-1024x576.jpg 1024w, https:\/\/www.escolatrac.com\/wp-content\/uploads\/2022\/04\/IMG_5086-1-300x168.jpg 300w, https:\/\/www.escolatrac.com\/wp-content\/uploads\/2022\/04\/IMG_5086-1-768x432.jpg 768w, https:\/\/www.escolatrac.com\/wp-content\/uploads\/2022\/04\/IMG_5086-1-453x255.jpg 453w\" \/>              \n              <div class=\"uk-flex-inline uk-flex-between uk-width-1-1\">\n                <h4 class=\"uk-h5 uk-margin-remove uk-text-muted\"><\/h4>\n                <h4 class=\"uk-h5 uk-margin-remove uk-text-muted\"><\/h4>\n              <\/div>\n            <\/li>\n                <\/ul>\n\n      <a class=\"c-slidenav uk-position-center-left uk-position-small uk-padding-small\" href=\"#\" uk-slidenav-previous uk-slider-item=\"previous\"><\/a>\n      <a class=\"c-slidenav uk-position-center-right uk-position-small uk-padding-small\" href=\"#\" uk-slidenav-next uk-slider-item=\"next\"><\/a>\n    <\/div>\n\n    <ul class=\"uk-slider-nav uk-position-bottom uk-light uk-dotnav uk-flex-center uk-margin uk-margin-large-bottom\"><\/ul>\n  <\/div>\n\n\n\n<\/div>\n<\/div>\n\n\n\n\n","protected":false},"excerpt":{"rendered":"<p>El pr\u00f3ximo s\u00e1bado 30 de abril Tra\u00e7 vuelve a abriros las puertas para celebrar nuestra particular Fiesta de la Primavera. Se trata de una jornada festiva donde el alumnado de los talleres de adultos y ni\u00f1os participan aportando sus obras en una muestra intergeneracionalNo es&nbsp;balad\u00ed&nbsp;que la tem\u00e1tica de este a\u00f1o sea Una Casa al Tra\u00e7. &hellip; <a href=\"https:\/\/www.escolatrac.com\/es\/festa-de-la-primavera-2022-portes-obertes\/\">Continued<\/a><\/p>\n","protected":false},"author":4,"featured_media":14545,"comment_status":"open","ping_status":"open","sticky":false,"template":"","format":"standard","meta":{"_acf_changed":false,"footnotes":""},"categories":[15],"tags":[],"class_list":["post-14551","post","type-post","status-publish","format-standard","has-post-thumbnail","hentry","category-sin-categorizar"],"acf":[],"yoast_head":"<!-- This site is optimized with the Yoast SEO plugin v27.3 - https:\/\/yoast.com\/product\/yoast-seo-wordpress\/ -->\n<title>Fiesta de la Primavera 2022. Puertas abiertas - Escola Tra\u00e7<\/title>\n<meta name=\"robots\" content=\"index, follow, max-snippet:-1, max-image-preview:large, max-video-preview:-1\" \/>\n<link rel=\"canonical\" href=\"https:\/\/www.escolatrac.com\/festa-de-la-primavera-2022-portes-obertes\/\" \/>\n<meta property=\"og:locale\" content=\"es_ES\" \/>\n<meta property=\"og:type\" content=\"article\" \/>\n<meta property=\"og:title\" content=\"Fiesta de la Primavera 2022. Puertas abiertas - Escola Tra\u00e7\" \/>\n<meta property=\"og:description\" content=\"El pr\u00f3ximo s\u00e1bado 30 de abril Tra\u00e7 vuelve a abriros las puertas para celebrar nuestra particular Fiesta de la Primavera. Se trata de una jornada festiva donde el alumnado de los talleres de adultos y ni\u00f1os participan aportando sus obras en una muestra intergeneracionalNo es&nbsp;balad\u00ed&nbsp;que la tem\u00e1tica de este a\u00f1o sea Una Casa al Tra\u00e7. &hellip; Continued\" \/>\n<meta property=\"og:url\" content=\"https:\/\/www.escolatrac.com\/festa-de-la-primavera-2022-portes-obertes\/\" \/>\n<meta property=\"og:site_name\" content=\"Escola Tra\u00e7\" \/>\n<meta property=\"article:published_time\" content=\"2022-03-01T14:02:00+00:00\" \/>\n<meta property=\"article:modified_time\" content=\"2022-06-07T10:18:00+00:00\" \/>\n<meta property=\"og:image\" content=\"https:\/\/www.escolatrac.com\/wp-content\/uploads\/2022\/04\/AF-XXSS_CASA-AL-TRAC-2-e1650891262210.jpg\" \/>\n\t<meta property=\"og:image:width\" content=\"946\" \/>\n\t<meta property=\"og:image:height\" content=\"946\" \/>\n\t<meta property=\"og:image:type\" content=\"image\/jpeg\" \/>\n<meta name=\"author\" content=\"Rosa Martino\" \/>\n<meta name=\"twitter:card\" content=\"summary_large_image\" \/>\n<meta name=\"twitter:label1\" content=\"Escrito por\" \/>\n\t<meta name=\"twitter:data1\" content=\"Rosa Martino\" \/>\n\t<meta name=\"twitter:label2\" content=\"Tiempo de lectura\" \/>\n\t<meta name=\"twitter:data2\" content=\"1 minuto\" \/>\n<script type=\"application\/ld+json\" class=\"yoast-schema-graph\">{\"@context\":\"https:\\\/\\\/schema.org\",\"@graph\":[{\"@type\":\"Article\",\"@id\":\"https:\\\/\\\/www.escolatrac.com\\\/festa-de-la-primavera-2022-portes-obertes\\\/#article\",\"isPartOf\":{\"@id\":\"https:\\\/\\\/www.escolatrac.com\\\/festa-de-la-primavera-2022-portes-obertes\\\/\"},\"author\":{\"name\":\"Rosa Martino\",\"@id\":\"https:\\\/\\\/www.escolatrac.com\\\/#\\\/schema\\\/person\\\/5ff68b5fd673b76cf5a50abe285338ba\"},\"headline\":\"Fiesta de la Primavera 2022. Puertas abiertas\",\"datePublished\":\"2022-03-01T14:02:00+00:00\",\"dateModified\":\"2022-06-07T10:18:00+00:00\",\"mainEntityOfPage\":{\"@id\":\"https:\\\/\\\/www.escolatrac.com\\\/festa-de-la-primavera-2022-portes-obertes\\\/\"},\"wordCount\":136,\"commentCount\":0,\"image\":{\"@id\":\"https:\\\/\\\/www.escolatrac.com\\\/festa-de-la-primavera-2022-portes-obertes\\\/#primaryimage\"},\"thumbnailUrl\":\"https:\\\/\\\/www.escolatrac.com\\\/wp-content\\\/uploads\\\/2022\\\/04\\\/AF-XXSS_CASA-AL-TRAC-2-e1650891262210.jpg\",\"articleSection\":[\"Sin categorizar\"],\"inLanguage\":\"es\",\"potentialAction\":[{\"@type\":\"CommentAction\",\"name\":\"Comment\",\"target\":[\"https:\\\/\\\/www.escolatrac.com\\\/festa-de-la-primavera-2022-portes-obertes\\\/#respond\"]}]},{\"@type\":\"WebPage\",\"@id\":\"https:\\\/\\\/www.escolatrac.com\\\/festa-de-la-primavera-2022-portes-obertes\\\/\",\"url\":\"https:\\\/\\\/www.escolatrac.com\\\/festa-de-la-primavera-2022-portes-obertes\\\/\",\"name\":\"Fiesta de la Primavera 2022. Puertas abiertas - Escola Tra\u00e7\",\"isPartOf\":{\"@id\":\"https:\\\/\\\/www.escolatrac.com\\\/#website\"},\"primaryImageOfPage\":{\"@id\":\"https:\\\/\\\/www.escolatrac.com\\\/festa-de-la-primavera-2022-portes-obertes\\\/#primaryimage\"},\"image\":{\"@id\":\"https:\\\/\\\/www.escolatrac.com\\\/festa-de-la-primavera-2022-portes-obertes\\\/#primaryimage\"},\"thumbnailUrl\":\"https:\\\/\\\/www.escolatrac.com\\\/wp-content\\\/uploads\\\/2022\\\/04\\\/AF-XXSS_CASA-AL-TRAC-2-e1650891262210.jpg\",\"datePublished\":\"2022-03-01T14:02:00+00:00\",\"dateModified\":\"2022-06-07T10:18:00+00:00\",\"author\":{\"@id\":\"https:\\\/\\\/www.escolatrac.com\\\/#\\\/schema\\\/person\\\/5ff68b5fd673b76cf5a50abe285338ba\"},\"breadcrumb\":{\"@id\":\"https:\\\/\\\/www.escolatrac.com\\\/festa-de-la-primavera-2022-portes-obertes\\\/#breadcrumb\"},\"inLanguage\":\"es\",\"potentialAction\":[{\"@type\":\"ReadAction\",\"target\":[\"https:\\\/\\\/www.escolatrac.com\\\/festa-de-la-primavera-2022-portes-obertes\\\/\"]}]},{\"@type\":\"ImageObject\",\"inLanguage\":\"es\",\"@id\":\"https:\\\/\\\/www.escolatrac.com\\\/festa-de-la-primavera-2022-portes-obertes\\\/#primaryimage\",\"url\":\"https:\\\/\\\/www.escolatrac.com\\\/wp-content\\\/uploads\\\/2022\\\/04\\\/AF-XXSS_CASA-AL-TRAC-2-e1650891262210.jpg\",\"contentUrl\":\"https:\\\/\\\/www.escolatrac.com\\\/wp-content\\\/uploads\\\/2022\\\/04\\\/AF-XXSS_CASA-AL-TRAC-2-e1650891262210.jpg\",\"width\":946,\"height\":946},{\"@type\":\"BreadcrumbList\",\"@id\":\"https:\\\/\\\/www.escolatrac.com\\\/festa-de-la-primavera-2022-portes-obertes\\\/#breadcrumb\",\"itemListElement\":[{\"@type\":\"ListItem\",\"position\":1,\"name\":\"Inici\",\"item\":\"https:\\\/\\\/www.escolatrac.com\\\/es\\\/\"},{\"@type\":\"ListItem\",\"position\":2,\"name\":\"Fiesta de la Primavera 2022. Puertas abiertas\"}]},{\"@type\":\"WebSite\",\"@id\":\"https:\\\/\\\/www.escolatrac.com\\\/#website\",\"url\":\"https:\\\/\\\/www.escolatrac.com\\\/\",\"name\":\"Escola Tra\u00e7\",\"description\":\"\",\"potentialAction\":[{\"@type\":\"SearchAction\",\"target\":{\"@type\":\"EntryPoint\",\"urlTemplate\":\"https:\\\/\\\/www.escolatrac.com\\\/?s={search_term_string}\"},\"query-input\":{\"@type\":\"PropertyValueSpecification\",\"valueRequired\":true,\"valueName\":\"search_term_string\"}}],\"inLanguage\":\"es\"},{\"@type\":\"Person\",\"@id\":\"https:\\\/\\\/www.escolatrac.com\\\/#\\\/schema\\\/person\\\/5ff68b5fd673b76cf5a50abe285338ba\",\"name\":\"Rosa Martino\",\"image\":{\"@type\":\"ImageObject\",\"inLanguage\":\"es\",\"@id\":\"https:\\\/\\\/secure.gravatar.com\\\/avatar\\\/d1637a2e7e3b8daffef3fd80e3a0aa3a2eb10ed0e5e6af3ccbeb1f14c7db7d14?s=96&d=mm&r=g\",\"url\":\"https:\\\/\\\/secure.gravatar.com\\\/avatar\\\/d1637a2e7e3b8daffef3fd80e3a0aa3a2eb10ed0e5e6af3ccbeb1f14c7db7d14?s=96&d=mm&r=g\",\"contentUrl\":\"https:\\\/\\\/secure.gravatar.com\\\/avatar\\\/d1637a2e7e3b8daffef3fd80e3a0aa3a2eb10ed0e5e6af3ccbeb1f14c7db7d14?s=96&d=mm&r=g\",\"caption\":\"Rosa Martino\"},\"url\":\"https:\\\/\\\/www.escolatrac.com\\\/es\\\/author\\\/rosa\\\/\"}]}<\/script>\n<!-- \/ Yoast SEO plugin. -->","yoast_head_json":{"title":"Fiesta de la Primavera 2022. Puertas abiertas - Escola Tra\u00e7","robots":{"index":"index","follow":"follow","max-snippet":"max-snippet:-1","max-image-preview":"max-image-preview:large","max-video-preview":"max-video-preview:-1"},"canonical":"https:\/\/www.escolatrac.com\/festa-de-la-primavera-2022-portes-obertes\/","og_locale":"es_ES","og_type":"article","og_title":"Fiesta de la Primavera 2022. Puertas abiertas - Escola Tra\u00e7","og_description":"El pr\u00f3ximo s\u00e1bado 30 de abril Tra\u00e7 vuelve a abriros las puertas para celebrar nuestra particular Fiesta de la Primavera. Se trata de una jornada festiva donde el alumnado de los talleres de adultos y ni\u00f1os participan aportando sus obras en una muestra intergeneracionalNo es&nbsp;balad\u00ed&nbsp;que la tem\u00e1tica de este a\u00f1o sea Una Casa al Tra\u00e7. &hellip; Continued","og_url":"https:\/\/www.escolatrac.com\/festa-de-la-primavera-2022-portes-obertes\/","og_site_name":"Escola Tra\u00e7","article_published_time":"2022-03-01T14:02:00+00:00","article_modified_time":"2022-06-07T10:18:00+00:00","og_image":[{"width":946,"height":946,"url":"https:\/\/www.escolatrac.com\/wp-content\/uploads\/2022\/04\/AF-XXSS_CASA-AL-TRAC-2-e1650891262210.jpg","type":"image\/jpeg"}],"author":"Rosa Martino","twitter_card":"summary_large_image","twitter_misc":{"Escrito por":"Rosa Martino","Tiempo de lectura":"1 minuto"},"schema":{"@context":"https:\/\/schema.org","@graph":[{"@type":"Article","@id":"https:\/\/www.escolatrac.com\/festa-de-la-primavera-2022-portes-obertes\/#article","isPartOf":{"@id":"https:\/\/www.escolatrac.com\/festa-de-la-primavera-2022-portes-obertes\/"},"author":{"name":"Rosa Martino","@id":"https:\/\/www.escolatrac.com\/#\/schema\/person\/5ff68b5fd673b76cf5a50abe285338ba"},"headline":"Fiesta de la Primavera 2022. Puertas abiertas","datePublished":"2022-03-01T14:02:00+00:00","dateModified":"2022-06-07T10:18:00+00:00","mainEntityOfPage":{"@id":"https:\/\/www.escolatrac.com\/festa-de-la-primavera-2022-portes-obertes\/"},"wordCount":136,"commentCount":0,"image":{"@id":"https:\/\/www.escolatrac.com\/festa-de-la-primavera-2022-portes-obertes\/#primaryimage"},"thumbnailUrl":"https:\/\/www.escolatrac.com\/wp-content\/uploads\/2022\/04\/AF-XXSS_CASA-AL-TRAC-2-e1650891262210.jpg","articleSection":["Sin categorizar"],"inLanguage":"es","potentialAction":[{"@type":"CommentAction","name":"Comment","target":["https:\/\/www.escolatrac.com\/festa-de-la-primavera-2022-portes-obertes\/#respond"]}]},{"@type":"WebPage","@id":"https:\/\/www.escolatrac.com\/festa-de-la-primavera-2022-portes-obertes\/","url":"https:\/\/www.escolatrac.com\/festa-de-la-primavera-2022-portes-obertes\/","name":"Fiesta de la Primavera 2022. Puertas abiertas - Escola Tra\u00e7","isPartOf":{"@id":"https:\/\/www.escolatrac.com\/#website"},"primaryImageOfPage":{"@id":"https:\/\/www.escolatrac.com\/festa-de-la-primavera-2022-portes-obertes\/#primaryimage"},"image":{"@id":"https:\/\/www.escolatrac.com\/festa-de-la-primavera-2022-portes-obertes\/#primaryimage"},"thumbnailUrl":"https:\/\/www.escolatrac.com\/wp-content\/uploads\/2022\/04\/AF-XXSS_CASA-AL-TRAC-2-e1650891262210.jpg","datePublished":"2022-03-01T14:02:00+00:00","dateModified":"2022-06-07T10:18:00+00:00","author":{"@id":"https:\/\/www.escolatrac.com\/#\/schema\/person\/5ff68b5fd673b76cf5a50abe285338ba"},"breadcrumb":{"@id":"https:\/\/www.escolatrac.com\/festa-de-la-primavera-2022-portes-obertes\/#breadcrumb"},"inLanguage":"es","potentialAction":[{"@type":"ReadAction","target":["https:\/\/www.escolatrac.com\/festa-de-la-primavera-2022-portes-obertes\/"]}]},{"@type":"ImageObject","inLanguage":"es","@id":"https:\/\/www.escolatrac.com\/festa-de-la-primavera-2022-portes-obertes\/#primaryimage","url":"https:\/\/www.escolatrac.com\/wp-content\/uploads\/2022\/04\/AF-XXSS_CASA-AL-TRAC-2-e1650891262210.jpg","contentUrl":"https:\/\/www.escolatrac.com\/wp-content\/uploads\/2022\/04\/AF-XXSS_CASA-AL-TRAC-2-e1650891262210.jpg","width":946,"height":946},{"@type":"BreadcrumbList","@id":"https:\/\/www.escolatrac.com\/festa-de-la-primavera-2022-portes-obertes\/#breadcrumb","itemListElement":[{"@type":"ListItem","position":1,"name":"Inici","item":"https:\/\/www.escolatrac.com\/es\/"},{"@type":"ListItem","position":2,"name":"Fiesta de la Primavera 2022. Puertas abiertas"}]},{"@type":"WebSite","@id":"https:\/\/www.escolatrac.com\/#website","url":"https:\/\/www.escolatrac.com\/","name":"Escola Tra\u00e7","description":"","potentialAction":[{"@type":"SearchAction","target":{"@type":"EntryPoint","urlTemplate":"https:\/\/www.escolatrac.com\/?s={search_term_string}"},"query-input":{"@type":"PropertyValueSpecification","valueRequired":true,"valueName":"search_term_string"}}],"inLanguage":"es"},{"@type":"Person","@id":"https:\/\/www.escolatrac.com\/#\/schema\/person\/5ff68b5fd673b76cf5a50abe285338ba","name":"Rosa Martino","image":{"@type":"ImageObject","inLanguage":"es","@id":"https:\/\/secure.gravatar.com\/avatar\/d1637a2e7e3b8daffef3fd80e3a0aa3a2eb10ed0e5e6af3ccbeb1f14c7db7d14?s=96&d=mm&r=g","url":"https:\/\/secure.gravatar.com\/avatar\/d1637a2e7e3b8daffef3fd80e3a0aa3a2eb10ed0e5e6af3ccbeb1f14c7db7d14?s=96&d=mm&r=g","contentUrl":"https:\/\/secure.gravatar.com\/avatar\/d1637a2e7e3b8daffef3fd80e3a0aa3a2eb10ed0e5e6af3ccbeb1f14c7db7d14?s=96&d=mm&r=g","caption":"Rosa Martino"},"url":"https:\/\/www.escolatrac.com\/es\/author\/rosa\/"}]}},"_links":{"self":[{"href":"https:\/\/www.escolatrac.com\/es\/wp-json\/wp\/v2\/posts\/14551","targetHints":{"allow":["GET"]}}],"collection":[{"href":"https:\/\/www.escolatrac.com\/es\/wp-json\/wp\/v2\/posts"}],"about":[{"href":"https:\/\/www.escolatrac.com\/es\/wp-json\/wp\/v2\/types\/post"}],"author":[{"embeddable":true,"href":"https:\/\/www.escolatrac.com\/es\/wp-json\/wp\/v2\/users\/4"}],"replies":[{"embeddable":true,"href":"https:\/\/www.escolatrac.com\/es\/wp-json\/wp\/v2\/comments?post=14551"}],"version-history":[{"count":2,"href":"https:\/\/www.escolatrac.com\/es\/wp-json\/wp\/v2\/posts\/14551\/revisions"}],"predecessor-version":[{"id":14553,"href":"https:\/\/www.escolatrac.com\/es\/wp-json\/wp\/v2\/posts\/14551\/revisions\/14553"}],"wp:featuredmedia":[{"embeddable":true,"href":"https:\/\/www.escolatrac.com\/es\/wp-json\/wp\/v2\/media\/14545"}],"wp:attachment":[{"href":"https:\/\/www.escolatrac.com\/es\/wp-json\/wp\/v2\/media?parent=14551"}],"wp:term":[{"taxonomy":"category","embeddable":true,"href":"https:\/\/www.escolatrac.com\/es\/wp-json\/wp\/v2\/categories?post=14551"},{"taxonomy":"post_tag","embeddable":true,"href":"https:\/\/www.escolatrac.com\/es\/wp-json\/wp\/v2\/tags?post=14551"}],"curies":[{"name":"wp","href":"https:\/\/api.w.org\/{rel}","templated":true}]}}