{"id":13906,"date":"2022-03-29T15:23:21","date_gmt":"2022-03-29T13:23:21","guid":{"rendered":"https:\/\/www.escolatrac.com\/?p=13906"},"modified":"2022-05-24T18:44:53","modified_gmt":"2022-05-24T16:44:53","slug":"inscripcions-casal-estiu-2022","status":"publish","type":"post","link":"https:\/\/www.escolatrac.com\/es\/inscripcions-casal-estiu-2022\/","title":{"rendered":"Inscripciones Casal Verano 2022"},"content":{"rendered":"\n<div class=\"wp-block-columns is-layout-flex wp-container-core-columns-is-layout-9d6595d7 wp-block-columns-is-layout-flex\">\n<div class=\"wp-block-column is-layout-flow wp-block-column-is-layout-flow\">\n<p>Si est\u00e1is interesados en el Casal seguid los siguientes pasos:<\/p>\n\n\n\n<p>Enviad un mail a:&nbsp;<a href=\"mailto:inscripcions2021-22@escolatrac.com\" target=\"_blank\" rel=\"noreferrer noopener\">inscripcions2021-22@escolatrac.com<\/a>&nbsp;indicando el siguiente ( imprescindible ):<\/p>\n\n\n\n<p>-Nombre ni\u00f1o:<br>-A\u00f1o nacimiento:<br>-Semana elegida:<br>-opci\u00f3n ma\u00f1ana o tarde:<br>-mail contacto:<br>-tel\u00e9fono contacto:<\/p>\n\n\n\n<p>Nos pondremos en contacto con vosotros v\u00eda mail y os informaremos de la disponibilidad, siguiendo la orden de llegada de los mails.<\/p>\n\n\n\n<p><\/p>\n\n\n\n<p><a href=\"https:\/\/www.escolatrac.com\/es\/curs-infant\/casal-de-verano-julio\/\" data-type=\"curso_infant\" data-id=\"3609\">Aqu\u00ed <\/a>encontrar\u00e9is la informaci\u00f3n de semanas posibles&nbsp;, talleres y precios.<\/p>\n<\/div>\n\n\n\n<div class=\"wp-block-column is-layout-flow wp-block-column-is-layout-flow\">\n  <div class=\"uk-visible-toggle uk-position-relative\" uk-slider=\"finite: true; center: true; animation: push; ratio: 16:9;\">\n    <div class=\"uk-position-relative uk-visible-toggle\" tabindex=\"-1\">\n      <ul class=\"uk-slider-items\">\n                      <li class=\"uk-width-1-1\">\n                              <img decoding=\"async\" width=\"1024\" height=\"576\" src=\"https:\/\/www.escolatrac.com\/wp-content\/uploads\/2022\/02\/IMG_6927-1-300x168.jpg\" class=\"attachment-large size-large lazyload\" alt=\"\" srcset=\"\" sizes=\"(max-width: 1024px) 100vw, 1024px\" data-size=\"auto\" data-src=\"https:\/\/www.escolatrac.com\/wp-content\/uploads\/2022\/02\/IMG_6927-1-1024x576.jpg\" data-srcset=\"https:\/\/www.escolatrac.com\/wp-content\/uploads\/2022\/02\/IMG_6927-1-1024x576.jpg 1024w, https:\/\/www.escolatrac.com\/wp-content\/uploads\/2022\/02\/IMG_6927-1-300x168.jpg 300w, https:\/\/www.escolatrac.com\/wp-content\/uploads\/2022\/02\/IMG_6927-1-768x432.jpg 768w, https:\/\/www.escolatrac.com\/wp-content\/uploads\/2022\/02\/IMG_6927-1-453x255.jpg 453w\" \/>              \n              <div class=\"uk-flex-inline uk-flex-between uk-width-1-1\">\n                <h4 class=\"uk-h5 uk-margin-remove uk-text-muted\"><\/h4>\n                <h4 class=\"uk-h5 uk-margin-remove uk-text-muted\"><\/h4>\n              <\/div>\n            <\/li>\n                      <li class=\"uk-width-1-1\">\n                              <img decoding=\"async\" width=\"1024\" height=\"576\" src=\"https:\/\/www.escolatrac.com\/wp-content\/uploads\/2021\/10\/IMG_2098-300x168.jpg\" class=\"attachment-large size-large lazyload\" alt=\"\" srcset=\"\" sizes=\"(max-width: 1024px) 100vw, 1024px\" data-size=\"auto\" data-src=\"https:\/\/www.escolatrac.com\/wp-content\/uploads\/2021\/10\/IMG_2098-1024x576.jpg\" data-srcset=\"https:\/\/www.escolatrac.com\/wp-content\/uploads\/2021\/10\/IMG_2098-1024x576.jpg 1024w, https:\/\/www.escolatrac.com\/wp-content\/uploads\/2021\/10\/IMG_2098-300x168.jpg 300w, https:\/\/www.escolatrac.com\/wp-content\/uploads\/2021\/10\/IMG_2098-768x432.jpg 768w, https:\/\/www.escolatrac.com\/wp-content\/uploads\/2021\/10\/IMG_2098-453x255.jpg 453w\" \/>              \n              <div class=\"uk-flex-inline uk-flex-between uk-width-1-1\">\n                <h4 class=\"uk-h5 uk-margin-remove uk-text-muted\"><\/h4>\n                <h4 class=\"uk-h5 uk-margin-remove uk-text-muted\"><\/h4>\n              <\/div>\n            <\/li>\n                      <li class=\"uk-width-1-1\">\n                              <img decoding=\"async\" width=\"1024\" height=\"576\" src=\"https:\/\/www.escolatrac.com\/wp-content\/uploads\/2021\/09\/dibuix-experimental-300x168.jpg\" class=\"attachment-large size-large lazyload\" alt=\"\" srcset=\"\" sizes=\"(max-width: 1024px) 100vw, 1024px\" data-size=\"auto\" data-src=\"https:\/\/www.escolatrac.com\/wp-content\/uploads\/2021\/09\/dibuix-experimental-1024x576.jpg\" data-srcset=\"https:\/\/www.escolatrac.com\/wp-content\/uploads\/2021\/09\/dibuix-experimental-1024x576.jpg 1024w, https:\/\/www.escolatrac.com\/wp-content\/uploads\/2021\/09\/dibuix-experimental-300x168.jpg 300w, https:\/\/www.escolatrac.com\/wp-content\/uploads\/2021\/09\/dibuix-experimental-768x432.jpg 768w, https:\/\/www.escolatrac.com\/wp-content\/uploads\/2021\/09\/dibuix-experimental-453x255.jpg 453w\" \/>              \n              <div class=\"uk-flex-inline uk-flex-between uk-width-1-1\">\n                <h4 class=\"uk-h5 uk-margin-remove uk-text-muted\"><\/h4>\n                <h4 class=\"uk-h5 uk-margin-remove uk-text-muted\"><\/h4>\n              <\/div>\n            <\/li>\n                      <li class=\"uk-width-1-1\">\n                              <img decoding=\"async\" width=\"1024\" height=\"576\" src=\"https:\/\/www.escolatrac.com\/wp-content\/uploads\/2021\/09\/IMG_20210701_101325-300x168.jpg\" class=\"attachment-large size-large lazyload\" alt=\"\" srcset=\"\" sizes=\"(max-width: 1024px) 100vw, 1024px\" data-size=\"auto\" data-src=\"https:\/\/www.escolatrac.com\/wp-content\/uploads\/2021\/09\/IMG_20210701_101325-1024x576.jpg\" data-srcset=\"https:\/\/www.escolatrac.com\/wp-content\/uploads\/2021\/09\/IMG_20210701_101325-1024x576.jpg 1024w, https:\/\/www.escolatrac.com\/wp-content\/uploads\/2021\/09\/IMG_20210701_101325-300x168.jpg 300w, https:\/\/www.escolatrac.com\/wp-content\/uploads\/2021\/09\/IMG_20210701_101325-768x432.jpg 768w, https:\/\/www.escolatrac.com\/wp-content\/uploads\/2021\/09\/IMG_20210701_101325-453x255.jpg 453w\" \/>              \n              <div class=\"uk-flex-inline uk-flex-between uk-width-1-1\">\n                <h4 class=\"uk-h5 uk-margin-remove uk-text-muted\"><\/h4>\n                <h4 class=\"uk-h5 uk-margin-remove uk-text-muted\"><\/h4>\n              <\/div>\n            <\/li>\n                <\/ul>\n\n      <a class=\"c-slidenav uk-position-center-left uk-position-small uk-padding-small\" href=\"#\" uk-slidenav-previous uk-slider-item=\"previous\"><\/a>\n      <a class=\"c-slidenav uk-position-center-right uk-position-small uk-padding-small\" href=\"#\" uk-slidenav-next uk-slider-item=\"next\"><\/a>\n    <\/div>\n\n    <ul class=\"uk-slider-nav uk-position-bottom uk-light uk-dotnav uk-flex-center uk-margin uk-margin-large-bottom\"><\/ul>\n  <\/div>\n\n\n\n<\/div>\n<\/div>\n\n\n\n\n","protected":false},"excerpt":{"rendered":"<p>Si est\u00e1is interesados en el Casal seguid los siguientes pasos: Enviad un mail a:&nbsp;inscripcions2021-22@escolatrac.com&nbsp;indicando el siguiente ( imprescindible ): -Nombre ni\u00f1o:-A\u00f1o nacimiento:-Semana elegida:-opci\u00f3n ma\u00f1ana o tarde:-mail contacto:-tel\u00e9fono contacto: Nos pondremos en contacto con vosotros v\u00eda mail y os informaremos de la disponibilidad, siguiendo la orden de llegada de los mails. Aqu\u00ed encontrar\u00e9is la informaci\u00f3n de &hellip; <a href=\"https:\/\/www.escolatrac.com\/es\/inscripcions-casal-estiu-2022\/\">Continued<\/a><\/p>\n","protected":false},"author":4,"featured_media":14504,"comment_status":"open","ping_status":"open","sticky":false,"template":"","format":"standard","meta":{"_acf_changed":false,"footnotes":""},"categories":[41],"tags":[],"class_list":["post-13906","post","type-post","status-publish","format-standard","has-post-thumbnail","hentry","category-nens-es"],"acf":[],"yoast_head":"<!-- This site is optimized with the Yoast SEO plugin v27.3 - https:\/\/yoast.com\/product\/yoast-seo-wordpress\/ -->\n<title>Inscripciones Casal Verano 2022 - Escola Tra\u00e7<\/title>\n<meta name=\"robots\" content=\"index, follow, max-snippet:-1, max-image-preview:large, max-video-preview:-1\" \/>\n<link rel=\"canonical\" href=\"https:\/\/www.escolatrac.com\/inscripcions-casal-estiu-2022\/\" \/>\n<meta property=\"og:locale\" content=\"es_ES\" \/>\n<meta property=\"og:type\" content=\"article\" \/>\n<meta property=\"og:title\" content=\"Inscripciones Casal Verano 2022 - Escola Tra\u00e7\" \/>\n<meta property=\"og:description\" content=\"Si est\u00e1is interesados en el Casal seguid los siguientes pasos: Enviad un mail a:&nbsp;inscripcions2021-22@escolatrac.com&nbsp;indicando el siguiente ( imprescindible ): -Nombre ni\u00f1o:-A\u00f1o nacimiento:-Semana elegida:-opci\u00f3n ma\u00f1ana o tarde:-mail contacto:-tel\u00e9fono contacto: Nos pondremos en contacto con vosotros v\u00eda mail y os informaremos de la disponibilidad, siguiendo la orden de llegada de los mails. Aqu\u00ed encontrar\u00e9is la informaci\u00f3n de &hellip; Continued\" \/>\n<meta property=\"og:url\" content=\"https:\/\/www.escolatrac.com\/inscripcions-casal-estiu-2022\/\" \/>\n<meta property=\"og:site_name\" content=\"Escola Tra\u00e7\" \/>\n<meta property=\"article:published_time\" content=\"2022-03-29T13:23:21+00:00\" \/>\n<meta property=\"article:modified_time\" content=\"2022-05-24T16:44:53+00:00\" \/>\n<meta property=\"og:image\" content=\"https:\/\/www.escolatrac.com\/wp-content\/uploads\/2022\/03\/ESTIU2022-2.jpg\" \/>\n\t<meta property=\"og:image:width\" content=\"1658\" \/>\n\t<meta property=\"og:image:height\" content=\"1139\" \/>\n\t<meta property=\"og:image:type\" content=\"image\/jpeg\" \/>\n<meta name=\"author\" content=\"Rosa Martino\" \/>\n<meta name=\"twitter:card\" content=\"summary_large_image\" \/>\n<meta name=\"twitter:label1\" content=\"Escrito por\" \/>\n\t<meta name=\"twitter:data1\" content=\"Rosa Martino\" \/>\n<script type=\"application\/ld+json\" class=\"yoast-schema-graph\">{\"@context\":\"https:\\\/\\\/schema.org\",\"@graph\":[{\"@type\":\"Article\",\"@id\":\"https:\\\/\\\/www.escolatrac.com\\\/inscripcions-casal-estiu-2022\\\/#article\",\"isPartOf\":{\"@id\":\"https:\\\/\\\/www.escolatrac.com\\\/inscripcions-casal-estiu-2022\\\/\"},\"author\":{\"name\":\"Rosa Martino\",\"@id\":\"https:\\\/\\\/www.escolatrac.com\\\/#\\\/schema\\\/person\\\/5ff68b5fd673b76cf5a50abe285338ba\"},\"headline\":\"Inscripciones Casal Verano 2022\",\"datePublished\":\"2022-03-29T13:23:21+00:00\",\"dateModified\":\"2022-05-24T16:44:53+00:00\",\"mainEntityOfPage\":{\"@id\":\"https:\\\/\\\/www.escolatrac.com\\\/inscripcions-casal-estiu-2022\\\/\"},\"wordCount\":83,\"commentCount\":0,\"image\":{\"@id\":\"https:\\\/\\\/www.escolatrac.com\\\/inscripcions-casal-estiu-2022\\\/#primaryimage\"},\"thumbnailUrl\":\"https:\\\/\\\/www.escolatrac.com\\\/wp-content\\\/uploads\\\/2022\\\/03\\\/ESTIU2022-2.jpg\",\"articleSection\":[\"Nens\"],\"inLanguage\":\"es\",\"potentialAction\":[{\"@type\":\"CommentAction\",\"name\":\"Comment\",\"target\":[\"https:\\\/\\\/www.escolatrac.com\\\/inscripcions-casal-estiu-2022\\\/#respond\"]}]},{\"@type\":\"WebPage\",\"@id\":\"https:\\\/\\\/www.escolatrac.com\\\/inscripcions-casal-estiu-2022\\\/\",\"url\":\"https:\\\/\\\/www.escolatrac.com\\\/inscripcions-casal-estiu-2022\\\/\",\"name\":\"Inscripciones Casal Verano 2022 - Escola Tra\u00e7\",\"isPartOf\":{\"@id\":\"https:\\\/\\\/www.escolatrac.com\\\/#website\"},\"primaryImageOfPage\":{\"@id\":\"https:\\\/\\\/www.escolatrac.com\\\/inscripcions-casal-estiu-2022\\\/#primaryimage\"},\"image\":{\"@id\":\"https:\\\/\\\/www.escolatrac.com\\\/inscripcions-casal-estiu-2022\\\/#primaryimage\"},\"thumbnailUrl\":\"https:\\\/\\\/www.escolatrac.com\\\/wp-content\\\/uploads\\\/2022\\\/03\\\/ESTIU2022-2.jpg\",\"datePublished\":\"2022-03-29T13:23:21+00:00\",\"dateModified\":\"2022-05-24T16:44:53+00:00\",\"author\":{\"@id\":\"https:\\\/\\\/www.escolatrac.com\\\/#\\\/schema\\\/person\\\/5ff68b5fd673b76cf5a50abe285338ba\"},\"breadcrumb\":{\"@id\":\"https:\\\/\\\/www.escolatrac.com\\\/inscripcions-casal-estiu-2022\\\/#breadcrumb\"},\"inLanguage\":\"es\",\"potentialAction\":[{\"@type\":\"ReadAction\",\"target\":[\"https:\\\/\\\/www.escolatrac.com\\\/inscripcions-casal-estiu-2022\\\/\"]}]},{\"@type\":\"ImageObject\",\"inLanguage\":\"es\",\"@id\":\"https:\\\/\\\/www.escolatrac.com\\\/inscripcions-casal-estiu-2022\\\/#primaryimage\",\"url\":\"https:\\\/\\\/www.escolatrac.com\\\/wp-content\\\/uploads\\\/2022\\\/03\\\/ESTIU2022-2.jpg\",\"contentUrl\":\"https:\\\/\\\/www.escolatrac.com\\\/wp-content\\\/uploads\\\/2022\\\/03\\\/ESTIU2022-2.jpg\",\"width\":1658,\"height\":1139},{\"@type\":\"BreadcrumbList\",\"@id\":\"https:\\\/\\\/www.escolatrac.com\\\/inscripcions-casal-estiu-2022\\\/#breadcrumb\",\"itemListElement\":[{\"@type\":\"ListItem\",\"position\":1,\"name\":\"Inici\",\"item\":\"https:\\\/\\\/www.escolatrac.com\\\/es\\\/\"},{\"@type\":\"ListItem\",\"position\":2,\"name\":\"Inscripciones Casal Verano 2022\"}]},{\"@type\":\"WebSite\",\"@id\":\"https:\\\/\\\/www.escolatrac.com\\\/#website\",\"url\":\"https:\\\/\\\/www.escolatrac.com\\\/\",\"name\":\"Escola Tra\u00e7\",\"description\":\"\",\"potentialAction\":[{\"@type\":\"SearchAction\",\"target\":{\"@type\":\"EntryPoint\",\"urlTemplate\":\"https:\\\/\\\/www.escolatrac.com\\\/?s={search_term_string}\"},\"query-input\":{\"@type\":\"PropertyValueSpecification\",\"valueRequired\":true,\"valueName\":\"search_term_string\"}}],\"inLanguage\":\"es\"},{\"@type\":\"Person\",\"@id\":\"https:\\\/\\\/www.escolatrac.com\\\/#\\\/schema\\\/person\\\/5ff68b5fd673b76cf5a50abe285338ba\",\"name\":\"Rosa Martino\",\"image\":{\"@type\":\"ImageObject\",\"inLanguage\":\"es\",\"@id\":\"https:\\\/\\\/secure.gravatar.com\\\/avatar\\\/d1637a2e7e3b8daffef3fd80e3a0aa3a2eb10ed0e5e6af3ccbeb1f14c7db7d14?s=96&d=mm&r=g\",\"url\":\"https:\\\/\\\/secure.gravatar.com\\\/avatar\\\/d1637a2e7e3b8daffef3fd80e3a0aa3a2eb10ed0e5e6af3ccbeb1f14c7db7d14?s=96&d=mm&r=g\",\"contentUrl\":\"https:\\\/\\\/secure.gravatar.com\\\/avatar\\\/d1637a2e7e3b8daffef3fd80e3a0aa3a2eb10ed0e5e6af3ccbeb1f14c7db7d14?s=96&d=mm&r=g\",\"caption\":\"Rosa Martino\"},\"url\":\"https:\\\/\\\/www.escolatrac.com\\\/es\\\/author\\\/rosa\\\/\"}]}<\/script>\n<!-- \/ Yoast SEO plugin. -->","yoast_head_json":{"title":"Inscripciones Casal Verano 2022 - Escola Tra\u00e7","robots":{"index":"index","follow":"follow","max-snippet":"max-snippet:-1","max-image-preview":"max-image-preview:large","max-video-preview":"max-video-preview:-1"},"canonical":"https:\/\/www.escolatrac.com\/inscripcions-casal-estiu-2022\/","og_locale":"es_ES","og_type":"article","og_title":"Inscripciones Casal Verano 2022 - Escola Tra\u00e7","og_description":"Si est\u00e1is interesados en el Casal seguid los siguientes pasos: Enviad un mail a:&nbsp;inscripcions2021-22@escolatrac.com&nbsp;indicando el siguiente ( imprescindible ): -Nombre ni\u00f1o:-A\u00f1o nacimiento:-Semana elegida:-opci\u00f3n ma\u00f1ana o tarde:-mail contacto:-tel\u00e9fono contacto: Nos pondremos en contacto con vosotros v\u00eda mail y os informaremos de la disponibilidad, siguiendo la orden de llegada de los mails. Aqu\u00ed encontrar\u00e9is la informaci\u00f3n de &hellip; Continued","og_url":"https:\/\/www.escolatrac.com\/inscripcions-casal-estiu-2022\/","og_site_name":"Escola Tra\u00e7","article_published_time":"2022-03-29T13:23:21+00:00","article_modified_time":"2022-05-24T16:44:53+00:00","og_image":[{"width":1658,"height":1139,"url":"https:\/\/www.escolatrac.com\/wp-content\/uploads\/2022\/03\/ESTIU2022-2.jpg","type":"image\/jpeg"}],"author":"Rosa Martino","twitter_card":"summary_large_image","twitter_misc":{"Escrito por":"Rosa Martino"},"schema":{"@context":"https:\/\/schema.org","@graph":[{"@type":"Article","@id":"https:\/\/www.escolatrac.com\/inscripcions-casal-estiu-2022\/#article","isPartOf":{"@id":"https:\/\/www.escolatrac.com\/inscripcions-casal-estiu-2022\/"},"author":{"name":"Rosa Martino","@id":"https:\/\/www.escolatrac.com\/#\/schema\/person\/5ff68b5fd673b76cf5a50abe285338ba"},"headline":"Inscripciones Casal Verano 2022","datePublished":"2022-03-29T13:23:21+00:00","dateModified":"2022-05-24T16:44:53+00:00","mainEntityOfPage":{"@id":"https:\/\/www.escolatrac.com\/inscripcions-casal-estiu-2022\/"},"wordCount":83,"commentCount":0,"image":{"@id":"https:\/\/www.escolatrac.com\/inscripcions-casal-estiu-2022\/#primaryimage"},"thumbnailUrl":"https:\/\/www.escolatrac.com\/wp-content\/uploads\/2022\/03\/ESTIU2022-2.jpg","articleSection":["Nens"],"inLanguage":"es","potentialAction":[{"@type":"CommentAction","name":"Comment","target":["https:\/\/www.escolatrac.com\/inscripcions-casal-estiu-2022\/#respond"]}]},{"@type":"WebPage","@id":"https:\/\/www.escolatrac.com\/inscripcions-casal-estiu-2022\/","url":"https:\/\/www.escolatrac.com\/inscripcions-casal-estiu-2022\/","name":"Inscripciones Casal Verano 2022 - Escola Tra\u00e7","isPartOf":{"@id":"https:\/\/www.escolatrac.com\/#website"},"primaryImageOfPage":{"@id":"https:\/\/www.escolatrac.com\/inscripcions-casal-estiu-2022\/#primaryimage"},"image":{"@id":"https:\/\/www.escolatrac.com\/inscripcions-casal-estiu-2022\/#primaryimage"},"thumbnailUrl":"https:\/\/www.escolatrac.com\/wp-content\/uploads\/2022\/03\/ESTIU2022-2.jpg","datePublished":"2022-03-29T13:23:21+00:00","dateModified":"2022-05-24T16:44:53+00:00","author":{"@id":"https:\/\/www.escolatrac.com\/#\/schema\/person\/5ff68b5fd673b76cf5a50abe285338ba"},"breadcrumb":{"@id":"https:\/\/www.escolatrac.com\/inscripcions-casal-estiu-2022\/#breadcrumb"},"inLanguage":"es","potentialAction":[{"@type":"ReadAction","target":["https:\/\/www.escolatrac.com\/inscripcions-casal-estiu-2022\/"]}]},{"@type":"ImageObject","inLanguage":"es","@id":"https:\/\/www.escolatrac.com\/inscripcions-casal-estiu-2022\/#primaryimage","url":"https:\/\/www.escolatrac.com\/wp-content\/uploads\/2022\/03\/ESTIU2022-2.jpg","contentUrl":"https:\/\/www.escolatrac.com\/wp-content\/uploads\/2022\/03\/ESTIU2022-2.jpg","width":1658,"height":1139},{"@type":"BreadcrumbList","@id":"https:\/\/www.escolatrac.com\/inscripcions-casal-estiu-2022\/#breadcrumb","itemListElement":[{"@type":"ListItem","position":1,"name":"Inici","item":"https:\/\/www.escolatrac.com\/es\/"},{"@type":"ListItem","position":2,"name":"Inscripciones Casal Verano 2022"}]},{"@type":"WebSite","@id":"https:\/\/www.escolatrac.com\/#website","url":"https:\/\/www.escolatrac.com\/","name":"Escola Tra\u00e7","description":"","potentialAction":[{"@type":"SearchAction","target":{"@type":"EntryPoint","urlTemplate":"https:\/\/www.escolatrac.com\/?s={search_term_string}"},"query-input":{"@type":"PropertyValueSpecification","valueRequired":true,"valueName":"search_term_string"}}],"inLanguage":"es"},{"@type":"Person","@id":"https:\/\/www.escolatrac.com\/#\/schema\/person\/5ff68b5fd673b76cf5a50abe285338ba","name":"Rosa Martino","image":{"@type":"ImageObject","inLanguage":"es","@id":"https:\/\/secure.gravatar.com\/avatar\/d1637a2e7e3b8daffef3fd80e3a0aa3a2eb10ed0e5e6af3ccbeb1f14c7db7d14?s=96&d=mm&r=g","url":"https:\/\/secure.gravatar.com\/avatar\/d1637a2e7e3b8daffef3fd80e3a0aa3a2eb10ed0e5e6af3ccbeb1f14c7db7d14?s=96&d=mm&r=g","contentUrl":"https:\/\/secure.gravatar.com\/avatar\/d1637a2e7e3b8daffef3fd80e3a0aa3a2eb10ed0e5e6af3ccbeb1f14c7db7d14?s=96&d=mm&r=g","caption":"Rosa Martino"},"url":"https:\/\/www.escolatrac.com\/es\/author\/rosa\/"}]}},"_links":{"self":[{"href":"https:\/\/www.escolatrac.com\/es\/wp-json\/wp\/v2\/posts\/13906","targetHints":{"allow":["GET"]}}],"collection":[{"href":"https:\/\/www.escolatrac.com\/es\/wp-json\/wp\/v2\/posts"}],"about":[{"href":"https:\/\/www.escolatrac.com\/es\/wp-json\/wp\/v2\/types\/post"}],"author":[{"embeddable":true,"href":"https:\/\/www.escolatrac.com\/es\/wp-json\/wp\/v2\/users\/4"}],"replies":[{"embeddable":true,"href":"https:\/\/www.escolatrac.com\/es\/wp-json\/wp\/v2\/comments?post=13906"}],"version-history":[{"count":9,"href":"https:\/\/www.escolatrac.com\/es\/wp-json\/wp\/v2\/posts\/13906\/revisions"}],"predecessor-version":[{"id":14792,"href":"https:\/\/www.escolatrac.com\/es\/wp-json\/wp\/v2\/posts\/13906\/revisions\/14792"}],"wp:featuredmedia":[{"embeddable":true,"href":"https:\/\/www.escolatrac.com\/es\/wp-json\/wp\/v2\/media\/14504"}],"wp:attachment":[{"href":"https:\/\/www.escolatrac.com\/es\/wp-json\/wp\/v2\/media?parent=13906"}],"wp:term":[{"taxonomy":"category","embeddable":true,"href":"https:\/\/www.escolatrac.com\/es\/wp-json\/wp\/v2\/categories?post=13906"},{"taxonomy":"post_tag","embeddable":true,"href":"https:\/\/www.escolatrac.com\/es\/wp-json\/wp\/v2\/tags?post=13906"}],"curies":[{"name":"wp","href":"https:\/\/api.w.org\/{rel}","templated":true}]}}