{"id":13363,"date":"2022-02-07T13:32:56","date_gmt":"2022-02-07T12:32:56","guid":{"rendered":"https:\/\/www.escolatrac.com\/?p=13363"},"modified":"2022-02-07T13:39:18","modified_gmt":"2022-02-07T12:39:18","slug":"setmanes-blanques","status":"publish","type":"post","link":"https:\/\/www.escolatrac.com\/es\/setmanes-blanques\/","title":{"rendered":"Semanas Blancas Febrero"},"content":{"rendered":"\n<div class=\"wp-block-columns is-layout-flex wp-container-core-columns-is-layout-9d6595d7 wp-block-columns-is-layout-flex\">\n<div class=\"wp-block-column is-layout-flow wp-block-column-is-layout-flow\">\n<p>Durante las semanas no lectivas de las escuelas, en Tra\u00e7 os ofrecemos Casales intensivos  de pl\u00e1stica para ni\u00f1os a partir de los 5 a\u00f1os, en horario de ma\u00f1ana: de\u00a09h\u00a0a\u00a013h.<\/p>\n\n\n\n<p>Este mes haremos dos semanas:<\/p>\n\n\n\n<p>-del 14 al 18 de Febrero (5 d\u00edas)<\/p>\n\n\n\n<p>-del 25 al 28 de Febrero (5 d\u00edas)<\/p>\n\n\n\n<p>Inf\u00f3rmate <a href=\"https:\/\/www.escolatrac.com\/es\/curs-infant\/semana-blanca\/\" data-type=\"curso_infant\" data-id=\"3607\">aqu\u00ed<\/a><\/p>\n<\/div>\n\n\n\n<div class=\"wp-block-column is-layout-flow wp-block-column-is-layout-flow\">\n  <div class=\"uk-visible-toggle uk-position-relative\" uk-slider=\"finite: true; center: true; animation: push; ratio: 16:9;\">\n    <div class=\"uk-position-relative uk-visible-toggle\" tabindex=\"-1\">\n      <ul class=\"uk-slider-items\">\n                      <li class=\"uk-width-1-1\">\n                              <img decoding=\"async\" width=\"1024\" height=\"576\" src=\"https:\/\/www.escolatrac.com\/wp-content\/uploads\/2022\/02\/IMG_20201223_122418-300x168.jpg\" class=\"attachment-large size-large lazyload\" alt=\"\" srcset=\"\" sizes=\"(max-width: 1024px) 100vw, 1024px\" data-size=\"auto\" data-src=\"https:\/\/www.escolatrac.com\/wp-content\/uploads\/2022\/02\/IMG_20201223_122418-1024x576.jpg\" data-srcset=\"https:\/\/www.escolatrac.com\/wp-content\/uploads\/2022\/02\/IMG_20201223_122418-1024x576.jpg 1024w, https:\/\/www.escolatrac.com\/wp-content\/uploads\/2022\/02\/IMG_20201223_122418-300x168.jpg 300w, https:\/\/www.escolatrac.com\/wp-content\/uploads\/2022\/02\/IMG_20201223_122418-768x432.jpg 768w, https:\/\/www.escolatrac.com\/wp-content\/uploads\/2022\/02\/IMG_20201223_122418-453x255.jpg 453w\" \/>              \n              <div class=\"uk-flex-inline uk-flex-between uk-width-1-1\">\n                <h4 class=\"uk-h5 uk-margin-remove uk-text-muted\"><\/h4>\n                <h4 class=\"uk-h5 uk-margin-remove uk-text-muted\"><\/h4>\n              <\/div>\n            <\/li>\n                <\/ul>\n\n      <a class=\"c-slidenav uk-position-center-left uk-position-small uk-padding-small\" href=\"#\" uk-slidenav-previous uk-slider-item=\"previous\"><\/a>\n      <a class=\"c-slidenav uk-position-center-right uk-position-small uk-padding-small\" href=\"#\" uk-slidenav-next uk-slider-item=\"next\"><\/a>\n    <\/div>\n\n    <ul class=\"uk-slider-nav uk-position-bottom uk-light uk-dotnav uk-flex-center uk-margin uk-margin-large-bottom\"><\/ul>\n  <\/div>\n\n\n\n<\/div>\n<\/div>\n\n\n\n\n","protected":false},"excerpt":{"rendered":"<p>Durante las semanas no lectivas de las escuelas, en Tra\u00e7 os ofrecemos Casales intensivos de pl\u00e1stica para ni\u00f1os a partir de los 5 a\u00f1os, en horario de ma\u00f1ana: de\u00a09h\u00a0a\u00a013h. Este mes haremos dos semanas: -del 14 al 18 de Febrero (5 d\u00edas) -del 25 al 28 de Febrero (5 d\u00edas) Inf\u00f3rmate aqu\u00ed<\/p>\n","protected":false},"author":4,"featured_media":13361,"comment_status":"open","ping_status":"open","sticky":false,"template":"","format":"standard","meta":{"_acf_changed":false,"footnotes":""},"categories":[41],"tags":[],"class_list":["post-13363","post","type-post","status-publish","format-standard","has-post-thumbnail","hentry","category-nens-es"],"acf":[],"yoast_head":"<!-- This site is optimized with the Yoast SEO plugin v27.3 - https:\/\/yoast.com\/product\/yoast-seo-wordpress\/ -->\n<title>Semanas Blancas Febrero - Escola Tra\u00e7<\/title>\n<meta name=\"robots\" content=\"index, follow, max-snippet:-1, max-image-preview:large, max-video-preview:-1\" \/>\n<link rel=\"canonical\" href=\"https:\/\/www.escolatrac.com\/setmanes-blanques\/\" \/>\n<meta property=\"og:locale\" content=\"es_ES\" \/>\n<meta property=\"og:type\" content=\"article\" \/>\n<meta property=\"og:title\" content=\"Semanas Blancas Febrero - Escola Tra\u00e7\" \/>\n<meta property=\"og:description\" content=\"Durante las semanas no lectivas de las escuelas, en Tra\u00e7 os ofrecemos Casales intensivos de pl\u00e1stica para ni\u00f1os a partir de los 5 a\u00f1os, en horario de ma\u00f1ana: de\u00a09h\u00a0a\u00a013h. Este mes haremos dos semanas: -del 14 al 18 de Febrero (5 d\u00edas) -del 25 al 28 de Febrero (5 d\u00edas) Inf\u00f3rmate aqu\u00ed\" \/>\n<meta property=\"og:url\" content=\"https:\/\/www.escolatrac.com\/setmanes-blanques\/\" \/>\n<meta property=\"og:site_name\" content=\"Escola Tra\u00e7\" \/>\n<meta property=\"article:published_time\" content=\"2022-02-07T12:32:56+00:00\" \/>\n<meta property=\"article:modified_time\" content=\"2022-02-07T12:39:18+00:00\" \/>\n<meta property=\"og:image\" content=\"https:\/\/www.escolatrac.com\/wp-content\/uploads\/2022\/02\/IMG_6927-1-scaled.jpg\" \/>\n\t<meta property=\"og:image:width\" content=\"2560\" \/>\n\t<meta property=\"og:image:height\" content=\"1920\" \/>\n\t<meta property=\"og:image:type\" content=\"image\/jpeg\" \/>\n<meta name=\"author\" content=\"Rosa Martino\" \/>\n<meta name=\"twitter:card\" content=\"summary_large_image\" \/>\n<meta name=\"twitter:label1\" content=\"Escrito por\" \/>\n\t<meta name=\"twitter:data1\" content=\"Rosa Martino\" \/>\n<script type=\"application\/ld+json\" class=\"yoast-schema-graph\">{\"@context\":\"https:\\\/\\\/schema.org\",\"@graph\":[{\"@type\":\"Article\",\"@id\":\"https:\\\/\\\/www.escolatrac.com\\\/setmanes-blanques\\\/#article\",\"isPartOf\":{\"@id\":\"https:\\\/\\\/www.escolatrac.com\\\/setmanes-blanques\\\/\"},\"author\":{\"name\":\"Rosa Martino\",\"@id\":\"https:\\\/\\\/www.escolatrac.com\\\/#\\\/schema\\\/person\\\/5ff68b5fd673b76cf5a50abe285338ba\"},\"headline\":\"Semanas Blancas Febrero\",\"datePublished\":\"2022-02-07T12:32:56+00:00\",\"dateModified\":\"2022-02-07T12:39:18+00:00\",\"mainEntityOfPage\":{\"@id\":\"https:\\\/\\\/www.escolatrac.com\\\/setmanes-blanques\\\/\"},\"wordCount\":58,\"commentCount\":0,\"image\":{\"@id\":\"https:\\\/\\\/www.escolatrac.com\\\/setmanes-blanques\\\/#primaryimage\"},\"thumbnailUrl\":\"https:\\\/\\\/www.escolatrac.com\\\/wp-content\\\/uploads\\\/2022\\\/02\\\/IMG_6927-1-scaled.jpg\",\"articleSection\":[\"Nens\"],\"inLanguage\":\"es\",\"potentialAction\":[{\"@type\":\"CommentAction\",\"name\":\"Comment\",\"target\":[\"https:\\\/\\\/www.escolatrac.com\\\/setmanes-blanques\\\/#respond\"]}]},{\"@type\":\"WebPage\",\"@id\":\"https:\\\/\\\/www.escolatrac.com\\\/setmanes-blanques\\\/\",\"url\":\"https:\\\/\\\/www.escolatrac.com\\\/setmanes-blanques\\\/\",\"name\":\"Semanas Blancas Febrero - Escola Tra\u00e7\",\"isPartOf\":{\"@id\":\"https:\\\/\\\/www.escolatrac.com\\\/#website\"},\"primaryImageOfPage\":{\"@id\":\"https:\\\/\\\/www.escolatrac.com\\\/setmanes-blanques\\\/#primaryimage\"},\"image\":{\"@id\":\"https:\\\/\\\/www.escolatrac.com\\\/setmanes-blanques\\\/#primaryimage\"},\"thumbnailUrl\":\"https:\\\/\\\/www.escolatrac.com\\\/wp-content\\\/uploads\\\/2022\\\/02\\\/IMG_6927-1-scaled.jpg\",\"datePublished\":\"2022-02-07T12:32:56+00:00\",\"dateModified\":\"2022-02-07T12:39:18+00:00\",\"author\":{\"@id\":\"https:\\\/\\\/www.escolatrac.com\\\/#\\\/schema\\\/person\\\/5ff68b5fd673b76cf5a50abe285338ba\"},\"breadcrumb\":{\"@id\":\"https:\\\/\\\/www.escolatrac.com\\\/setmanes-blanques\\\/#breadcrumb\"},\"inLanguage\":\"es\",\"potentialAction\":[{\"@type\":\"ReadAction\",\"target\":[\"https:\\\/\\\/www.escolatrac.com\\\/setmanes-blanques\\\/\"]}]},{\"@type\":\"ImageObject\",\"inLanguage\":\"es\",\"@id\":\"https:\\\/\\\/www.escolatrac.com\\\/setmanes-blanques\\\/#primaryimage\",\"url\":\"https:\\\/\\\/www.escolatrac.com\\\/wp-content\\\/uploads\\\/2022\\\/02\\\/IMG_6927-1-scaled.jpg\",\"contentUrl\":\"https:\\\/\\\/www.escolatrac.com\\\/wp-content\\\/uploads\\\/2022\\\/02\\\/IMG_6927-1-scaled.jpg\",\"width\":2560,\"height\":1920},{\"@type\":\"BreadcrumbList\",\"@id\":\"https:\\\/\\\/www.escolatrac.com\\\/setmanes-blanques\\\/#breadcrumb\",\"itemListElement\":[{\"@type\":\"ListItem\",\"position\":1,\"name\":\"Inici\",\"item\":\"https:\\\/\\\/www.escolatrac.com\\\/es\\\/\"},{\"@type\":\"ListItem\",\"position\":2,\"name\":\"Semanas Blancas Febrero\"}]},{\"@type\":\"WebSite\",\"@id\":\"https:\\\/\\\/www.escolatrac.com\\\/#website\",\"url\":\"https:\\\/\\\/www.escolatrac.com\\\/\",\"name\":\"Escola Tra\u00e7\",\"description\":\"\",\"potentialAction\":[{\"@type\":\"SearchAction\",\"target\":{\"@type\":\"EntryPoint\",\"urlTemplate\":\"https:\\\/\\\/www.escolatrac.com\\\/?s={search_term_string}\"},\"query-input\":{\"@type\":\"PropertyValueSpecification\",\"valueRequired\":true,\"valueName\":\"search_term_string\"}}],\"inLanguage\":\"es\"},{\"@type\":\"Person\",\"@id\":\"https:\\\/\\\/www.escolatrac.com\\\/#\\\/schema\\\/person\\\/5ff68b5fd673b76cf5a50abe285338ba\",\"name\":\"Rosa Martino\",\"image\":{\"@type\":\"ImageObject\",\"inLanguage\":\"es\",\"@id\":\"https:\\\/\\\/secure.gravatar.com\\\/avatar\\\/d1637a2e7e3b8daffef3fd80e3a0aa3a2eb10ed0e5e6af3ccbeb1f14c7db7d14?s=96&d=mm&r=g\",\"url\":\"https:\\\/\\\/secure.gravatar.com\\\/avatar\\\/d1637a2e7e3b8daffef3fd80e3a0aa3a2eb10ed0e5e6af3ccbeb1f14c7db7d14?s=96&d=mm&r=g\",\"contentUrl\":\"https:\\\/\\\/secure.gravatar.com\\\/avatar\\\/d1637a2e7e3b8daffef3fd80e3a0aa3a2eb10ed0e5e6af3ccbeb1f14c7db7d14?s=96&d=mm&r=g\",\"caption\":\"Rosa Martino\"},\"url\":\"https:\\\/\\\/www.escolatrac.com\\\/es\\\/author\\\/rosa\\\/\"}]}<\/script>\n<!-- \/ Yoast SEO plugin. -->","yoast_head_json":{"title":"Semanas Blancas Febrero - Escola Tra\u00e7","robots":{"index":"index","follow":"follow","max-snippet":"max-snippet:-1","max-image-preview":"max-image-preview:large","max-video-preview":"max-video-preview:-1"},"canonical":"https:\/\/www.escolatrac.com\/setmanes-blanques\/","og_locale":"es_ES","og_type":"article","og_title":"Semanas Blancas Febrero - Escola Tra\u00e7","og_description":"Durante las semanas no lectivas de las escuelas, en Tra\u00e7 os ofrecemos Casales intensivos de pl\u00e1stica para ni\u00f1os a partir de los 5 a\u00f1os, en horario de ma\u00f1ana: de\u00a09h\u00a0a\u00a013h. Este mes haremos dos semanas: -del 14 al 18 de Febrero (5 d\u00edas) -del 25 al 28 de Febrero (5 d\u00edas) Inf\u00f3rmate aqu\u00ed","og_url":"https:\/\/www.escolatrac.com\/setmanes-blanques\/","og_site_name":"Escola Tra\u00e7","article_published_time":"2022-02-07T12:32:56+00:00","article_modified_time":"2022-02-07T12:39:18+00:00","og_image":[{"width":2560,"height":1920,"url":"https:\/\/www.escolatrac.com\/wp-content\/uploads\/2022\/02\/IMG_6927-1-scaled.jpg","type":"image\/jpeg"}],"author":"Rosa Martino","twitter_card":"summary_large_image","twitter_misc":{"Escrito por":"Rosa Martino"},"schema":{"@context":"https:\/\/schema.org","@graph":[{"@type":"Article","@id":"https:\/\/www.escolatrac.com\/setmanes-blanques\/#article","isPartOf":{"@id":"https:\/\/www.escolatrac.com\/setmanes-blanques\/"},"author":{"name":"Rosa Martino","@id":"https:\/\/www.escolatrac.com\/#\/schema\/person\/5ff68b5fd673b76cf5a50abe285338ba"},"headline":"Semanas Blancas Febrero","datePublished":"2022-02-07T12:32:56+00:00","dateModified":"2022-02-07T12:39:18+00:00","mainEntityOfPage":{"@id":"https:\/\/www.escolatrac.com\/setmanes-blanques\/"},"wordCount":58,"commentCount":0,"image":{"@id":"https:\/\/www.escolatrac.com\/setmanes-blanques\/#primaryimage"},"thumbnailUrl":"https:\/\/www.escolatrac.com\/wp-content\/uploads\/2022\/02\/IMG_6927-1-scaled.jpg","articleSection":["Nens"],"inLanguage":"es","potentialAction":[{"@type":"CommentAction","name":"Comment","target":["https:\/\/www.escolatrac.com\/setmanes-blanques\/#respond"]}]},{"@type":"WebPage","@id":"https:\/\/www.escolatrac.com\/setmanes-blanques\/","url":"https:\/\/www.escolatrac.com\/setmanes-blanques\/","name":"Semanas Blancas Febrero - Escola Tra\u00e7","isPartOf":{"@id":"https:\/\/www.escolatrac.com\/#website"},"primaryImageOfPage":{"@id":"https:\/\/www.escolatrac.com\/setmanes-blanques\/#primaryimage"},"image":{"@id":"https:\/\/www.escolatrac.com\/setmanes-blanques\/#primaryimage"},"thumbnailUrl":"https:\/\/www.escolatrac.com\/wp-content\/uploads\/2022\/02\/IMG_6927-1-scaled.jpg","datePublished":"2022-02-07T12:32:56+00:00","dateModified":"2022-02-07T12:39:18+00:00","author":{"@id":"https:\/\/www.escolatrac.com\/#\/schema\/person\/5ff68b5fd673b76cf5a50abe285338ba"},"breadcrumb":{"@id":"https:\/\/www.escolatrac.com\/setmanes-blanques\/#breadcrumb"},"inLanguage":"es","potentialAction":[{"@type":"ReadAction","target":["https:\/\/www.escolatrac.com\/setmanes-blanques\/"]}]},{"@type":"ImageObject","inLanguage":"es","@id":"https:\/\/www.escolatrac.com\/setmanes-blanques\/#primaryimage","url":"https:\/\/www.escolatrac.com\/wp-content\/uploads\/2022\/02\/IMG_6927-1-scaled.jpg","contentUrl":"https:\/\/www.escolatrac.com\/wp-content\/uploads\/2022\/02\/IMG_6927-1-scaled.jpg","width":2560,"height":1920},{"@type":"BreadcrumbList","@id":"https:\/\/www.escolatrac.com\/setmanes-blanques\/#breadcrumb","itemListElement":[{"@type":"ListItem","position":1,"name":"Inici","item":"https:\/\/www.escolatrac.com\/es\/"},{"@type":"ListItem","position":2,"name":"Semanas Blancas Febrero"}]},{"@type":"WebSite","@id":"https:\/\/www.escolatrac.com\/#website","url":"https:\/\/www.escolatrac.com\/","name":"Escola Tra\u00e7","description":"","potentialAction":[{"@type":"SearchAction","target":{"@type":"EntryPoint","urlTemplate":"https:\/\/www.escolatrac.com\/?s={search_term_string}"},"query-input":{"@type":"PropertyValueSpecification","valueRequired":true,"valueName":"search_term_string"}}],"inLanguage":"es"},{"@type":"Person","@id":"https:\/\/www.escolatrac.com\/#\/schema\/person\/5ff68b5fd673b76cf5a50abe285338ba","name":"Rosa Martino","image":{"@type":"ImageObject","inLanguage":"es","@id":"https:\/\/secure.gravatar.com\/avatar\/d1637a2e7e3b8daffef3fd80e3a0aa3a2eb10ed0e5e6af3ccbeb1f14c7db7d14?s=96&d=mm&r=g","url":"https:\/\/secure.gravatar.com\/avatar\/d1637a2e7e3b8daffef3fd80e3a0aa3a2eb10ed0e5e6af3ccbeb1f14c7db7d14?s=96&d=mm&r=g","contentUrl":"https:\/\/secure.gravatar.com\/avatar\/d1637a2e7e3b8daffef3fd80e3a0aa3a2eb10ed0e5e6af3ccbeb1f14c7db7d14?s=96&d=mm&r=g","caption":"Rosa Martino"},"url":"https:\/\/www.escolatrac.com\/es\/author\/rosa\/"}]}},"_links":{"self":[{"href":"https:\/\/www.escolatrac.com\/es\/wp-json\/wp\/v2\/posts\/13363","targetHints":{"allow":["GET"]}}],"collection":[{"href":"https:\/\/www.escolatrac.com\/es\/wp-json\/wp\/v2\/posts"}],"about":[{"href":"https:\/\/www.escolatrac.com\/es\/wp-json\/wp\/v2\/types\/post"}],"author":[{"embeddable":true,"href":"https:\/\/www.escolatrac.com\/es\/wp-json\/wp\/v2\/users\/4"}],"replies":[{"embeddable":true,"href":"https:\/\/www.escolatrac.com\/es\/wp-json\/wp\/v2\/comments?post=13363"}],"version-history":[{"count":2,"href":"https:\/\/www.escolatrac.com\/es\/wp-json\/wp\/v2\/posts\/13363\/revisions"}],"predecessor-version":[{"id":13366,"href":"https:\/\/www.escolatrac.com\/es\/wp-json\/wp\/v2\/posts\/13363\/revisions\/13366"}],"wp:featuredmedia":[{"embeddable":true,"href":"https:\/\/www.escolatrac.com\/es\/wp-json\/wp\/v2\/media\/13361"}],"wp:attachment":[{"href":"https:\/\/www.escolatrac.com\/es\/wp-json\/wp\/v2\/media?parent=13363"}],"wp:term":[{"taxonomy":"category","embeddable":true,"href":"https:\/\/www.escolatrac.com\/es\/wp-json\/wp\/v2\/categories?post=13363"},{"taxonomy":"post_tag","embeddable":true,"href":"https:\/\/www.escolatrac.com\/es\/wp-json\/wp\/v2\/tags?post=13363"}],"curies":[{"name":"wp","href":"https:\/\/api.w.org\/{rel}","templated":true}]}}