{"id":11527,"date":"2021-05-03T10:55:54","date_gmt":"2021-05-03T08:55:54","guid":{"rendered":"https:\/\/www.escolatrac.com\/intensius-de-juliol-2021\/"},"modified":"2021-05-14T22:01:39","modified_gmt":"2021-05-14T20:01:39","slug":"intensius-de-juliol-2021","status":"publish","type":"post","link":"https:\/\/www.escolatrac.com\/es\/intensius-de-juliol-2021\/","title":{"rendered":"MONOGR\u00c1FICOS DE JULIO 2021"},"content":{"rendered":"\n<div class=\"wp-block-columns is-layout-flex wp-container-core-columns-is-layout-9d6595d7 wp-block-columns-is-layout-flex\">\n<div class=\"wp-block-column is-layout-flow wp-block-column-is-layout-flow\">\n<p>Durante las diferentes semanas de julio, Tra\u00e7 ofrece una variedad de monogr\u00e1ficos para ni\u00f1os, j\u00f3venes y adultos para poder perfeccionar o iniciarse en diferentes t\u00e9cnicas.<\/p>\n\n\n\n<p>Te proponemos los siguientes monogr\u00e1ficos: (pincha en la lista para obtener m\u00e1s informaci\u00f3n de lo que te interese)<\/p>\n\n\n\n<p><strong><a href=\"https:\/\/www.escolatrac.com\/es\/curso-adulto\/ceramica-2\/\" data-type=\"URL\" data-id=\"https:\/\/www.escolatrac.com\/es\/curso-adulto\/ceramica-2\/\">CER\u00c1MICA<\/a><\/strong> (j\u00f3venes y adultos a partir de los 16 a\u00f1os) tardes de julio de 16 a 19h. M\u00e1s informaci\u00f3n aqu\u00ed<\/p>\n\n\n\n<p><strong>C\u00d3MIC<\/strong> (ni\u00f1os entre 10 y 14 a\u00f1os): semana del 28 al 2 de julio de 16h a 19h. M\u00e1s informaci\u00f3n aqu\u00ed<\/p>\n\n\n\n<p><strong>DIBUJO DIGITAL CREATIVO<\/strong> (j\u00f3venes a partir de los 14 a\u00f1os): semana del 5 al 9 de julio por la tarde, de 16h a 19h. M\u00e1s informaci\u00f3n aqu\u00ed<\/p>\n\n\n\n<p><strong>TALLER PL\u00c1STICA<\/strong> todas las tardes de Julio de 16h a 19h por 138 \u20ac la semana.<\/p>\n\n\n\n<p><strong><a href=\"https:\/\/www.escolatrac.com\/es\/curso-adulto\/taller-verano-dibujo-y-pintura\/\">TALLER DE DIBUJO Y PINTURA<\/a><\/strong> la semana del 28 al 2 de julio y la semana del 12 al 16 de julio. M\u00e1s informaci\u00f3n <a href=\"https:\/\/www.escolatrac.com\/es\/curso-adulto\/taller-verano-dibujo-y-pintura\/\" data-type=\"URL\" data-id=\"https:\/\/www.escolatrac.com\/es\/curso-adulto\/taller-verano-dibujo-y-pintura\/\">aqu\u00ed<\/a><\/p>\n<\/div>\n\n\n\n<div class=\"wp-block-column is-layout-flow wp-block-column-is-layout-flow\">      <section id=\"gallery-images-block_608fb232df0f6\" class=\"uk-margin-large-bottom\">\n      <div class=\"uk-container\">\n        <h3 class=\"uk-h4 uk-text-uppercase\"><\/h3>\n\n        <div class=\"uk-grid-collapse uk-child-width-1-3@s\" uk-lightbox uk-grid=\"margin: uk-margin-top\">\n                            <div>\n                    <a href=\"https:\/\/www.escolatrac.com\/wp-content\/uploads\/2021\/05\/COMIC_destacada.jpg\" class=\"uk-position-relative\">\n                        <img decoding=\"async\" width=\"768\" height=\"432\" src=\"https:\/\/www.escolatrac.com\/wp-content\/uploads\/2021\/05\/COMIC_destacada-300x168.jpg\" class=\"attachment-medium_large size-medium_large lazyload\" alt=\"\" srcset=\"\" sizes=\"(max-width: 768px) 100vw, 768px\" data-size=\"auto\" data-src=\"https:\/\/www.escolatrac.com\/wp-content\/uploads\/2021\/05\/COMIC_destacada-768x432.jpg\" data-srcset=\"https:\/\/www.escolatrac.com\/wp-content\/uploads\/2021\/05\/COMIC_destacada-768x432.jpg 768w, https:\/\/www.escolatrac.com\/wp-content\/uploads\/2021\/05\/COMIC_destacada-600x338.jpg 600w, https:\/\/www.escolatrac.com\/wp-content\/uploads\/2021\/05\/COMIC_destacada-300x168.jpg 300w, https:\/\/www.escolatrac.com\/wp-content\/uploads\/2021\/05\/COMIC_destacada-1024x576.jpg 1024w, https:\/\/www.escolatrac.com\/wp-content\/uploads\/2021\/05\/COMIC_destacada-453x255.jpg 453w, https:\/\/www.escolatrac.com\/wp-content\/uploads\/2021\/05\/COMIC_destacada.jpg 1333w\" \/>\n                                            <\/a>\n                <\/div>\n                            <div>\n                    <a href=\"https:\/\/www.escolatrac.com\/wp-content\/uploads\/2021\/05\/DIBUIX-DIGITAL_destacada.jpg\" class=\"uk-position-relative\">\n                        <img decoding=\"async\" width=\"768\" height=\"432\" src=\"https:\/\/www.escolatrac.com\/wp-content\/uploads\/2021\/05\/DIBUIX-DIGITAL_destacada-300x168.jpg\" class=\"attachment-medium_large size-medium_large lazyload\" alt=\"\" srcset=\"\" sizes=\"(max-width: 768px) 100vw, 768px\" data-size=\"auto\" data-src=\"https:\/\/www.escolatrac.com\/wp-content\/uploads\/2021\/05\/DIBUIX-DIGITAL_destacada-768x432.jpg\" data-srcset=\"https:\/\/www.escolatrac.com\/wp-content\/uploads\/2021\/05\/DIBUIX-DIGITAL_destacada-768x432.jpg 768w, https:\/\/www.escolatrac.com\/wp-content\/uploads\/2021\/05\/DIBUIX-DIGITAL_destacada-600x338.jpg 600w, https:\/\/www.escolatrac.com\/wp-content\/uploads\/2021\/05\/DIBUIX-DIGITAL_destacada-300x168.jpg 300w, https:\/\/www.escolatrac.com\/wp-content\/uploads\/2021\/05\/DIBUIX-DIGITAL_destacada-1024x576.jpg 1024w, https:\/\/www.escolatrac.com\/wp-content\/uploads\/2021\/05\/DIBUIX-DIGITAL_destacada-453x255.jpg 453w, https:\/\/www.escolatrac.com\/wp-content\/uploads\/2021\/05\/DIBUIX-DIGITAL_destacada.jpg 1333w\" \/>\n                                            <\/a>\n                <\/div>\n                            <div>\n                    <a href=\"https:\/\/www.escolatrac.com\/wp-content\/uploads\/2021\/05\/CERAMICA_JULIOL_INSTA.jpg\" class=\"uk-position-relative\">\n                        <img decoding=\"async\" width=\"768\" height=\"432\" src=\"https:\/\/www.escolatrac.com\/wp-content\/uploads\/2021\/05\/CERAMICA_JULIOL_INSTA-300x168.jpg\" class=\"attachment-medium_large size-medium_large lazyload\" alt=\"\" srcset=\"\" sizes=\"(max-width: 768px) 100vw, 768px\" data-size=\"auto\" data-src=\"https:\/\/www.escolatrac.com\/wp-content\/uploads\/2021\/05\/CERAMICA_JULIOL_INSTA-768x432.jpg\" data-srcset=\"https:\/\/www.escolatrac.com\/wp-content\/uploads\/2021\/05\/CERAMICA_JULIOL_INSTA-768x432.jpg 768w, https:\/\/www.escolatrac.com\/wp-content\/uploads\/2021\/05\/CERAMICA_JULIOL_INSTA-300x168.jpg 300w, https:\/\/www.escolatrac.com\/wp-content\/uploads\/2021\/05\/CERAMICA_JULIOL_INSTA-453x255.jpg 453w\" \/>\n                                            <\/a>\n                <\/div>\n                    <\/div>\n\n                <\/div>\n    <\/section>\n\n\n\n\n\n\n<\/div>\n<\/div>\n\n\n\n\n","protected":false},"excerpt":{"rendered":"<p>Durante las diferentes semanas de julio, Tra\u00e7 ofrece una variedad de monogr\u00e1ficos para ni\u00f1os, j\u00f3venes y adultos para poder perfeccionar o iniciarse en diferentes t\u00e9cnicas. Te proponemos los siguientes monogr\u00e1ficos: (pincha en la lista para obtener m\u00e1s informaci\u00f3n de lo que te interese) CER\u00c1MICA (j\u00f3venes y adultos a partir de los 16 a\u00f1os) tardes de &hellip; <a href=\"https:\/\/www.escolatrac.com\/es\/intensius-de-juliol-2021\/\">Continued<\/a><\/p>\n","protected":false},"author":5,"featured_media":11405,"comment_status":"open","ping_status":"open","sticky":false,"template":"","format":"standard","meta":{"_acf_changed":false,"footnotes":""},"categories":[15],"tags":[],"class_list":["post-11527","post","type-post","status-publish","format-standard","has-post-thumbnail","hentry","category-sin-categorizar"],"acf":[],"yoast_head":"<!-- This site is optimized with the Yoast SEO plugin v27.3 - https:\/\/yoast.com\/product\/yoast-seo-wordpress\/ -->\n<title>MONOGR\u00c1FICOS DE JULIO 2021 - Escola Tra\u00e7<\/title>\n<meta name=\"robots\" content=\"index, follow, max-snippet:-1, max-image-preview:large, max-video-preview:-1\" \/>\n<link rel=\"canonical\" href=\"https:\/\/www.escolatrac.com\/intensius-de-juliol-2021\/\" \/>\n<meta property=\"og:locale\" content=\"es_ES\" \/>\n<meta property=\"og:type\" content=\"article\" \/>\n<meta property=\"og:title\" content=\"MONOGR\u00c1FICOS DE JULIO 2021 - Escola Tra\u00e7\" \/>\n<meta property=\"og:description\" content=\"Durante las diferentes semanas de julio, Tra\u00e7 ofrece una variedad de monogr\u00e1ficos para ni\u00f1os, j\u00f3venes y adultos para poder perfeccionar o iniciarse en diferentes t\u00e9cnicas. Te proponemos los siguientes monogr\u00e1ficos: (pincha en la lista para obtener m\u00e1s informaci\u00f3n de lo que te interese) CER\u00c1MICA (j\u00f3venes y adultos a partir de los 16 a\u00f1os) tardes de &hellip; Continued\" \/>\n<meta property=\"og:url\" content=\"https:\/\/www.escolatrac.com\/intensius-de-juliol-2021\/\" \/>\n<meta property=\"og:site_name\" content=\"Escola Tra\u00e7\" \/>\n<meta property=\"article:published_time\" content=\"2021-05-03T08:55:54+00:00\" \/>\n<meta property=\"article:modified_time\" content=\"2021-05-14T20:01:39+00:00\" \/>\n<meta property=\"og:image\" content=\"https:\/\/www.escolatrac.com\/wp-content\/uploads\/2021\/05\/MONOGRAFICS-1.jpg\" \/>\n\t<meta property=\"og:image:width\" content=\"1234\" \/>\n\t<meta property=\"og:image:height\" content=\"755\" \/>\n\t<meta property=\"og:image:type\" content=\"image\/jpeg\" \/>\n<meta name=\"author\" content=\"Gerard Beneyt\" \/>\n<meta name=\"twitter:card\" content=\"summary_large_image\" \/>\n<meta name=\"twitter:label1\" content=\"Escrito por\" \/>\n\t<meta name=\"twitter:data1\" content=\"Gerard Beneyt\" \/>\n\t<meta name=\"twitter:label2\" content=\"Tiempo de lectura\" \/>\n\t<meta name=\"twitter:data2\" content=\"1 minuto\" \/>\n<script type=\"application\/ld+json\" class=\"yoast-schema-graph\">{\"@context\":\"https:\\\/\\\/schema.org\",\"@graph\":[{\"@type\":\"Article\",\"@id\":\"https:\\\/\\\/www.escolatrac.com\\\/intensius-de-juliol-2021\\\/#article\",\"isPartOf\":{\"@id\":\"https:\\\/\\\/www.escolatrac.com\\\/intensius-de-juliol-2021\\\/\"},\"author\":{\"name\":\"Gerard Beneyt\",\"@id\":\"https:\\\/\\\/www.escolatrac.com\\\/#\\\/schema\\\/person\\\/16b1314a1686e63120f047d625a0e693\"},\"headline\":\"MONOGR\u00c1FICOS DE JULIO 2021\",\"datePublished\":\"2021-05-03T08:55:54+00:00\",\"dateModified\":\"2021-05-14T20:01:39+00:00\",\"mainEntityOfPage\":{\"@id\":\"https:\\\/\\\/www.escolatrac.com\\\/intensius-de-juliol-2021\\\/\"},\"wordCount\":165,\"commentCount\":0,\"image\":{\"@id\":\"https:\\\/\\\/www.escolatrac.com\\\/intensius-de-juliol-2021\\\/#primaryimage\"},\"thumbnailUrl\":\"https:\\\/\\\/www.escolatrac.com\\\/wp-content\\\/uploads\\\/2021\\\/05\\\/MONOGRAFICS-1.jpg\",\"articleSection\":[\"Sin categorizar\"],\"inLanguage\":\"es\",\"potentialAction\":[{\"@type\":\"CommentAction\",\"name\":\"Comment\",\"target\":[\"https:\\\/\\\/www.escolatrac.com\\\/intensius-de-juliol-2021\\\/#respond\"]}]},{\"@type\":\"WebPage\",\"@id\":\"https:\\\/\\\/www.escolatrac.com\\\/intensius-de-juliol-2021\\\/\",\"url\":\"https:\\\/\\\/www.escolatrac.com\\\/intensius-de-juliol-2021\\\/\",\"name\":\"MONOGR\u00c1FICOS DE JULIO 2021 - Escola Tra\u00e7\",\"isPartOf\":{\"@id\":\"https:\\\/\\\/www.escolatrac.com\\\/#website\"},\"primaryImageOfPage\":{\"@id\":\"https:\\\/\\\/www.escolatrac.com\\\/intensius-de-juliol-2021\\\/#primaryimage\"},\"image\":{\"@id\":\"https:\\\/\\\/www.escolatrac.com\\\/intensius-de-juliol-2021\\\/#primaryimage\"},\"thumbnailUrl\":\"https:\\\/\\\/www.escolatrac.com\\\/wp-content\\\/uploads\\\/2021\\\/05\\\/MONOGRAFICS-1.jpg\",\"datePublished\":\"2021-05-03T08:55:54+00:00\",\"dateModified\":\"2021-05-14T20:01:39+00:00\",\"author\":{\"@id\":\"https:\\\/\\\/www.escolatrac.com\\\/#\\\/schema\\\/person\\\/16b1314a1686e63120f047d625a0e693\"},\"breadcrumb\":{\"@id\":\"https:\\\/\\\/www.escolatrac.com\\\/intensius-de-juliol-2021\\\/#breadcrumb\"},\"inLanguage\":\"es\",\"potentialAction\":[{\"@type\":\"ReadAction\",\"target\":[\"https:\\\/\\\/www.escolatrac.com\\\/intensius-de-juliol-2021\\\/\"]}]},{\"@type\":\"ImageObject\",\"inLanguage\":\"es\",\"@id\":\"https:\\\/\\\/www.escolatrac.com\\\/intensius-de-juliol-2021\\\/#primaryimage\",\"url\":\"https:\\\/\\\/www.escolatrac.com\\\/wp-content\\\/uploads\\\/2021\\\/05\\\/MONOGRAFICS-1.jpg\",\"contentUrl\":\"https:\\\/\\\/www.escolatrac.com\\\/wp-content\\\/uploads\\\/2021\\\/05\\\/MONOGRAFICS-1.jpg\",\"width\":1234,\"height\":755},{\"@type\":\"BreadcrumbList\",\"@id\":\"https:\\\/\\\/www.escolatrac.com\\\/intensius-de-juliol-2021\\\/#breadcrumb\",\"itemListElement\":[{\"@type\":\"ListItem\",\"position\":1,\"name\":\"Inici\",\"item\":\"https:\\\/\\\/www.escolatrac.com\\\/es\\\/\"},{\"@type\":\"ListItem\",\"position\":2,\"name\":\"MONOGR\u00c1FICOS DE JULIO 2021\"}]},{\"@type\":\"WebSite\",\"@id\":\"https:\\\/\\\/www.escolatrac.com\\\/#website\",\"url\":\"https:\\\/\\\/www.escolatrac.com\\\/\",\"name\":\"Escola Tra\u00e7\",\"description\":\"\",\"potentialAction\":[{\"@type\":\"SearchAction\",\"target\":{\"@type\":\"EntryPoint\",\"urlTemplate\":\"https:\\\/\\\/www.escolatrac.com\\\/?s={search_term_string}\"},\"query-input\":{\"@type\":\"PropertyValueSpecification\",\"valueRequired\":true,\"valueName\":\"search_term_string\"}}],\"inLanguage\":\"es\"},{\"@type\":\"Person\",\"@id\":\"https:\\\/\\\/www.escolatrac.com\\\/#\\\/schema\\\/person\\\/16b1314a1686e63120f047d625a0e693\",\"name\":\"Gerard Beneyt\",\"image\":{\"@type\":\"ImageObject\",\"inLanguage\":\"es\",\"@id\":\"https:\\\/\\\/secure.gravatar.com\\\/avatar\\\/3bb1b455449ab26dcaecb3c81b96d74532b3ca73cd62493c738b45b5136241c5?s=96&d=mm&r=g\",\"url\":\"https:\\\/\\\/secure.gravatar.com\\\/avatar\\\/3bb1b455449ab26dcaecb3c81b96d74532b3ca73cd62493c738b45b5136241c5?s=96&d=mm&r=g\",\"contentUrl\":\"https:\\\/\\\/secure.gravatar.com\\\/avatar\\\/3bb1b455449ab26dcaecb3c81b96d74532b3ca73cd62493c738b45b5136241c5?s=96&d=mm&r=g\",\"caption\":\"Gerard Beneyt\"},\"url\":\"https:\\\/\\\/www.escolatrac.com\\\/es\\\/author\\\/gerard\\\/\"}]}<\/script>\n<!-- \/ Yoast SEO plugin. -->","yoast_head_json":{"title":"MONOGR\u00c1FICOS DE JULIO 2021 - Escola Tra\u00e7","robots":{"index":"index","follow":"follow","max-snippet":"max-snippet:-1","max-image-preview":"max-image-preview:large","max-video-preview":"max-video-preview:-1"},"canonical":"https:\/\/www.escolatrac.com\/intensius-de-juliol-2021\/","og_locale":"es_ES","og_type":"article","og_title":"MONOGR\u00c1FICOS DE JULIO 2021 - Escola Tra\u00e7","og_description":"Durante las diferentes semanas de julio, Tra\u00e7 ofrece una variedad de monogr\u00e1ficos para ni\u00f1os, j\u00f3venes y adultos para poder perfeccionar o iniciarse en diferentes t\u00e9cnicas. Te proponemos los siguientes monogr\u00e1ficos: (pincha en la lista para obtener m\u00e1s informaci\u00f3n de lo que te interese) CER\u00c1MICA (j\u00f3venes y adultos a partir de los 16 a\u00f1os) tardes de &hellip; Continued","og_url":"https:\/\/www.escolatrac.com\/intensius-de-juliol-2021\/","og_site_name":"Escola Tra\u00e7","article_published_time":"2021-05-03T08:55:54+00:00","article_modified_time":"2021-05-14T20:01:39+00:00","og_image":[{"width":1234,"height":755,"url":"https:\/\/www.escolatrac.com\/wp-content\/uploads\/2021\/05\/MONOGRAFICS-1.jpg","type":"image\/jpeg"}],"author":"Gerard Beneyt","twitter_card":"summary_large_image","twitter_misc":{"Escrito por":"Gerard Beneyt","Tiempo de lectura":"1 minuto"},"schema":{"@context":"https:\/\/schema.org","@graph":[{"@type":"Article","@id":"https:\/\/www.escolatrac.com\/intensius-de-juliol-2021\/#article","isPartOf":{"@id":"https:\/\/www.escolatrac.com\/intensius-de-juliol-2021\/"},"author":{"name":"Gerard Beneyt","@id":"https:\/\/www.escolatrac.com\/#\/schema\/person\/16b1314a1686e63120f047d625a0e693"},"headline":"MONOGR\u00c1FICOS DE JULIO 2021","datePublished":"2021-05-03T08:55:54+00:00","dateModified":"2021-05-14T20:01:39+00:00","mainEntityOfPage":{"@id":"https:\/\/www.escolatrac.com\/intensius-de-juliol-2021\/"},"wordCount":165,"commentCount":0,"image":{"@id":"https:\/\/www.escolatrac.com\/intensius-de-juliol-2021\/#primaryimage"},"thumbnailUrl":"https:\/\/www.escolatrac.com\/wp-content\/uploads\/2021\/05\/MONOGRAFICS-1.jpg","articleSection":["Sin categorizar"],"inLanguage":"es","potentialAction":[{"@type":"CommentAction","name":"Comment","target":["https:\/\/www.escolatrac.com\/intensius-de-juliol-2021\/#respond"]}]},{"@type":"WebPage","@id":"https:\/\/www.escolatrac.com\/intensius-de-juliol-2021\/","url":"https:\/\/www.escolatrac.com\/intensius-de-juliol-2021\/","name":"MONOGR\u00c1FICOS DE JULIO 2021 - Escola Tra\u00e7","isPartOf":{"@id":"https:\/\/www.escolatrac.com\/#website"},"primaryImageOfPage":{"@id":"https:\/\/www.escolatrac.com\/intensius-de-juliol-2021\/#primaryimage"},"image":{"@id":"https:\/\/www.escolatrac.com\/intensius-de-juliol-2021\/#primaryimage"},"thumbnailUrl":"https:\/\/www.escolatrac.com\/wp-content\/uploads\/2021\/05\/MONOGRAFICS-1.jpg","datePublished":"2021-05-03T08:55:54+00:00","dateModified":"2021-05-14T20:01:39+00:00","author":{"@id":"https:\/\/www.escolatrac.com\/#\/schema\/person\/16b1314a1686e63120f047d625a0e693"},"breadcrumb":{"@id":"https:\/\/www.escolatrac.com\/intensius-de-juliol-2021\/#breadcrumb"},"inLanguage":"es","potentialAction":[{"@type":"ReadAction","target":["https:\/\/www.escolatrac.com\/intensius-de-juliol-2021\/"]}]},{"@type":"ImageObject","inLanguage":"es","@id":"https:\/\/www.escolatrac.com\/intensius-de-juliol-2021\/#primaryimage","url":"https:\/\/www.escolatrac.com\/wp-content\/uploads\/2021\/05\/MONOGRAFICS-1.jpg","contentUrl":"https:\/\/www.escolatrac.com\/wp-content\/uploads\/2021\/05\/MONOGRAFICS-1.jpg","width":1234,"height":755},{"@type":"BreadcrumbList","@id":"https:\/\/www.escolatrac.com\/intensius-de-juliol-2021\/#breadcrumb","itemListElement":[{"@type":"ListItem","position":1,"name":"Inici","item":"https:\/\/www.escolatrac.com\/es\/"},{"@type":"ListItem","position":2,"name":"MONOGR\u00c1FICOS DE JULIO 2021"}]},{"@type":"WebSite","@id":"https:\/\/www.escolatrac.com\/#website","url":"https:\/\/www.escolatrac.com\/","name":"Escola Tra\u00e7","description":"","potentialAction":[{"@type":"SearchAction","target":{"@type":"EntryPoint","urlTemplate":"https:\/\/www.escolatrac.com\/?s={search_term_string}"},"query-input":{"@type":"PropertyValueSpecification","valueRequired":true,"valueName":"search_term_string"}}],"inLanguage":"es"},{"@type":"Person","@id":"https:\/\/www.escolatrac.com\/#\/schema\/person\/16b1314a1686e63120f047d625a0e693","name":"Gerard Beneyt","image":{"@type":"ImageObject","inLanguage":"es","@id":"https:\/\/secure.gravatar.com\/avatar\/3bb1b455449ab26dcaecb3c81b96d74532b3ca73cd62493c738b45b5136241c5?s=96&d=mm&r=g","url":"https:\/\/secure.gravatar.com\/avatar\/3bb1b455449ab26dcaecb3c81b96d74532b3ca73cd62493c738b45b5136241c5?s=96&d=mm&r=g","contentUrl":"https:\/\/secure.gravatar.com\/avatar\/3bb1b455449ab26dcaecb3c81b96d74532b3ca73cd62493c738b45b5136241c5?s=96&d=mm&r=g","caption":"Gerard Beneyt"},"url":"https:\/\/www.escolatrac.com\/es\/author\/gerard\/"}]}},"_links":{"self":[{"href":"https:\/\/www.escolatrac.com\/es\/wp-json\/wp\/v2\/posts\/11527","targetHints":{"allow":["GET"]}}],"collection":[{"href":"https:\/\/www.escolatrac.com\/es\/wp-json\/wp\/v2\/posts"}],"about":[{"href":"https:\/\/www.escolatrac.com\/es\/wp-json\/wp\/v2\/types\/post"}],"author":[{"embeddable":true,"href":"https:\/\/www.escolatrac.com\/es\/wp-json\/wp\/v2\/users\/5"}],"replies":[{"embeddable":true,"href":"https:\/\/www.escolatrac.com\/es\/wp-json\/wp\/v2\/comments?post=11527"}],"version-history":[{"count":2,"href":"https:\/\/www.escolatrac.com\/es\/wp-json\/wp\/v2\/posts\/11527\/revisions"}],"predecessor-version":[{"id":11574,"href":"https:\/\/www.escolatrac.com\/es\/wp-json\/wp\/v2\/posts\/11527\/revisions\/11574"}],"wp:featuredmedia":[{"embeddable":true,"href":"https:\/\/www.escolatrac.com\/es\/wp-json\/wp\/v2\/media\/11405"}],"wp:attachment":[{"href":"https:\/\/www.escolatrac.com\/es\/wp-json\/wp\/v2\/media?parent=11527"}],"wp:term":[{"taxonomy":"category","embeddable":true,"href":"https:\/\/www.escolatrac.com\/es\/wp-json\/wp\/v2\/categories?post=11527"},{"taxonomy":"post_tag","embeddable":true,"href":"https:\/\/www.escolatrac.com\/es\/wp-json\/wp\/v2\/tags?post=11527"}],"curies":[{"name":"wp","href":"https:\/\/api.w.org\/{rel}","templated":true}]}}