{"id":11161,"date":"2021-05-08T18:19:00","date_gmt":"2021-05-08T16:19:00","guid":{"rendered":"https:\/\/www.escolatrac.com\/?p=11161"},"modified":"2021-08-01T11:16:33","modified_gmt":"2021-08-01T09:16:33","slug":"casal-verano-2021","status":"publish","type":"post","link":"https:\/\/www.escolatrac.com\/es\/casal-verano-2021\/","title":{"rendered":"CASAL VERANO JULIO I SEPTIEMBRE 2021"},"content":{"rendered":"\n<div class=\"wp-block-columns is-layout-flex wp-container-core-columns-is-layout-9d6595d7 wp-block-columns-is-layout-flex\">\n<div class=\"wp-block-column is-layout-flow wp-block-column-is-layout-flow\">\n<p>En estos momentos solo nos quedan las siguientes plazas:<\/p>\n\n\n\n<p><strong>tardes:\u00a0<\/strong><br><br>Semana 6-10 septiembre de 16h a 19h<\/p>\n\n\n\n<p>precio: 138\u20ac (material incluido)<\/p>\n\n\n\n<p>enviad mail a : trac@escolatrac.com<\/p>\n\n\n\n<p>En el mail nos ten\u00e9is que indicar la siguiente informaci\u00f3n ( imprescindible ):<br>-Nombre ni\u00f1a\/o:<br>-A\u00f1o nacimiento:<br>-Semana escogida:<br>-opci\u00f3n ma\u00f1ana o tarde:<br>-mail contacto:<br>-tel\u00e9fono contacto:<\/p>\n\n\n\n<p><\/p>\n\n\n\n<p>Para m\u00e1s informaci\u00f3n del casal clica <a href=\"https:\/\/www.escolatrac.com\/es\/curso-infantil\/casal-de-verano-julio\/\">aqu\u00ed<\/a><\/p>\n<\/div>\n\n\n\n<div class=\"wp-block-column is-layout-flow wp-block-column-is-layout-flow\">\n  <div class=\"uk-visible-toggle uk-position-relative\" uk-slider=\"finite: true; center: true; animation: push; ratio: 16:9;\">\n    <div class=\"uk-position-relative uk-visible-toggle\" tabindex=\"-1\">\n      <ul class=\"uk-slider-items\">\n                      <li class=\"uk-width-1-1\">\n                              <img decoding=\"async\" width=\"768\" height=\"576\" src=\"https:\/\/www.escolatrac.com\/wp-content\/uploads\/2020\/05\/casal-estiu-tardes.jpg\" class=\"attachment-large size-large lazyload\" alt=\"escola art nens\" srcset=\"\" sizes=\"(max-width: 768px) 100vw, 768px\" data-size=\"auto\" data-src=\"https:\/\/www.escolatrac.com\/wp-content\/uploads\/2020\/05\/casal-estiu-tardes.jpg\" data-srcset=\"https:\/\/www.escolatrac.com\/wp-content\/uploads\/2020\/05\/casal-estiu-tardes.jpg 1220w, https:\/\/www.escolatrac.com\/wp-content\/uploads\/2020\/05\/casal-estiu-tardes-600x450.jpg 600w\" \/>              \n              <div class=\"uk-flex-inline uk-flex-between uk-width-1-1\">\n                <h4 class=\"uk-h5 uk-margin-remove uk-text-muted\"><\/h4>\n                <h4 class=\"uk-h5 uk-margin-remove uk-text-muted\"><\/h4>\n              <\/div>\n            <\/li>\n                <\/ul>\n\n      <a class=\"c-slidenav uk-position-center-left uk-position-small uk-padding-small\" href=\"#\" uk-slidenav-previous uk-slider-item=\"previous\"><\/a>\n      <a class=\"c-slidenav uk-position-center-right uk-position-small uk-padding-small\" href=\"#\" uk-slidenav-next uk-slider-item=\"next\"><\/a>\n    <\/div>\n\n    <ul class=\"uk-slider-nav uk-position-bottom uk-light uk-dotnav uk-flex-center uk-margin uk-margin-large-bottom\"><\/ul>\n  <\/div>\n\n\n\n<\/div>\n<\/div>\n\n\n\n\n","protected":false},"excerpt":{"rendered":"<p>En estos momentos solo nos quedan las siguientes plazas: tardes:\u00a0 Semana 6-10 septiembre de 16h a 19h precio: 138\u20ac (material incluido) enviad mail a : trac@escolatrac.com En el mail nos ten\u00e9is que indicar la siguiente informaci\u00f3n ( imprescindible ):-Nombre ni\u00f1a\/o:-A\u00f1o nacimiento:-Semana escogida:-opci\u00f3n ma\u00f1ana o tarde:-mail contacto:-tel\u00e9fono contacto: Para m\u00e1s informaci\u00f3n del casal clica aqu\u00ed<\/p>\n","protected":false},"author":4,"featured_media":11267,"comment_status":"open","ping_status":"open","sticky":false,"template":"","format":"standard","meta":{"_acf_changed":false,"footnotes":""},"categories":[41],"tags":[],"class_list":["post-11161","post","type-post","status-publish","format-standard","has-post-thumbnail","hentry","category-nens-es"],"acf":[],"yoast_head":"<!-- This site is optimized with the Yoast SEO plugin v27.3 - https:\/\/yoast.com\/product\/yoast-seo-wordpress\/ -->\n<title>CASAL VERANO JULIO I SEPTIEMBRE 2021 - Escola Tra\u00e7<\/title>\n<meta name=\"robots\" content=\"index, follow, max-snippet:-1, max-image-preview:large, max-video-preview:-1\" \/>\n<link rel=\"canonical\" href=\"https:\/\/www.escolatrac.com\/casal-destiu-2021\/\" \/>\n<meta property=\"og:locale\" content=\"es_ES\" \/>\n<meta property=\"og:type\" content=\"article\" \/>\n<meta property=\"og:title\" content=\"CASAL VERANO JULIO I SEPTIEMBRE 2021 - Escola Tra\u00e7\" \/>\n<meta property=\"og:description\" content=\"En estos momentos solo nos quedan las siguientes plazas: tardes:\u00a0 Semana 6-10 septiembre de 16h a 19h precio: 138\u20ac (material incluido) enviad mail a : trac@escolatrac.com En el mail nos ten\u00e9is que indicar la siguiente informaci\u00f3n ( imprescindible ):-Nombre ni\u00f1a\/o:-A\u00f1o nacimiento:-Semana escogida:-opci\u00f3n ma\u00f1ana o tarde:-mail contacto:-tel\u00e9fono contacto: Para m\u00e1s informaci\u00f3n del casal clica aqu\u00ed\" \/>\n<meta property=\"og:url\" content=\"https:\/\/www.escolatrac.com\/casal-destiu-2021\/\" \/>\n<meta property=\"og:site_name\" content=\"Escola Tra\u00e7\" \/>\n<meta property=\"article:published_time\" content=\"2021-05-08T16:19:00+00:00\" \/>\n<meta property=\"article:modified_time\" content=\"2021-08-01T09:16:33+00:00\" \/>\n<meta property=\"og:image\" content=\"https:\/\/www.escolatrac.com\/wp-content\/uploads\/2021\/04\/ESTIU_web-scaled.jpg\" \/>\n\t<meta property=\"og:image:width\" content=\"2560\" \/>\n\t<meta property=\"og:image:height\" content=\"1495\" \/>\n\t<meta property=\"og:image:type\" content=\"image\/jpeg\" \/>\n<meta name=\"author\" content=\"Rosa Martino\" \/>\n<meta name=\"twitter:card\" content=\"summary_large_image\" \/>\n<meta name=\"twitter:label1\" content=\"Escrito por\" \/>\n\t<meta name=\"twitter:data1\" content=\"Rosa Martino\" \/>\n<script type=\"application\/ld+json\" class=\"yoast-schema-graph\">{\"@context\":\"https:\\\/\\\/schema.org\",\"@graph\":[{\"@type\":\"Article\",\"@id\":\"https:\\\/\\\/www.escolatrac.com\\\/casal-destiu-2021\\\/#article\",\"isPartOf\":{\"@id\":\"https:\\\/\\\/www.escolatrac.com\\\/casal-destiu-2021\\\/\"},\"author\":{\"name\":\"Rosa Martino\",\"@id\":\"https:\\\/\\\/www.escolatrac.com\\\/#\\\/schema\\\/person\\\/5ff68b5fd673b76cf5a50abe285338ba\"},\"headline\":\"CASAL VERANO JULIO I SEPTIEMBRE 2021\",\"datePublished\":\"2021-05-08T16:19:00+00:00\",\"dateModified\":\"2021-08-01T09:16:33+00:00\",\"mainEntityOfPage\":{\"@id\":\"https:\\\/\\\/www.escolatrac.com\\\/casal-destiu-2021\\\/\"},\"wordCount\":73,\"commentCount\":0,\"image\":{\"@id\":\"https:\\\/\\\/www.escolatrac.com\\\/casal-destiu-2021\\\/#primaryimage\"},\"thumbnailUrl\":\"https:\\\/\\\/www.escolatrac.com\\\/wp-content\\\/uploads\\\/2021\\\/04\\\/ESTIU_web-scaled.jpg\",\"articleSection\":[\"Nens\"],\"inLanguage\":\"es\",\"potentialAction\":[{\"@type\":\"CommentAction\",\"name\":\"Comment\",\"target\":[\"https:\\\/\\\/www.escolatrac.com\\\/casal-destiu-2021\\\/#respond\"]}]},{\"@type\":\"WebPage\",\"@id\":\"https:\\\/\\\/www.escolatrac.com\\\/casal-destiu-2021\\\/\",\"url\":\"https:\\\/\\\/www.escolatrac.com\\\/casal-destiu-2021\\\/\",\"name\":\"CASAL VERANO JULIO I SEPTIEMBRE 2021 - Escola Tra\u00e7\",\"isPartOf\":{\"@id\":\"https:\\\/\\\/www.escolatrac.com\\\/#website\"},\"primaryImageOfPage\":{\"@id\":\"https:\\\/\\\/www.escolatrac.com\\\/casal-destiu-2021\\\/#primaryimage\"},\"image\":{\"@id\":\"https:\\\/\\\/www.escolatrac.com\\\/casal-destiu-2021\\\/#primaryimage\"},\"thumbnailUrl\":\"https:\\\/\\\/www.escolatrac.com\\\/wp-content\\\/uploads\\\/2021\\\/04\\\/ESTIU_web-scaled.jpg\",\"datePublished\":\"2021-05-08T16:19:00+00:00\",\"dateModified\":\"2021-08-01T09:16:33+00:00\",\"author\":{\"@id\":\"https:\\\/\\\/www.escolatrac.com\\\/#\\\/schema\\\/person\\\/5ff68b5fd673b76cf5a50abe285338ba\"},\"breadcrumb\":{\"@id\":\"https:\\\/\\\/www.escolatrac.com\\\/casal-destiu-2021\\\/#breadcrumb\"},\"inLanguage\":\"es\",\"potentialAction\":[{\"@type\":\"ReadAction\",\"target\":[\"https:\\\/\\\/www.escolatrac.com\\\/casal-destiu-2021\\\/\"]}]},{\"@type\":\"ImageObject\",\"inLanguage\":\"es\",\"@id\":\"https:\\\/\\\/www.escolatrac.com\\\/casal-destiu-2021\\\/#primaryimage\",\"url\":\"https:\\\/\\\/www.escolatrac.com\\\/wp-content\\\/uploads\\\/2021\\\/04\\\/ESTIU_web-scaled.jpg\",\"contentUrl\":\"https:\\\/\\\/www.escolatrac.com\\\/wp-content\\\/uploads\\\/2021\\\/04\\\/ESTIU_web-scaled.jpg\",\"width\":2560,\"height\":1495},{\"@type\":\"BreadcrumbList\",\"@id\":\"https:\\\/\\\/www.escolatrac.com\\\/casal-destiu-2021\\\/#breadcrumb\",\"itemListElement\":[{\"@type\":\"ListItem\",\"position\":1,\"name\":\"Inici\",\"item\":\"https:\\\/\\\/www.escolatrac.com\\\/es\\\/\"},{\"@type\":\"ListItem\",\"position\":2,\"name\":\"CASAL VERANO JULIO I SEPTIEMBRE 2021\"}]},{\"@type\":\"WebSite\",\"@id\":\"https:\\\/\\\/www.escolatrac.com\\\/#website\",\"url\":\"https:\\\/\\\/www.escolatrac.com\\\/\",\"name\":\"Escola Tra\u00e7\",\"description\":\"\",\"potentialAction\":[{\"@type\":\"SearchAction\",\"target\":{\"@type\":\"EntryPoint\",\"urlTemplate\":\"https:\\\/\\\/www.escolatrac.com\\\/?s={search_term_string}\"},\"query-input\":{\"@type\":\"PropertyValueSpecification\",\"valueRequired\":true,\"valueName\":\"search_term_string\"}}],\"inLanguage\":\"es\"},{\"@type\":\"Person\",\"@id\":\"https:\\\/\\\/www.escolatrac.com\\\/#\\\/schema\\\/person\\\/5ff68b5fd673b76cf5a50abe285338ba\",\"name\":\"Rosa Martino\",\"image\":{\"@type\":\"ImageObject\",\"inLanguage\":\"es\",\"@id\":\"https:\\\/\\\/secure.gravatar.com\\\/avatar\\\/d1637a2e7e3b8daffef3fd80e3a0aa3a2eb10ed0e5e6af3ccbeb1f14c7db7d14?s=96&d=mm&r=g\",\"url\":\"https:\\\/\\\/secure.gravatar.com\\\/avatar\\\/d1637a2e7e3b8daffef3fd80e3a0aa3a2eb10ed0e5e6af3ccbeb1f14c7db7d14?s=96&d=mm&r=g\",\"contentUrl\":\"https:\\\/\\\/secure.gravatar.com\\\/avatar\\\/d1637a2e7e3b8daffef3fd80e3a0aa3a2eb10ed0e5e6af3ccbeb1f14c7db7d14?s=96&d=mm&r=g\",\"caption\":\"Rosa Martino\"},\"url\":\"https:\\\/\\\/www.escolatrac.com\\\/es\\\/author\\\/rosa\\\/\"}]}<\/script>\n<!-- \/ Yoast SEO plugin. -->","yoast_head_json":{"title":"CASAL VERANO JULIO I SEPTIEMBRE 2021 - Escola Tra\u00e7","robots":{"index":"index","follow":"follow","max-snippet":"max-snippet:-1","max-image-preview":"max-image-preview:large","max-video-preview":"max-video-preview:-1"},"canonical":"https:\/\/www.escolatrac.com\/casal-destiu-2021\/","og_locale":"es_ES","og_type":"article","og_title":"CASAL VERANO JULIO I SEPTIEMBRE 2021 - Escola Tra\u00e7","og_description":"En estos momentos solo nos quedan las siguientes plazas: tardes:\u00a0 Semana 6-10 septiembre de 16h a 19h precio: 138\u20ac (material incluido) enviad mail a : trac@escolatrac.com En el mail nos ten\u00e9is que indicar la siguiente informaci\u00f3n ( imprescindible ):-Nombre ni\u00f1a\/o:-A\u00f1o nacimiento:-Semana escogida:-opci\u00f3n ma\u00f1ana o tarde:-mail contacto:-tel\u00e9fono contacto: Para m\u00e1s informaci\u00f3n del casal clica aqu\u00ed","og_url":"https:\/\/www.escolatrac.com\/casal-destiu-2021\/","og_site_name":"Escola Tra\u00e7","article_published_time":"2021-05-08T16:19:00+00:00","article_modified_time":"2021-08-01T09:16:33+00:00","og_image":[{"width":2560,"height":1495,"url":"https:\/\/www.escolatrac.com\/wp-content\/uploads\/2021\/04\/ESTIU_web-scaled.jpg","type":"image\/jpeg"}],"author":"Rosa Martino","twitter_card":"summary_large_image","twitter_misc":{"Escrito por":"Rosa Martino"},"schema":{"@context":"https:\/\/schema.org","@graph":[{"@type":"Article","@id":"https:\/\/www.escolatrac.com\/casal-destiu-2021\/#article","isPartOf":{"@id":"https:\/\/www.escolatrac.com\/casal-destiu-2021\/"},"author":{"name":"Rosa Martino","@id":"https:\/\/www.escolatrac.com\/#\/schema\/person\/5ff68b5fd673b76cf5a50abe285338ba"},"headline":"CASAL VERANO JULIO I SEPTIEMBRE 2021","datePublished":"2021-05-08T16:19:00+00:00","dateModified":"2021-08-01T09:16:33+00:00","mainEntityOfPage":{"@id":"https:\/\/www.escolatrac.com\/casal-destiu-2021\/"},"wordCount":73,"commentCount":0,"image":{"@id":"https:\/\/www.escolatrac.com\/casal-destiu-2021\/#primaryimage"},"thumbnailUrl":"https:\/\/www.escolatrac.com\/wp-content\/uploads\/2021\/04\/ESTIU_web-scaled.jpg","articleSection":["Nens"],"inLanguage":"es","potentialAction":[{"@type":"CommentAction","name":"Comment","target":["https:\/\/www.escolatrac.com\/casal-destiu-2021\/#respond"]}]},{"@type":"WebPage","@id":"https:\/\/www.escolatrac.com\/casal-destiu-2021\/","url":"https:\/\/www.escolatrac.com\/casal-destiu-2021\/","name":"CASAL VERANO JULIO I SEPTIEMBRE 2021 - Escola Tra\u00e7","isPartOf":{"@id":"https:\/\/www.escolatrac.com\/#website"},"primaryImageOfPage":{"@id":"https:\/\/www.escolatrac.com\/casal-destiu-2021\/#primaryimage"},"image":{"@id":"https:\/\/www.escolatrac.com\/casal-destiu-2021\/#primaryimage"},"thumbnailUrl":"https:\/\/www.escolatrac.com\/wp-content\/uploads\/2021\/04\/ESTIU_web-scaled.jpg","datePublished":"2021-05-08T16:19:00+00:00","dateModified":"2021-08-01T09:16:33+00:00","author":{"@id":"https:\/\/www.escolatrac.com\/#\/schema\/person\/5ff68b5fd673b76cf5a50abe285338ba"},"breadcrumb":{"@id":"https:\/\/www.escolatrac.com\/casal-destiu-2021\/#breadcrumb"},"inLanguage":"es","potentialAction":[{"@type":"ReadAction","target":["https:\/\/www.escolatrac.com\/casal-destiu-2021\/"]}]},{"@type":"ImageObject","inLanguage":"es","@id":"https:\/\/www.escolatrac.com\/casal-destiu-2021\/#primaryimage","url":"https:\/\/www.escolatrac.com\/wp-content\/uploads\/2021\/04\/ESTIU_web-scaled.jpg","contentUrl":"https:\/\/www.escolatrac.com\/wp-content\/uploads\/2021\/04\/ESTIU_web-scaled.jpg","width":2560,"height":1495},{"@type":"BreadcrumbList","@id":"https:\/\/www.escolatrac.com\/casal-destiu-2021\/#breadcrumb","itemListElement":[{"@type":"ListItem","position":1,"name":"Inici","item":"https:\/\/www.escolatrac.com\/es\/"},{"@type":"ListItem","position":2,"name":"CASAL VERANO JULIO I SEPTIEMBRE 2021"}]},{"@type":"WebSite","@id":"https:\/\/www.escolatrac.com\/#website","url":"https:\/\/www.escolatrac.com\/","name":"Escola Tra\u00e7","description":"","potentialAction":[{"@type":"SearchAction","target":{"@type":"EntryPoint","urlTemplate":"https:\/\/www.escolatrac.com\/?s={search_term_string}"},"query-input":{"@type":"PropertyValueSpecification","valueRequired":true,"valueName":"search_term_string"}}],"inLanguage":"es"},{"@type":"Person","@id":"https:\/\/www.escolatrac.com\/#\/schema\/person\/5ff68b5fd673b76cf5a50abe285338ba","name":"Rosa Martino","image":{"@type":"ImageObject","inLanguage":"es","@id":"https:\/\/secure.gravatar.com\/avatar\/d1637a2e7e3b8daffef3fd80e3a0aa3a2eb10ed0e5e6af3ccbeb1f14c7db7d14?s=96&d=mm&r=g","url":"https:\/\/secure.gravatar.com\/avatar\/d1637a2e7e3b8daffef3fd80e3a0aa3a2eb10ed0e5e6af3ccbeb1f14c7db7d14?s=96&d=mm&r=g","contentUrl":"https:\/\/secure.gravatar.com\/avatar\/d1637a2e7e3b8daffef3fd80e3a0aa3a2eb10ed0e5e6af3ccbeb1f14c7db7d14?s=96&d=mm&r=g","caption":"Rosa Martino"},"url":"https:\/\/www.escolatrac.com\/es\/author\/rosa\/"}]}},"_links":{"self":[{"href":"https:\/\/www.escolatrac.com\/es\/wp-json\/wp\/v2\/posts\/11161","targetHints":{"allow":["GET"]}}],"collection":[{"href":"https:\/\/www.escolatrac.com\/es\/wp-json\/wp\/v2\/posts"}],"about":[{"href":"https:\/\/www.escolatrac.com\/es\/wp-json\/wp\/v2\/types\/post"}],"author":[{"embeddable":true,"href":"https:\/\/www.escolatrac.com\/es\/wp-json\/wp\/v2\/users\/4"}],"replies":[{"embeddable":true,"href":"https:\/\/www.escolatrac.com\/es\/wp-json\/wp\/v2\/comments?post=11161"}],"version-history":[{"count":5,"href":"https:\/\/www.escolatrac.com\/es\/wp-json\/wp\/v2\/posts\/11161\/revisions"}],"predecessor-version":[{"id":12114,"href":"https:\/\/www.escolatrac.com\/es\/wp-json\/wp\/v2\/posts\/11161\/revisions\/12114"}],"wp:featuredmedia":[{"embeddable":true,"href":"https:\/\/www.escolatrac.com\/es\/wp-json\/wp\/v2\/media\/11267"}],"wp:attachment":[{"href":"https:\/\/www.escolatrac.com\/es\/wp-json\/wp\/v2\/media?parent=11161"}],"wp:term":[{"taxonomy":"category","embeddable":true,"href":"https:\/\/www.escolatrac.com\/es\/wp-json\/wp\/v2\/categories?post=11161"},{"taxonomy":"post_tag","embeddable":true,"href":"https:\/\/www.escolatrac.com\/es\/wp-json\/wp\/v2\/tags?post=11161"}],"curies":[{"name":"wp","href":"https:\/\/api.w.org\/{rel}","templated":true}]}}