{"id":10976,"date":"2021-01-21T15:56:06","date_gmt":"2021-01-21T14:56:06","guid":{"rendered":"https:\/\/www.escolatrac.com\/?p=10976"},"modified":"2021-01-21T15:56:10","modified_gmt":"2021-01-21T14:56:10","slug":"ceramica-tambien-el-martes","status":"publish","type":"post","link":"https:\/\/www.escolatrac.com\/es\/ceramica-tambien-el-martes\/","title":{"rendered":"Cer\u00e1mica tambi\u00e9n el Martes"},"content":{"rendered":"\n<div class=\"wp-block-columns is-layout-flex wp-container-core-columns-is-layout-9d6595d7 wp-block-columns-is-layout-flex\">\n<div class=\"wp-block-column is-layout-flow wp-block-column-is-layout-flow\">\n<p>Pese a estar provisionalmente cerrados, ya estamos pensando en propuestas para la reapertura del centro.<\/p>\n\n\n\n<p>Una de ellas ser\u00e1 ofreceros nuevas clases de cer\u00e1mica los Martes. <\/p>\n\n\n\n<p>Podr\u00e9is escoger entre 3 opciones:<\/p>\n\n\n\n<p>-De 10h a 13h<br>-De 15h a 18h<br>-De 19h a 21h<\/p>\n\n\n\n<p>Si os interesa pod\u00e9is reservar plaza <a href=\"https:\/\/www.escolatrac.com\/contacte\/\">aqu\u00ed<\/a>, indicando <strong>nombre<\/strong> <strong>y horario escogido.<\/strong><br>No te quedes sin plaza!<\/p>\n\n\n\n<p>M\u00e1s informaci\u00f3n del curso y precios <a href=\"https:\/\/www.escolatrac.com\/curs-adult\/ceramica\/\">aqu\u00ed<\/a><\/p>\n<\/div>\n\n\n\n<div class=\"wp-block-column is-layout-flow wp-block-column-is-layout-flow\">\n\n\n\n<figure class=\"wp-block-image size-large\"><img decoding=\"async\" width=\"1024\" height=\"576\" src=\"https:\/\/www.escolatrac.com\/wp-content\/uploads\/2021\/01\/WhatsApp-Image-2021-01-21-at-12.08.22-1024x576.jpeg\" alt=\"\" class=\"wp-image-10968\" srcset=\"https:\/\/www.escolatrac.com\/wp-content\/uploads\/2021\/01\/WhatsApp-Image-2021-01-21-at-12.08.22-1024x576.jpeg 1024w, https:\/\/www.escolatrac.com\/wp-content\/uploads\/2021\/01\/WhatsApp-Image-2021-01-21-at-12.08.22-300x168.jpeg 300w, https:\/\/www.escolatrac.com\/wp-content\/uploads\/2021\/01\/WhatsApp-Image-2021-01-21-at-12.08.22-768x432.jpeg 768w, https:\/\/www.escolatrac.com\/wp-content\/uploads\/2021\/01\/WhatsApp-Image-2021-01-21-at-12.08.22-453x255.jpeg 453w\" sizes=\"(max-width: 1024px) 100vw, 1024px\" \/><\/figure>\n\n\n\n<\/div>\n<\/div>\n\n\n\n\n","protected":false},"excerpt":{"rendered":"<p>Pese a estar provisionalmente cerrados, ya estamos pensando en propuestas para la reapertura del centro. Una de ellas ser\u00e1 ofreceros nuevas clases de cer\u00e1mica los Martes. Podr\u00e9is escoger entre 3 opciones: -De 10h a 13h-De 15h a 18h-De 19h a 21h Si os interesa pod\u00e9is reservar plaza aqu\u00ed, indicando nombre y horario escogido.No te quedes &hellip; <a href=\"https:\/\/www.escolatrac.com\/es\/ceramica-tambien-el-martes\/\">Continued<\/a><\/p>\n","protected":false},"author":4,"featured_media":10973,"comment_status":"open","ping_status":"open","sticky":false,"template":"","format":"standard","meta":{"_acf_changed":false,"footnotes":""},"categories":[15],"tags":[],"class_list":["post-10976","post","type-post","status-publish","format-standard","has-post-thumbnail","hentry","category-sin-categorizar"],"acf":[],"yoast_head":"<!-- This site is optimized with the Yoast SEO plugin v27.3 - https:\/\/yoast.com\/product\/yoast-seo-wordpress\/ -->\n<title>Cer\u00e1mica tambi\u00e9n el Martes - Escola Tra\u00e7<\/title>\n<meta name=\"robots\" content=\"index, follow, max-snippet:-1, max-image-preview:large, max-video-preview:-1\" \/>\n<link rel=\"canonical\" href=\"https:\/\/www.escolatrac.com\/ceramica-tambe-els-dimarts\/\" \/>\n<meta property=\"og:locale\" content=\"es_ES\" \/>\n<meta property=\"og:type\" content=\"article\" \/>\n<meta property=\"og:title\" content=\"Cer\u00e1mica tambi\u00e9n el Martes - Escola Tra\u00e7\" \/>\n<meta property=\"og:description\" content=\"Pese a estar provisionalmente cerrados, ya estamos pensando en propuestas para la reapertura del centro. Una de ellas ser\u00e1 ofreceros nuevas clases de cer\u00e1mica los Martes. Podr\u00e9is escoger entre 3 opciones: -De 10h a 13h-De 15h a 18h-De 19h a 21h Si os interesa pod\u00e9is reservar plaza aqu\u00ed, indicando nombre y horario escogido.No te quedes &hellip; Continued\" \/>\n<meta property=\"og:url\" content=\"https:\/\/www.escolatrac.com\/ceramica-tambe-els-dimarts\/\" \/>\n<meta property=\"og:site_name\" content=\"Escola Tra\u00e7\" \/>\n<meta property=\"article:published_time\" content=\"2021-01-21T14:56:06+00:00\" \/>\n<meta property=\"article:modified_time\" content=\"2021-01-21T14:56:10+00:00\" \/>\n<meta property=\"og:image\" content=\"https:\/\/www.escolatrac.com\/wp-content\/uploads\/2021\/01\/WhatsApp-Image-2021-01-21-at-12.08.10.jpeg\" \/>\n\t<meta property=\"og:image:width\" content=\"1024\" \/>\n\t<meta property=\"og:image:height\" content=\"768\" \/>\n\t<meta property=\"og:image:type\" content=\"image\/jpeg\" \/>\n<meta name=\"author\" content=\"Rosa Martino\" \/>\n<meta name=\"twitter:card\" content=\"summary_large_image\" \/>\n<meta name=\"twitter:label1\" content=\"Escrito por\" \/>\n\t<meta name=\"twitter:data1\" content=\"Rosa Martino\" \/>\n<script type=\"application\/ld+json\" class=\"yoast-schema-graph\">{\"@context\":\"https:\\\/\\\/schema.org\",\"@graph\":[{\"@type\":\"Article\",\"@id\":\"https:\\\/\\\/www.escolatrac.com\\\/ceramica-tambe-els-dimarts\\\/#article\",\"isPartOf\":{\"@id\":\"https:\\\/\\\/www.escolatrac.com\\\/ceramica-tambe-els-dimarts\\\/\"},\"author\":{\"name\":\"Rosa Martino\",\"@id\":\"https:\\\/\\\/www.escolatrac.com\\\/#\\\/schema\\\/person\\\/5ff68b5fd673b76cf5a50abe285338ba\"},\"headline\":\"Cer\u00e1mica tambi\u00e9n el Martes\",\"datePublished\":\"2021-01-21T14:56:06+00:00\",\"dateModified\":\"2021-01-21T14:56:10+00:00\",\"mainEntityOfPage\":{\"@id\":\"https:\\\/\\\/www.escolatrac.com\\\/ceramica-tambe-els-dimarts\\\/\"},\"wordCount\":75,\"commentCount\":0,\"image\":{\"@id\":\"https:\\\/\\\/www.escolatrac.com\\\/ceramica-tambe-els-dimarts\\\/#primaryimage\"},\"thumbnailUrl\":\"https:\\\/\\\/www.escolatrac.com\\\/wp-content\\\/uploads\\\/2021\\\/01\\\/WhatsApp-Image-2021-01-21-at-12.08.10.jpeg\",\"articleSection\":[\"Sin categorizar\"],\"inLanguage\":\"es\",\"potentialAction\":[{\"@type\":\"CommentAction\",\"name\":\"Comment\",\"target\":[\"https:\\\/\\\/www.escolatrac.com\\\/ceramica-tambe-els-dimarts\\\/#respond\"]}]},{\"@type\":\"WebPage\",\"@id\":\"https:\\\/\\\/www.escolatrac.com\\\/ceramica-tambe-els-dimarts\\\/\",\"url\":\"https:\\\/\\\/www.escolatrac.com\\\/ceramica-tambe-els-dimarts\\\/\",\"name\":\"Cer\u00e1mica tambi\u00e9n el Martes - Escola Tra\u00e7\",\"isPartOf\":{\"@id\":\"https:\\\/\\\/www.escolatrac.com\\\/#website\"},\"primaryImageOfPage\":{\"@id\":\"https:\\\/\\\/www.escolatrac.com\\\/ceramica-tambe-els-dimarts\\\/#primaryimage\"},\"image\":{\"@id\":\"https:\\\/\\\/www.escolatrac.com\\\/ceramica-tambe-els-dimarts\\\/#primaryimage\"},\"thumbnailUrl\":\"https:\\\/\\\/www.escolatrac.com\\\/wp-content\\\/uploads\\\/2021\\\/01\\\/WhatsApp-Image-2021-01-21-at-12.08.10.jpeg\",\"datePublished\":\"2021-01-21T14:56:06+00:00\",\"dateModified\":\"2021-01-21T14:56:10+00:00\",\"author\":{\"@id\":\"https:\\\/\\\/www.escolatrac.com\\\/#\\\/schema\\\/person\\\/5ff68b5fd673b76cf5a50abe285338ba\"},\"breadcrumb\":{\"@id\":\"https:\\\/\\\/www.escolatrac.com\\\/ceramica-tambe-els-dimarts\\\/#breadcrumb\"},\"inLanguage\":\"es\",\"potentialAction\":[{\"@type\":\"ReadAction\",\"target\":[\"https:\\\/\\\/www.escolatrac.com\\\/ceramica-tambe-els-dimarts\\\/\"]}]},{\"@type\":\"ImageObject\",\"inLanguage\":\"es\",\"@id\":\"https:\\\/\\\/www.escolatrac.com\\\/ceramica-tambe-els-dimarts\\\/#primaryimage\",\"url\":\"https:\\\/\\\/www.escolatrac.com\\\/wp-content\\\/uploads\\\/2021\\\/01\\\/WhatsApp-Image-2021-01-21-at-12.08.10.jpeg\",\"contentUrl\":\"https:\\\/\\\/www.escolatrac.com\\\/wp-content\\\/uploads\\\/2021\\\/01\\\/WhatsApp-Image-2021-01-21-at-12.08.10.jpeg\",\"width\":1024,\"height\":768},{\"@type\":\"BreadcrumbList\",\"@id\":\"https:\\\/\\\/www.escolatrac.com\\\/ceramica-tambe-els-dimarts\\\/#breadcrumb\",\"itemListElement\":[{\"@type\":\"ListItem\",\"position\":1,\"name\":\"Inici\",\"item\":\"https:\\\/\\\/www.escolatrac.com\\\/es\\\/\"},{\"@type\":\"ListItem\",\"position\":2,\"name\":\"Cer\u00e1mica tambi\u00e9n el Martes\"}]},{\"@type\":\"WebSite\",\"@id\":\"https:\\\/\\\/www.escolatrac.com\\\/#website\",\"url\":\"https:\\\/\\\/www.escolatrac.com\\\/\",\"name\":\"Escola Tra\u00e7\",\"description\":\"\",\"potentialAction\":[{\"@type\":\"SearchAction\",\"target\":{\"@type\":\"EntryPoint\",\"urlTemplate\":\"https:\\\/\\\/www.escolatrac.com\\\/?s={search_term_string}\"},\"query-input\":{\"@type\":\"PropertyValueSpecification\",\"valueRequired\":true,\"valueName\":\"search_term_string\"}}],\"inLanguage\":\"es\"},{\"@type\":\"Person\",\"@id\":\"https:\\\/\\\/www.escolatrac.com\\\/#\\\/schema\\\/person\\\/5ff68b5fd673b76cf5a50abe285338ba\",\"name\":\"Rosa Martino\",\"image\":{\"@type\":\"ImageObject\",\"inLanguage\":\"es\",\"@id\":\"https:\\\/\\\/secure.gravatar.com\\\/avatar\\\/d1637a2e7e3b8daffef3fd80e3a0aa3a2eb10ed0e5e6af3ccbeb1f14c7db7d14?s=96&d=mm&r=g\",\"url\":\"https:\\\/\\\/secure.gravatar.com\\\/avatar\\\/d1637a2e7e3b8daffef3fd80e3a0aa3a2eb10ed0e5e6af3ccbeb1f14c7db7d14?s=96&d=mm&r=g\",\"contentUrl\":\"https:\\\/\\\/secure.gravatar.com\\\/avatar\\\/d1637a2e7e3b8daffef3fd80e3a0aa3a2eb10ed0e5e6af3ccbeb1f14c7db7d14?s=96&d=mm&r=g\",\"caption\":\"Rosa Martino\"},\"url\":\"https:\\\/\\\/www.escolatrac.com\\\/es\\\/author\\\/rosa\\\/\"}]}<\/script>\n<!-- \/ Yoast SEO plugin. -->","yoast_head_json":{"title":"Cer\u00e1mica tambi\u00e9n el Martes - Escola Tra\u00e7","robots":{"index":"index","follow":"follow","max-snippet":"max-snippet:-1","max-image-preview":"max-image-preview:large","max-video-preview":"max-video-preview:-1"},"canonical":"https:\/\/www.escolatrac.com\/ceramica-tambe-els-dimarts\/","og_locale":"es_ES","og_type":"article","og_title":"Cer\u00e1mica tambi\u00e9n el Martes - Escola Tra\u00e7","og_description":"Pese a estar provisionalmente cerrados, ya estamos pensando en propuestas para la reapertura del centro. Una de ellas ser\u00e1 ofreceros nuevas clases de cer\u00e1mica los Martes. Podr\u00e9is escoger entre 3 opciones: -De 10h a 13h-De 15h a 18h-De 19h a 21h Si os interesa pod\u00e9is reservar plaza aqu\u00ed, indicando nombre y horario escogido.No te quedes &hellip; Continued","og_url":"https:\/\/www.escolatrac.com\/ceramica-tambe-els-dimarts\/","og_site_name":"Escola Tra\u00e7","article_published_time":"2021-01-21T14:56:06+00:00","article_modified_time":"2021-01-21T14:56:10+00:00","og_image":[{"width":1024,"height":768,"url":"https:\/\/www.escolatrac.com\/wp-content\/uploads\/2021\/01\/WhatsApp-Image-2021-01-21-at-12.08.10.jpeg","type":"image\/jpeg"}],"author":"Rosa Martino","twitter_card":"summary_large_image","twitter_misc":{"Escrito por":"Rosa Martino"},"schema":{"@context":"https:\/\/schema.org","@graph":[{"@type":"Article","@id":"https:\/\/www.escolatrac.com\/ceramica-tambe-els-dimarts\/#article","isPartOf":{"@id":"https:\/\/www.escolatrac.com\/ceramica-tambe-els-dimarts\/"},"author":{"name":"Rosa Martino","@id":"https:\/\/www.escolatrac.com\/#\/schema\/person\/5ff68b5fd673b76cf5a50abe285338ba"},"headline":"Cer\u00e1mica tambi\u00e9n el Martes","datePublished":"2021-01-21T14:56:06+00:00","dateModified":"2021-01-21T14:56:10+00:00","mainEntityOfPage":{"@id":"https:\/\/www.escolatrac.com\/ceramica-tambe-els-dimarts\/"},"wordCount":75,"commentCount":0,"image":{"@id":"https:\/\/www.escolatrac.com\/ceramica-tambe-els-dimarts\/#primaryimage"},"thumbnailUrl":"https:\/\/www.escolatrac.com\/wp-content\/uploads\/2021\/01\/WhatsApp-Image-2021-01-21-at-12.08.10.jpeg","articleSection":["Sin categorizar"],"inLanguage":"es","potentialAction":[{"@type":"CommentAction","name":"Comment","target":["https:\/\/www.escolatrac.com\/ceramica-tambe-els-dimarts\/#respond"]}]},{"@type":"WebPage","@id":"https:\/\/www.escolatrac.com\/ceramica-tambe-els-dimarts\/","url":"https:\/\/www.escolatrac.com\/ceramica-tambe-els-dimarts\/","name":"Cer\u00e1mica tambi\u00e9n el Martes - Escola Tra\u00e7","isPartOf":{"@id":"https:\/\/www.escolatrac.com\/#website"},"primaryImageOfPage":{"@id":"https:\/\/www.escolatrac.com\/ceramica-tambe-els-dimarts\/#primaryimage"},"image":{"@id":"https:\/\/www.escolatrac.com\/ceramica-tambe-els-dimarts\/#primaryimage"},"thumbnailUrl":"https:\/\/www.escolatrac.com\/wp-content\/uploads\/2021\/01\/WhatsApp-Image-2021-01-21-at-12.08.10.jpeg","datePublished":"2021-01-21T14:56:06+00:00","dateModified":"2021-01-21T14:56:10+00:00","author":{"@id":"https:\/\/www.escolatrac.com\/#\/schema\/person\/5ff68b5fd673b76cf5a50abe285338ba"},"breadcrumb":{"@id":"https:\/\/www.escolatrac.com\/ceramica-tambe-els-dimarts\/#breadcrumb"},"inLanguage":"es","potentialAction":[{"@type":"ReadAction","target":["https:\/\/www.escolatrac.com\/ceramica-tambe-els-dimarts\/"]}]},{"@type":"ImageObject","inLanguage":"es","@id":"https:\/\/www.escolatrac.com\/ceramica-tambe-els-dimarts\/#primaryimage","url":"https:\/\/www.escolatrac.com\/wp-content\/uploads\/2021\/01\/WhatsApp-Image-2021-01-21-at-12.08.10.jpeg","contentUrl":"https:\/\/www.escolatrac.com\/wp-content\/uploads\/2021\/01\/WhatsApp-Image-2021-01-21-at-12.08.10.jpeg","width":1024,"height":768},{"@type":"BreadcrumbList","@id":"https:\/\/www.escolatrac.com\/ceramica-tambe-els-dimarts\/#breadcrumb","itemListElement":[{"@type":"ListItem","position":1,"name":"Inici","item":"https:\/\/www.escolatrac.com\/es\/"},{"@type":"ListItem","position":2,"name":"Cer\u00e1mica tambi\u00e9n el Martes"}]},{"@type":"WebSite","@id":"https:\/\/www.escolatrac.com\/#website","url":"https:\/\/www.escolatrac.com\/","name":"Escola Tra\u00e7","description":"","potentialAction":[{"@type":"SearchAction","target":{"@type":"EntryPoint","urlTemplate":"https:\/\/www.escolatrac.com\/?s={search_term_string}"},"query-input":{"@type":"PropertyValueSpecification","valueRequired":true,"valueName":"search_term_string"}}],"inLanguage":"es"},{"@type":"Person","@id":"https:\/\/www.escolatrac.com\/#\/schema\/person\/5ff68b5fd673b76cf5a50abe285338ba","name":"Rosa Martino","image":{"@type":"ImageObject","inLanguage":"es","@id":"https:\/\/secure.gravatar.com\/avatar\/d1637a2e7e3b8daffef3fd80e3a0aa3a2eb10ed0e5e6af3ccbeb1f14c7db7d14?s=96&d=mm&r=g","url":"https:\/\/secure.gravatar.com\/avatar\/d1637a2e7e3b8daffef3fd80e3a0aa3a2eb10ed0e5e6af3ccbeb1f14c7db7d14?s=96&d=mm&r=g","contentUrl":"https:\/\/secure.gravatar.com\/avatar\/d1637a2e7e3b8daffef3fd80e3a0aa3a2eb10ed0e5e6af3ccbeb1f14c7db7d14?s=96&d=mm&r=g","caption":"Rosa Martino"},"url":"https:\/\/www.escolatrac.com\/es\/author\/rosa\/"}]}},"_links":{"self":[{"href":"https:\/\/www.escolatrac.com\/es\/wp-json\/wp\/v2\/posts\/10976","targetHints":{"allow":["GET"]}}],"collection":[{"href":"https:\/\/www.escolatrac.com\/es\/wp-json\/wp\/v2\/posts"}],"about":[{"href":"https:\/\/www.escolatrac.com\/es\/wp-json\/wp\/v2\/types\/post"}],"author":[{"embeddable":true,"href":"https:\/\/www.escolatrac.com\/es\/wp-json\/wp\/v2\/users\/4"}],"replies":[{"embeddable":true,"href":"https:\/\/www.escolatrac.com\/es\/wp-json\/wp\/v2\/comments?post=10976"}],"version-history":[{"count":1,"href":"https:\/\/www.escolatrac.com\/es\/wp-json\/wp\/v2\/posts\/10976\/revisions"}],"predecessor-version":[{"id":10977,"href":"https:\/\/www.escolatrac.com\/es\/wp-json\/wp\/v2\/posts\/10976\/revisions\/10977"}],"wp:featuredmedia":[{"embeddable":true,"href":"https:\/\/www.escolatrac.com\/es\/wp-json\/wp\/v2\/media\/10973"}],"wp:attachment":[{"href":"https:\/\/www.escolatrac.com\/es\/wp-json\/wp\/v2\/media?parent=10976"}],"wp:term":[{"taxonomy":"category","embeddable":true,"href":"https:\/\/www.escolatrac.com\/es\/wp-json\/wp\/v2\/categories?post=10976"},{"taxonomy":"post_tag","embeddable":true,"href":"https:\/\/www.escolatrac.com\/es\/wp-json\/wp\/v2\/tags?post=10976"}],"curies":[{"name":"wp","href":"https:\/\/api.w.org\/{rel}","templated":true}]}}