{"id":10794,"date":"2020-11-27T12:34:10","date_gmt":"2020-11-27T11:34:10","guid":{"rendered":"https:\/\/www.escolatrac.com\/taller-creatiu-express\/"},"modified":"2020-11-29T16:20:50","modified_gmt":"2020-11-29T15:20:50","slug":"taller-creatiu-express","status":"publish","type":"post","link":"https:\/\/www.escolatrac.com\/es\/taller-creatiu-express\/","title":{"rendered":"Talleres Creativos Express"},"content":{"rendered":"\n<div class=\"wp-block-columns is-layout-flex wp-container-core-columns-is-layout-9d6595d7 wp-block-columns-is-layout-flex\">\n<div class=\"wp-block-column is-layout-flow wp-block-column-is-layout-flow\">\n<p>Durante las diferentes fiestas de libre disposici\u00f3n de las escuelas, Tra\u00e7 ofrece talleres de pl\u00e1stica para ni\u00f1os de diferentes edades.<\/p>\n\n\n\n<p><strong>D\u00cdA<\/strong>: 7 de diciembre de 2020.<br><strong>HORARIO<\/strong>: 9.00h &#8211; 13.00h<br><strong>PRECIO<\/strong>: 40 \u20ac MATERIAL INCLUIDO<\/p>\n\n\n\n<p>Hay que inscribirse con antelaci\u00f3n a secretar\u00eda o tambi\u00e9n llamando al centro o enviando un mail <a href=\"https:\/\/www.escolatrac.com\/es\/contacte\/\">aqu\u00ed<\/a><\/p>\n\n\n\n<p>Si quieres informarte sobre los pr\u00f3ximos Talleres Express hazlo <a href=\"https:\/\/www.escolatrac.com\/es\/curso-infantil\/talleres-expres\/\">aqu\u00ed <\/a><\/p>\n<\/div>\n\n\n\n<div class=\"wp-block-column is-layout-flow wp-block-column-is-layout-flow\">\n\n\n\n\n\n\n<figure class=\"wp-block-image size-large\"><img decoding=\"async\" width=\"787\" height=\"485\" src=\"https:\/\/www.escolatrac.com\/wp-content\/uploads\/2020\/11\/express2020_imatge.jpg\" alt=\"\" class=\"wp-image-10774\" srcset=\"https:\/\/www.escolatrac.com\/wp-content\/uploads\/2020\/11\/express2020_imatge.jpg 787w, https:\/\/www.escolatrac.com\/wp-content\/uploads\/2020\/11\/express2020_imatge-600x370.jpg 600w\" sizes=\"(max-width: 787px) 100vw, 787px\" \/><\/figure>\n<\/div>\n<\/div>\n\n\n\n\n\n\n\n<p><\/p>\n","protected":false},"excerpt":{"rendered":"<p>Durante las diferentes fiestas de libre disposici\u00f3n de las escuelas, Tra\u00e7 ofrece talleres de pl\u00e1stica para ni\u00f1os de diferentes edades. D\u00cdA: 7 de diciembre de 2020.HORARIO: 9.00h &#8211; 13.00hPRECIO: 40 \u20ac MATERIAL INCLUIDO Hay que inscribirse con antelaci\u00f3n a secretar\u00eda o tambi\u00e9n llamando al centro o enviando un mail aqu\u00ed Si quieres informarte sobre los &hellip; <a href=\"https:\/\/www.escolatrac.com\/es\/taller-creatiu-express\/\">Continued<\/a><\/p>\n","protected":false},"author":5,"featured_media":10776,"comment_status":"open","ping_status":"open","sticky":false,"template":"","format":"standard","meta":{"_acf_changed":false,"footnotes":""},"categories":[15],"tags":[],"class_list":["post-10794","post","type-post","status-publish","format-standard","has-post-thumbnail","hentry","category-sin-categorizar"],"acf":[],"yoast_head":"<!-- This site is optimized with the Yoast SEO plugin v27.3 - https:\/\/yoast.com\/product\/yoast-seo-wordpress\/ -->\n<title>Talleres Creativos Express - Escola Tra\u00e7<\/title>\n<meta name=\"robots\" content=\"index, follow, max-snippet:-1, max-image-preview:large, max-video-preview:-1\" \/>\n<link rel=\"canonical\" href=\"https:\/\/www.escolatrac.com\/taller-creatiu-express\/\" \/>\n<meta property=\"og:locale\" content=\"es_ES\" \/>\n<meta property=\"og:type\" content=\"article\" \/>\n<meta property=\"og:title\" content=\"Talleres Creativos Express - Escola Tra\u00e7\" \/>\n<meta property=\"og:description\" content=\"Durante las diferentes fiestas de libre disposici\u00f3n de las escuelas, Tra\u00e7 ofrece talleres de pl\u00e1stica para ni\u00f1os de diferentes edades. D\u00cdA: 7 de diciembre de 2020.HORARIO: 9.00h &#8211; 13.00hPRECIO: 40 \u20ac MATERIAL INCLUIDO Hay que inscribirse con antelaci\u00f3n a secretar\u00eda o tambi\u00e9n llamando al centro o enviando un mail aqu\u00ed Si quieres informarte sobre los &hellip; Continued\" \/>\n<meta property=\"og:url\" content=\"https:\/\/www.escolatrac.com\/taller-creatiu-express\/\" \/>\n<meta property=\"og:site_name\" content=\"Escola Tra\u00e7\" \/>\n<meta property=\"article:published_time\" content=\"2020-11-27T11:34:10+00:00\" \/>\n<meta property=\"article:modified_time\" content=\"2020-11-29T15:20:50+00:00\" \/>\n<meta property=\"og:image\" content=\"https:\/\/www.escolatrac.com\/wp-content\/uploads\/2020\/11\/express2020_imatge.jpg\" \/>\n\t<meta property=\"og:image:width\" content=\"787\" \/>\n\t<meta property=\"og:image:height\" content=\"485\" \/>\n\t<meta property=\"og:image:type\" content=\"image\/jpeg\" \/>\n<meta name=\"author\" content=\"Gerard Beneyt\" \/>\n<meta name=\"twitter:card\" content=\"summary_large_image\" \/>\n<meta name=\"twitter:label1\" content=\"Escrito por\" \/>\n\t<meta name=\"twitter:data1\" content=\"Gerard Beneyt\" \/>\n<script type=\"application\/ld+json\" class=\"yoast-schema-graph\">{\"@context\":\"https:\\\/\\\/schema.org\",\"@graph\":[{\"@type\":\"Article\",\"@id\":\"https:\\\/\\\/www.escolatrac.com\\\/taller-creatiu-express\\\/#article\",\"isPartOf\":{\"@id\":\"https:\\\/\\\/www.escolatrac.com\\\/taller-creatiu-express\\\/\"},\"author\":{\"name\":\"Gerard Beneyt\",\"@id\":\"https:\\\/\\\/www.escolatrac.com\\\/#\\\/schema\\\/person\\\/16b1314a1686e63120f047d625a0e693\"},\"headline\":\"Talleres Creativos Express\",\"datePublished\":\"2020-11-27T11:34:10+00:00\",\"dateModified\":\"2020-11-29T15:20:50+00:00\",\"mainEntityOfPage\":{\"@id\":\"https:\\\/\\\/www.escolatrac.com\\\/taller-creatiu-express\\\/\"},\"wordCount\":69,\"commentCount\":0,\"image\":{\"@id\":\"https:\\\/\\\/www.escolatrac.com\\\/taller-creatiu-express\\\/#primaryimage\"},\"thumbnailUrl\":\"https:\\\/\\\/www.escolatrac.com\\\/wp-content\\\/uploads\\\/2020\\\/11\\\/express2020_imatge.jpg\",\"articleSection\":[\"Sin categorizar\"],\"inLanguage\":\"es\",\"potentialAction\":[{\"@type\":\"CommentAction\",\"name\":\"Comment\",\"target\":[\"https:\\\/\\\/www.escolatrac.com\\\/taller-creatiu-express\\\/#respond\"]}]},{\"@type\":\"WebPage\",\"@id\":\"https:\\\/\\\/www.escolatrac.com\\\/taller-creatiu-express\\\/\",\"url\":\"https:\\\/\\\/www.escolatrac.com\\\/taller-creatiu-express\\\/\",\"name\":\"Talleres Creativos Express - Escola Tra\u00e7\",\"isPartOf\":{\"@id\":\"https:\\\/\\\/www.escolatrac.com\\\/#website\"},\"primaryImageOfPage\":{\"@id\":\"https:\\\/\\\/www.escolatrac.com\\\/taller-creatiu-express\\\/#primaryimage\"},\"image\":{\"@id\":\"https:\\\/\\\/www.escolatrac.com\\\/taller-creatiu-express\\\/#primaryimage\"},\"thumbnailUrl\":\"https:\\\/\\\/www.escolatrac.com\\\/wp-content\\\/uploads\\\/2020\\\/11\\\/express2020_imatge.jpg\",\"datePublished\":\"2020-11-27T11:34:10+00:00\",\"dateModified\":\"2020-11-29T15:20:50+00:00\",\"author\":{\"@id\":\"https:\\\/\\\/www.escolatrac.com\\\/#\\\/schema\\\/person\\\/16b1314a1686e63120f047d625a0e693\"},\"breadcrumb\":{\"@id\":\"https:\\\/\\\/www.escolatrac.com\\\/taller-creatiu-express\\\/#breadcrumb\"},\"inLanguage\":\"es\",\"potentialAction\":[{\"@type\":\"ReadAction\",\"target\":[\"https:\\\/\\\/www.escolatrac.com\\\/taller-creatiu-express\\\/\"]}]},{\"@type\":\"ImageObject\",\"inLanguage\":\"es\",\"@id\":\"https:\\\/\\\/www.escolatrac.com\\\/taller-creatiu-express\\\/#primaryimage\",\"url\":\"https:\\\/\\\/www.escolatrac.com\\\/wp-content\\\/uploads\\\/2020\\\/11\\\/express2020_imatge.jpg\",\"contentUrl\":\"https:\\\/\\\/www.escolatrac.com\\\/wp-content\\\/uploads\\\/2020\\\/11\\\/express2020_imatge.jpg\",\"width\":787,\"height\":485},{\"@type\":\"BreadcrumbList\",\"@id\":\"https:\\\/\\\/www.escolatrac.com\\\/taller-creatiu-express\\\/#breadcrumb\",\"itemListElement\":[{\"@type\":\"ListItem\",\"position\":1,\"name\":\"Inici\",\"item\":\"https:\\\/\\\/www.escolatrac.com\\\/es\\\/\"},{\"@type\":\"ListItem\",\"position\":2,\"name\":\"Talleres Creativos Express\"}]},{\"@type\":\"WebSite\",\"@id\":\"https:\\\/\\\/www.escolatrac.com\\\/#website\",\"url\":\"https:\\\/\\\/www.escolatrac.com\\\/\",\"name\":\"Escola Tra\u00e7\",\"description\":\"\",\"potentialAction\":[{\"@type\":\"SearchAction\",\"target\":{\"@type\":\"EntryPoint\",\"urlTemplate\":\"https:\\\/\\\/www.escolatrac.com\\\/?s={search_term_string}\"},\"query-input\":{\"@type\":\"PropertyValueSpecification\",\"valueRequired\":true,\"valueName\":\"search_term_string\"}}],\"inLanguage\":\"es\"},{\"@type\":\"Person\",\"@id\":\"https:\\\/\\\/www.escolatrac.com\\\/#\\\/schema\\\/person\\\/16b1314a1686e63120f047d625a0e693\",\"name\":\"Gerard Beneyt\",\"image\":{\"@type\":\"ImageObject\",\"inLanguage\":\"es\",\"@id\":\"https:\\\/\\\/secure.gravatar.com\\\/avatar\\\/3bb1b455449ab26dcaecb3c81b96d74532b3ca73cd62493c738b45b5136241c5?s=96&d=mm&r=g\",\"url\":\"https:\\\/\\\/secure.gravatar.com\\\/avatar\\\/3bb1b455449ab26dcaecb3c81b96d74532b3ca73cd62493c738b45b5136241c5?s=96&d=mm&r=g\",\"contentUrl\":\"https:\\\/\\\/secure.gravatar.com\\\/avatar\\\/3bb1b455449ab26dcaecb3c81b96d74532b3ca73cd62493c738b45b5136241c5?s=96&d=mm&r=g\",\"caption\":\"Gerard Beneyt\"},\"url\":\"https:\\\/\\\/www.escolatrac.com\\\/es\\\/author\\\/gerard\\\/\"}]}<\/script>\n<!-- \/ Yoast SEO plugin. -->","yoast_head_json":{"title":"Talleres Creativos Express - Escola Tra\u00e7","robots":{"index":"index","follow":"follow","max-snippet":"max-snippet:-1","max-image-preview":"max-image-preview:large","max-video-preview":"max-video-preview:-1"},"canonical":"https:\/\/www.escolatrac.com\/taller-creatiu-express\/","og_locale":"es_ES","og_type":"article","og_title":"Talleres Creativos Express - Escola Tra\u00e7","og_description":"Durante las diferentes fiestas de libre disposici\u00f3n de las escuelas, Tra\u00e7 ofrece talleres de pl\u00e1stica para ni\u00f1os de diferentes edades. D\u00cdA: 7 de diciembre de 2020.HORARIO: 9.00h &#8211; 13.00hPRECIO: 40 \u20ac MATERIAL INCLUIDO Hay que inscribirse con antelaci\u00f3n a secretar\u00eda o tambi\u00e9n llamando al centro o enviando un mail aqu\u00ed Si quieres informarte sobre los &hellip; Continued","og_url":"https:\/\/www.escolatrac.com\/taller-creatiu-express\/","og_site_name":"Escola Tra\u00e7","article_published_time":"2020-11-27T11:34:10+00:00","article_modified_time":"2020-11-29T15:20:50+00:00","og_image":[{"width":787,"height":485,"url":"https:\/\/www.escolatrac.com\/wp-content\/uploads\/2020\/11\/express2020_imatge.jpg","type":"image\/jpeg"}],"author":"Gerard Beneyt","twitter_card":"summary_large_image","twitter_misc":{"Escrito por":"Gerard Beneyt"},"schema":{"@context":"https:\/\/schema.org","@graph":[{"@type":"Article","@id":"https:\/\/www.escolatrac.com\/taller-creatiu-express\/#article","isPartOf":{"@id":"https:\/\/www.escolatrac.com\/taller-creatiu-express\/"},"author":{"name":"Gerard Beneyt","@id":"https:\/\/www.escolatrac.com\/#\/schema\/person\/16b1314a1686e63120f047d625a0e693"},"headline":"Talleres Creativos Express","datePublished":"2020-11-27T11:34:10+00:00","dateModified":"2020-11-29T15:20:50+00:00","mainEntityOfPage":{"@id":"https:\/\/www.escolatrac.com\/taller-creatiu-express\/"},"wordCount":69,"commentCount":0,"image":{"@id":"https:\/\/www.escolatrac.com\/taller-creatiu-express\/#primaryimage"},"thumbnailUrl":"https:\/\/www.escolatrac.com\/wp-content\/uploads\/2020\/11\/express2020_imatge.jpg","articleSection":["Sin categorizar"],"inLanguage":"es","potentialAction":[{"@type":"CommentAction","name":"Comment","target":["https:\/\/www.escolatrac.com\/taller-creatiu-express\/#respond"]}]},{"@type":"WebPage","@id":"https:\/\/www.escolatrac.com\/taller-creatiu-express\/","url":"https:\/\/www.escolatrac.com\/taller-creatiu-express\/","name":"Talleres Creativos Express - Escola Tra\u00e7","isPartOf":{"@id":"https:\/\/www.escolatrac.com\/#website"},"primaryImageOfPage":{"@id":"https:\/\/www.escolatrac.com\/taller-creatiu-express\/#primaryimage"},"image":{"@id":"https:\/\/www.escolatrac.com\/taller-creatiu-express\/#primaryimage"},"thumbnailUrl":"https:\/\/www.escolatrac.com\/wp-content\/uploads\/2020\/11\/express2020_imatge.jpg","datePublished":"2020-11-27T11:34:10+00:00","dateModified":"2020-11-29T15:20:50+00:00","author":{"@id":"https:\/\/www.escolatrac.com\/#\/schema\/person\/16b1314a1686e63120f047d625a0e693"},"breadcrumb":{"@id":"https:\/\/www.escolatrac.com\/taller-creatiu-express\/#breadcrumb"},"inLanguage":"es","potentialAction":[{"@type":"ReadAction","target":["https:\/\/www.escolatrac.com\/taller-creatiu-express\/"]}]},{"@type":"ImageObject","inLanguage":"es","@id":"https:\/\/www.escolatrac.com\/taller-creatiu-express\/#primaryimage","url":"https:\/\/www.escolatrac.com\/wp-content\/uploads\/2020\/11\/express2020_imatge.jpg","contentUrl":"https:\/\/www.escolatrac.com\/wp-content\/uploads\/2020\/11\/express2020_imatge.jpg","width":787,"height":485},{"@type":"BreadcrumbList","@id":"https:\/\/www.escolatrac.com\/taller-creatiu-express\/#breadcrumb","itemListElement":[{"@type":"ListItem","position":1,"name":"Inici","item":"https:\/\/www.escolatrac.com\/es\/"},{"@type":"ListItem","position":2,"name":"Talleres Creativos Express"}]},{"@type":"WebSite","@id":"https:\/\/www.escolatrac.com\/#website","url":"https:\/\/www.escolatrac.com\/","name":"Escola Tra\u00e7","description":"","potentialAction":[{"@type":"SearchAction","target":{"@type":"EntryPoint","urlTemplate":"https:\/\/www.escolatrac.com\/?s={search_term_string}"},"query-input":{"@type":"PropertyValueSpecification","valueRequired":true,"valueName":"search_term_string"}}],"inLanguage":"es"},{"@type":"Person","@id":"https:\/\/www.escolatrac.com\/#\/schema\/person\/16b1314a1686e63120f047d625a0e693","name":"Gerard Beneyt","image":{"@type":"ImageObject","inLanguage":"es","@id":"https:\/\/secure.gravatar.com\/avatar\/3bb1b455449ab26dcaecb3c81b96d74532b3ca73cd62493c738b45b5136241c5?s=96&d=mm&r=g","url":"https:\/\/secure.gravatar.com\/avatar\/3bb1b455449ab26dcaecb3c81b96d74532b3ca73cd62493c738b45b5136241c5?s=96&d=mm&r=g","contentUrl":"https:\/\/secure.gravatar.com\/avatar\/3bb1b455449ab26dcaecb3c81b96d74532b3ca73cd62493c738b45b5136241c5?s=96&d=mm&r=g","caption":"Gerard Beneyt"},"url":"https:\/\/www.escolatrac.com\/es\/author\/gerard\/"}]}},"_links":{"self":[{"href":"https:\/\/www.escolatrac.com\/es\/wp-json\/wp\/v2\/posts\/10794","targetHints":{"allow":["GET"]}}],"collection":[{"href":"https:\/\/www.escolatrac.com\/es\/wp-json\/wp\/v2\/posts"}],"about":[{"href":"https:\/\/www.escolatrac.com\/es\/wp-json\/wp\/v2\/types\/post"}],"author":[{"embeddable":true,"href":"https:\/\/www.escolatrac.com\/es\/wp-json\/wp\/v2\/users\/5"}],"replies":[{"embeddable":true,"href":"https:\/\/www.escolatrac.com\/es\/wp-json\/wp\/v2\/comments?post=10794"}],"version-history":[{"count":3,"href":"https:\/\/www.escolatrac.com\/es\/wp-json\/wp\/v2\/posts\/10794\/revisions"}],"predecessor-version":[{"id":10804,"href":"https:\/\/www.escolatrac.com\/es\/wp-json\/wp\/v2\/posts\/10794\/revisions\/10804"}],"wp:featuredmedia":[{"embeddable":true,"href":"https:\/\/www.escolatrac.com\/es\/wp-json\/wp\/v2\/media\/10776"}],"wp:attachment":[{"href":"https:\/\/www.escolatrac.com\/es\/wp-json\/wp\/v2\/media?parent=10794"}],"wp:term":[{"taxonomy":"category","embeddable":true,"href":"https:\/\/www.escolatrac.com\/es\/wp-json\/wp\/v2\/categories?post=10794"},{"taxonomy":"post_tag","embeddable":true,"href":"https:\/\/www.escolatrac.com\/es\/wp-json\/wp\/v2\/tags?post=10794"}],"curies":[{"name":"wp","href":"https:\/\/api.w.org\/{rel}","templated":true}]}}