{"id":7586,"date":"2019-10-05T13:50:17","date_gmt":"2019-10-05T11:50:17","guid":{"rendered":"https:\/\/www.escolatrac.com\/?p=7586"},"modified":"2019-11-04T11:47:37","modified_gmt":"2019-11-04T10:47:37","slug":"second-edition-premi-pintura-tat-vila-2019","status":"publish","type":"post","link":"https:\/\/www.escolatrac.com\/en\/second-edition-premi-pintura-tat-vila-2019\/","title":{"rendered":"Second Edition Premi Pintura Tat Vil\u00e0 2019"},"content":{"rendered":"\n<div class=\"wp-block-columns has-2-columns is-layout-flex wp-container-core-columns-is-layout-9d6595d7 wp-block-columns-is-layout-flex\">\n<div class=\"wp-block-column is-layout-flow wp-block-column-is-layout-flow\">\n<p>This painting prize was born last year as an initiative of the school Tra\u00e7 Center d\u2019Expressi\u00f3 Pl\u00e0stica in tribute to Tat Vil\u00e0, who left his mark as an artist and teacher at school for more than 25 years.<\/p>\n\n\n\n<p>The objective of the award is to promote contemporary creators and creators and disseminate their work, giving continuity to the thrill and enthusiasm of Tat Vil\u00e0 and generating a space for relationship, learning, creation and artistic diffusion.<\/p>\n\n\n\n<p>This prize is annual, being the second call 2019.<\/p>\n\n\n\n<p>This year the winners are:<\/p>\n\n\n\n<p><strong>First award:<\/strong>&nbsp;ST, by Josy Malagrdia<\/p>\n\n\n\n<p><strong>Special Mention<\/strong>: L\u2019Esquerda, by Berta Auser\u00e9<\/p>\n\n\n\n<p><strong>Finalists Painting Prize Tat Vil\u00e0 2019<\/strong><\/p>\n\n\n\n<p><em>Berta Auser\u00e9, Josy Malagrida, Juli Mart\u00ed Casals, S\u00edlvia Mart\u00ednez Pou, Alba Refulgente, Carmen Ros\u00e9s, Enric Servera, In\u00e9s Schaikowski and Rosa Solano.<\/em><\/p>\n\n\n\n<p>Check all the pieces in the following link<br><a href=\"https:\/\/www.escolatrac.com\/en\/obres-presentades-2n-premi-pintura-tat-vila-2019\/\">WORKS PRESENTED<\/a><\/p>\n<\/div>\n\n\n\n<div class=\"wp-block-column is-layout-flow wp-block-column-is-layout-flow\">\n  <div class=\"uk-visible-toggle uk-position-relative\" uk-slider=\"finite: true; center: true; animation: push; ratio: 16:9;\">\n    <div class=\"uk-position-relative uk-visible-toggle\" tabindex=\"-1\">\n      <ul class=\"uk-slider-items\">\n                      <li class=\"uk-width-1-1\">\n                              <img decoding=\"async\" width=\"1024\" height=\"576\" src=\"https:\/\/www.escolatrac.com\/wp-content\/uploads\/2019\/09\/9.Sense-Titol-T\u00e8cnica-mixtacollagei-paper-Jap\u00f3-pintat-a-loli-300x168.jpg\" class=\"attachment-large size-large lazyload\" alt=\"\" srcset=\"\" sizes=\"(max-width: 1024px) 100vw, 1024px\" data-size=\"auto\" data-src=\"https:\/\/www.escolatrac.com\/wp-content\/uploads\/2019\/09\/9.Sense-Titol-T\u00e8cnica-mixtacollagei-paper-Jap\u00f3-pintat-a-loli-1024x576.jpg\" data-srcset=\"https:\/\/www.escolatrac.com\/wp-content\/uploads\/2019\/09\/9.Sense-Titol-T\u00e8cnica-mixtacollagei-paper-Jap\u00f3-pintat-a-loli-1024x576.jpg 1024w, https:\/\/www.escolatrac.com\/wp-content\/uploads\/2019\/09\/9.Sense-Titol-T\u00e8cnica-mixtacollagei-paper-Jap\u00f3-pintat-a-loli-300x168.jpg 300w, https:\/\/www.escolatrac.com\/wp-content\/uploads\/2019\/09\/9.Sense-Titol-T\u00e8cnica-mixtacollagei-paper-Jap\u00f3-pintat-a-loli-768x432.jpg 768w, https:\/\/www.escolatrac.com\/wp-content\/uploads\/2019\/09\/9.Sense-Titol-T\u00e8cnica-mixtacollagei-paper-Jap\u00f3-pintat-a-loli-453x255.jpg 453w\" \/>              \n              <div class=\"uk-flex-inline uk-flex-between uk-width-1-1\">\n                <h4 class=\"uk-h5 uk-margin-remove uk-text-muted\"><\/h4>\n                <h4 class=\"uk-h5 uk-margin-remove uk-text-muted\"><\/h4>\n              <\/div>\n            <\/li>\n                <\/ul>\n\n      <a class=\"c-slidenav uk-position-center-left uk-position-small uk-padding-small\" href=\"#\" uk-slidenav-previous uk-slider-item=\"previous\"><\/a>\n      <a class=\"c-slidenav uk-position-center-right uk-position-small uk-padding-small\" href=\"#\" uk-slidenav-next uk-slider-item=\"next\"><\/a>\n    <\/div>\n\n    <ul class=\"uk-slider-nav uk-position-bottom uk-light uk-dotnav uk-flex-center uk-margin uk-margin-large-bottom\"><\/ul>\n  <\/div>\n\n\n\n<\/div>\n<\/div>\n\n\n\n\n","protected":false},"excerpt":{"rendered":"<p>This painting prize was born last year as an initiative of the school Tra\u00e7 Center d\u2019Expressi\u00f3 Pl\u00e0stica in tribute to Tat Vil\u00e0, who left his mark as an artist and teacher at school for more than 25 years. The objective of the award is to promote contemporary creators and creators and disseminate their work, giving &hellip; <a href=\"https:\/\/www.escolatrac.com\/en\/second-edition-premi-pintura-tat-vila-2019\/\">Continued<\/a><\/p>\n","protected":false},"author":4,"featured_media":7593,"comment_status":"open","ping_status":"open","sticky":false,"template":"","format":"standard","meta":{"_acf_changed":false,"footnotes":""},"categories":[14],"tags":[],"class_list":["post-7586","post","type-post","status-publish","format-standard","has-post-thumbnail","hentry","category-uncategorized"],"acf":[],"yoast_head":"<!-- This site is optimized with the Yoast SEO plugin v27.3 - https:\/\/yoast.com\/product\/yoast-seo-wordpress\/ -->\n<title>Second Edition Premi Pintura Tat Vil\u00e0 2019 - Escola Tra\u00e7<\/title>\n<meta name=\"robots\" content=\"index, follow, max-snippet:-1, max-image-preview:large, max-video-preview:-1\" \/>\n<link rel=\"canonical\" href=\"https:\/\/www.escolatrac.com\/2a-edicio-premi-pintura-tat-vila\/\" \/>\n<meta property=\"og:locale\" content=\"en_US\" \/>\n<meta property=\"og:type\" content=\"article\" \/>\n<meta property=\"og:title\" content=\"Second Edition Premi Pintura Tat Vil\u00e0 2019 - Escola Tra\u00e7\" \/>\n<meta property=\"og:description\" content=\"This painting prize was born last year as an initiative of the school Tra\u00e7 Center d\u2019Expressi\u00f3 Pl\u00e0stica in tribute to Tat Vil\u00e0, who left his mark as an artist and teacher at school for more than 25 years. The objective of the award is to promote contemporary creators and creators and disseminate their work, giving &hellip; Continued\" \/>\n<meta property=\"og:url\" content=\"https:\/\/www.escolatrac.com\/2a-edicio-premi-pintura-tat-vila\/\" \/>\n<meta property=\"og:site_name\" content=\"Escola Tra\u00e7\" \/>\n<meta property=\"article:published_time\" content=\"2019-10-05T11:50:17+00:00\" \/>\n<meta property=\"article:modified_time\" content=\"2019-11-04T10:47:37+00:00\" \/>\n<meta property=\"og:image\" content=\"https:\/\/www.escolatrac.com\/wp-content\/uploads\/2019\/10\/IMG_2866-scaled.jpg\" \/>\n\t<meta property=\"og:image:width\" content=\"1920\" \/>\n\t<meta property=\"og:image:height\" content=\"2560\" \/>\n\t<meta property=\"og:image:type\" content=\"image\/jpeg\" \/>\n<meta name=\"author\" content=\"Rosa Martino\" \/>\n<meta name=\"twitter:card\" content=\"summary_large_image\" \/>\n<meta name=\"twitter:label1\" content=\"Written by\" \/>\n\t<meta name=\"twitter:data1\" content=\"Rosa Martino\" \/>\n\t<meta name=\"twitter:label2\" content=\"Est. reading time\" \/>\n\t<meta name=\"twitter:data2\" content=\"1 minute\" \/>\n<script type=\"application\/ld+json\" class=\"yoast-schema-graph\">{\"@context\":\"https:\\\/\\\/schema.org\",\"@graph\":[{\"@type\":\"Article\",\"@id\":\"https:\\\/\\\/www.escolatrac.com\\\/2a-edicio-premi-pintura-tat-vila\\\/#article\",\"isPartOf\":{\"@id\":\"https:\\\/\\\/www.escolatrac.com\\\/2a-edicio-premi-pintura-tat-vila\\\/\"},\"author\":{\"name\":\"Rosa Martino\",\"@id\":\"https:\\\/\\\/www.escolatrac.com\\\/#\\\/schema\\\/person\\\/5ff68b5fd673b76cf5a50abe285338ba\"},\"headline\":\"Second Edition Premi Pintura Tat Vil\u00e0 2019\",\"datePublished\":\"2019-10-05T11:50:17+00:00\",\"dateModified\":\"2019-11-04T10:47:37+00:00\",\"mainEntityOfPage\":{\"@id\":\"https:\\\/\\\/www.escolatrac.com\\\/2a-edicio-premi-pintura-tat-vila\\\/\"},\"wordCount\":149,\"commentCount\":0,\"image\":{\"@id\":\"https:\\\/\\\/www.escolatrac.com\\\/2a-edicio-premi-pintura-tat-vila\\\/#primaryimage\"},\"thumbnailUrl\":\"https:\\\/\\\/www.escolatrac.com\\\/wp-content\\\/uploads\\\/2019\\\/10\\\/IMG_2866-scaled.jpg\",\"inLanguage\":\"en-US\",\"potentialAction\":[{\"@type\":\"CommentAction\",\"name\":\"Comment\",\"target\":[\"https:\\\/\\\/www.escolatrac.com\\\/2a-edicio-premi-pintura-tat-vila\\\/#respond\"]}]},{\"@type\":\"WebPage\",\"@id\":\"https:\\\/\\\/www.escolatrac.com\\\/2a-edicio-premi-pintura-tat-vila\\\/\",\"url\":\"https:\\\/\\\/www.escolatrac.com\\\/2a-edicio-premi-pintura-tat-vila\\\/\",\"name\":\"Second Edition Premi Pintura Tat Vil\u00e0 2019 - Escola Tra\u00e7\",\"isPartOf\":{\"@id\":\"https:\\\/\\\/www.escolatrac.com\\\/#website\"},\"primaryImageOfPage\":{\"@id\":\"https:\\\/\\\/www.escolatrac.com\\\/2a-edicio-premi-pintura-tat-vila\\\/#primaryimage\"},\"image\":{\"@id\":\"https:\\\/\\\/www.escolatrac.com\\\/2a-edicio-premi-pintura-tat-vila\\\/#primaryimage\"},\"thumbnailUrl\":\"https:\\\/\\\/www.escolatrac.com\\\/wp-content\\\/uploads\\\/2019\\\/10\\\/IMG_2866-scaled.jpg\",\"datePublished\":\"2019-10-05T11:50:17+00:00\",\"dateModified\":\"2019-11-04T10:47:37+00:00\",\"author\":{\"@id\":\"https:\\\/\\\/www.escolatrac.com\\\/#\\\/schema\\\/person\\\/5ff68b5fd673b76cf5a50abe285338ba\"},\"breadcrumb\":{\"@id\":\"https:\\\/\\\/www.escolatrac.com\\\/2a-edicio-premi-pintura-tat-vila\\\/#breadcrumb\"},\"inLanguage\":\"en-US\",\"potentialAction\":[{\"@type\":\"ReadAction\",\"target\":[\"https:\\\/\\\/www.escolatrac.com\\\/2a-edicio-premi-pintura-tat-vila\\\/\"]}]},{\"@type\":\"ImageObject\",\"inLanguage\":\"en-US\",\"@id\":\"https:\\\/\\\/www.escolatrac.com\\\/2a-edicio-premi-pintura-tat-vila\\\/#primaryimage\",\"url\":\"https:\\\/\\\/www.escolatrac.com\\\/wp-content\\\/uploads\\\/2019\\\/10\\\/IMG_2866-scaled.jpg\",\"contentUrl\":\"https:\\\/\\\/www.escolatrac.com\\\/wp-content\\\/uploads\\\/2019\\\/10\\\/IMG_2866-scaled.jpg\",\"width\":1920,\"height\":2560,\"caption\":\"taller arte Barcelona\"},{\"@type\":\"BreadcrumbList\",\"@id\":\"https:\\\/\\\/www.escolatrac.com\\\/2a-edicio-premi-pintura-tat-vila\\\/#breadcrumb\",\"itemListElement\":[{\"@type\":\"ListItem\",\"position\":1,\"name\":\"Inici\",\"item\":\"https:\\\/\\\/www.escolatrac.com\\\/en\\\/\"},{\"@type\":\"ListItem\",\"position\":2,\"name\":\"Second Edition Premi Pintura Tat Vil\u00e0 2019\"}]},{\"@type\":\"WebSite\",\"@id\":\"https:\\\/\\\/www.escolatrac.com\\\/#website\",\"url\":\"https:\\\/\\\/www.escolatrac.com\\\/\",\"name\":\"Escola Tra\u00e7\",\"description\":\"\",\"potentialAction\":[{\"@type\":\"SearchAction\",\"target\":{\"@type\":\"EntryPoint\",\"urlTemplate\":\"https:\\\/\\\/www.escolatrac.com\\\/?s={search_term_string}\"},\"query-input\":{\"@type\":\"PropertyValueSpecification\",\"valueRequired\":true,\"valueName\":\"search_term_string\"}}],\"inLanguage\":\"en-US\"},{\"@type\":\"Person\",\"@id\":\"https:\\\/\\\/www.escolatrac.com\\\/#\\\/schema\\\/person\\\/5ff68b5fd673b76cf5a50abe285338ba\",\"name\":\"Rosa Martino\",\"image\":{\"@type\":\"ImageObject\",\"inLanguage\":\"en-US\",\"@id\":\"https:\\\/\\\/secure.gravatar.com\\\/avatar\\\/d1637a2e7e3b8daffef3fd80e3a0aa3a2eb10ed0e5e6af3ccbeb1f14c7db7d14?s=96&d=mm&r=g\",\"url\":\"https:\\\/\\\/secure.gravatar.com\\\/avatar\\\/d1637a2e7e3b8daffef3fd80e3a0aa3a2eb10ed0e5e6af3ccbeb1f14c7db7d14?s=96&d=mm&r=g\",\"contentUrl\":\"https:\\\/\\\/secure.gravatar.com\\\/avatar\\\/d1637a2e7e3b8daffef3fd80e3a0aa3a2eb10ed0e5e6af3ccbeb1f14c7db7d14?s=96&d=mm&r=g\",\"caption\":\"Rosa Martino\"},\"url\":\"https:\\\/\\\/www.escolatrac.com\\\/en\\\/author\\\/rosa\\\/\"}]}<\/script>\n<!-- \/ Yoast SEO plugin. -->","yoast_head_json":{"title":"Second Edition Premi Pintura Tat Vil\u00e0 2019 - Escola Tra\u00e7","robots":{"index":"index","follow":"follow","max-snippet":"max-snippet:-1","max-image-preview":"max-image-preview:large","max-video-preview":"max-video-preview:-1"},"canonical":"https:\/\/www.escolatrac.com\/2a-edicio-premi-pintura-tat-vila\/","og_locale":"en_US","og_type":"article","og_title":"Second Edition Premi Pintura Tat Vil\u00e0 2019 - Escola Tra\u00e7","og_description":"This painting prize was born last year as an initiative of the school Tra\u00e7 Center d\u2019Expressi\u00f3 Pl\u00e0stica in tribute to Tat Vil\u00e0, who left his mark as an artist and teacher at school for more than 25 years. The objective of the award is to promote contemporary creators and creators and disseminate their work, giving &hellip; Continued","og_url":"https:\/\/www.escolatrac.com\/2a-edicio-premi-pintura-tat-vila\/","og_site_name":"Escola Tra\u00e7","article_published_time":"2019-10-05T11:50:17+00:00","article_modified_time":"2019-11-04T10:47:37+00:00","og_image":[{"width":1920,"height":2560,"url":"https:\/\/www.escolatrac.com\/wp-content\/uploads\/2019\/10\/IMG_2866-scaled.jpg","type":"image\/jpeg"}],"author":"Rosa Martino","twitter_card":"summary_large_image","twitter_misc":{"Written by":"Rosa Martino","Est. reading time":"1 minute"},"schema":{"@context":"https:\/\/schema.org","@graph":[{"@type":"Article","@id":"https:\/\/www.escolatrac.com\/2a-edicio-premi-pintura-tat-vila\/#article","isPartOf":{"@id":"https:\/\/www.escolatrac.com\/2a-edicio-premi-pintura-tat-vila\/"},"author":{"name":"Rosa Martino","@id":"https:\/\/www.escolatrac.com\/#\/schema\/person\/5ff68b5fd673b76cf5a50abe285338ba"},"headline":"Second Edition Premi Pintura Tat Vil\u00e0 2019","datePublished":"2019-10-05T11:50:17+00:00","dateModified":"2019-11-04T10:47:37+00:00","mainEntityOfPage":{"@id":"https:\/\/www.escolatrac.com\/2a-edicio-premi-pintura-tat-vila\/"},"wordCount":149,"commentCount":0,"image":{"@id":"https:\/\/www.escolatrac.com\/2a-edicio-premi-pintura-tat-vila\/#primaryimage"},"thumbnailUrl":"https:\/\/www.escolatrac.com\/wp-content\/uploads\/2019\/10\/IMG_2866-scaled.jpg","inLanguage":"en-US","potentialAction":[{"@type":"CommentAction","name":"Comment","target":["https:\/\/www.escolatrac.com\/2a-edicio-premi-pintura-tat-vila\/#respond"]}]},{"@type":"WebPage","@id":"https:\/\/www.escolatrac.com\/2a-edicio-premi-pintura-tat-vila\/","url":"https:\/\/www.escolatrac.com\/2a-edicio-premi-pintura-tat-vila\/","name":"Second Edition Premi Pintura Tat Vil\u00e0 2019 - Escola Tra\u00e7","isPartOf":{"@id":"https:\/\/www.escolatrac.com\/#website"},"primaryImageOfPage":{"@id":"https:\/\/www.escolatrac.com\/2a-edicio-premi-pintura-tat-vila\/#primaryimage"},"image":{"@id":"https:\/\/www.escolatrac.com\/2a-edicio-premi-pintura-tat-vila\/#primaryimage"},"thumbnailUrl":"https:\/\/www.escolatrac.com\/wp-content\/uploads\/2019\/10\/IMG_2866-scaled.jpg","datePublished":"2019-10-05T11:50:17+00:00","dateModified":"2019-11-04T10:47:37+00:00","author":{"@id":"https:\/\/www.escolatrac.com\/#\/schema\/person\/5ff68b5fd673b76cf5a50abe285338ba"},"breadcrumb":{"@id":"https:\/\/www.escolatrac.com\/2a-edicio-premi-pintura-tat-vila\/#breadcrumb"},"inLanguage":"en-US","potentialAction":[{"@type":"ReadAction","target":["https:\/\/www.escolatrac.com\/2a-edicio-premi-pintura-tat-vila\/"]}]},{"@type":"ImageObject","inLanguage":"en-US","@id":"https:\/\/www.escolatrac.com\/2a-edicio-premi-pintura-tat-vila\/#primaryimage","url":"https:\/\/www.escolatrac.com\/wp-content\/uploads\/2019\/10\/IMG_2866-scaled.jpg","contentUrl":"https:\/\/www.escolatrac.com\/wp-content\/uploads\/2019\/10\/IMG_2866-scaled.jpg","width":1920,"height":2560,"caption":"taller arte Barcelona"},{"@type":"BreadcrumbList","@id":"https:\/\/www.escolatrac.com\/2a-edicio-premi-pintura-tat-vila\/#breadcrumb","itemListElement":[{"@type":"ListItem","position":1,"name":"Inici","item":"https:\/\/www.escolatrac.com\/en\/"},{"@type":"ListItem","position":2,"name":"Second Edition Premi Pintura Tat Vil\u00e0 2019"}]},{"@type":"WebSite","@id":"https:\/\/www.escolatrac.com\/#website","url":"https:\/\/www.escolatrac.com\/","name":"Escola Tra\u00e7","description":"","potentialAction":[{"@type":"SearchAction","target":{"@type":"EntryPoint","urlTemplate":"https:\/\/www.escolatrac.com\/?s={search_term_string}"},"query-input":{"@type":"PropertyValueSpecification","valueRequired":true,"valueName":"search_term_string"}}],"inLanguage":"en-US"},{"@type":"Person","@id":"https:\/\/www.escolatrac.com\/#\/schema\/person\/5ff68b5fd673b76cf5a50abe285338ba","name":"Rosa Martino","image":{"@type":"ImageObject","inLanguage":"en-US","@id":"https:\/\/secure.gravatar.com\/avatar\/d1637a2e7e3b8daffef3fd80e3a0aa3a2eb10ed0e5e6af3ccbeb1f14c7db7d14?s=96&d=mm&r=g","url":"https:\/\/secure.gravatar.com\/avatar\/d1637a2e7e3b8daffef3fd80e3a0aa3a2eb10ed0e5e6af3ccbeb1f14c7db7d14?s=96&d=mm&r=g","contentUrl":"https:\/\/secure.gravatar.com\/avatar\/d1637a2e7e3b8daffef3fd80e3a0aa3a2eb10ed0e5e6af3ccbeb1f14c7db7d14?s=96&d=mm&r=g","caption":"Rosa Martino"},"url":"https:\/\/www.escolatrac.com\/en\/author\/rosa\/"}]}},"_links":{"self":[{"href":"https:\/\/www.escolatrac.com\/en\/wp-json\/wp\/v2\/posts\/7586","targetHints":{"allow":["GET"]}}],"collection":[{"href":"https:\/\/www.escolatrac.com\/en\/wp-json\/wp\/v2\/posts"}],"about":[{"href":"https:\/\/www.escolatrac.com\/en\/wp-json\/wp\/v2\/types\/post"}],"author":[{"embeddable":true,"href":"https:\/\/www.escolatrac.com\/en\/wp-json\/wp\/v2\/users\/4"}],"replies":[{"embeddable":true,"href":"https:\/\/www.escolatrac.com\/en\/wp-json\/wp\/v2\/comments?post=7586"}],"version-history":[{"count":5,"href":"https:\/\/www.escolatrac.com\/en\/wp-json\/wp\/v2\/posts\/7586\/revisions"}],"predecessor-version":[{"id":7600,"href":"https:\/\/www.escolatrac.com\/en\/wp-json\/wp\/v2\/posts\/7586\/revisions\/7600"}],"wp:featuredmedia":[{"embeddable":true,"href":"https:\/\/www.escolatrac.com\/en\/wp-json\/wp\/v2\/media\/7593"}],"wp:attachment":[{"href":"https:\/\/www.escolatrac.com\/en\/wp-json\/wp\/v2\/media?parent=7586"}],"wp:term":[{"taxonomy":"category","embeddable":true,"href":"https:\/\/www.escolatrac.com\/en\/wp-json\/wp\/v2\/categories?post=7586"},{"taxonomy":"post_tag","embeddable":true,"href":"https:\/\/www.escolatrac.com\/en\/wp-json\/wp\/v2\/tags?post=7586"}],"curies":[{"name":"wp","href":"https:\/\/api.w.org\/{rel}","templated":true}]}}