{"id":13591,"date":"2022-03-04T10:22:06","date_gmt":"2022-03-04T09:22:06","guid":{"rendered":"https:\/\/www.escolatrac.com\/?p=13591"},"modified":"2022-03-04T10:22:56","modified_gmt":"2022-03-04T09:22:56","slug":"premi-pintura-tat-vila-3a-edicio","status":"publish","type":"post","link":"https:\/\/www.escolatrac.com\/en\/premi-pintura-tat-vila-3a-edicio\/","title":{"rendered":"Premi Pintura Tat Vil\u00e0, 3a Edici\u00f3."},"content":{"rendered":"\n<div class=\"wp-block-columns is-layout-flex wp-container-core-columns-is-layout-9d6595d7 wp-block-columns-is-layout-flex\">\n<div class=\"wp-block-column is-layout-flow wp-block-column-is-layout-flow\">\n<p>This year we&#8217;re really looking forward to informing you that we are again reactivating <strong>Premi Pintura Tat Vil\u00e0<\/strong> , our third edition being this year.<\/p>\n\n\n\n<p>This painting prize was born as an initiative of the Tra\u00e7 School in homage to Tat Vil\u00e0, who left his print as an artist and teacher for over 25 years.<\/p>\n\n\n\n<p> here<\/p>\n\n\n\n<p>InforReport to the Foundations of the Contest <a href=\"https:\/\/www.escolatrac.com\/en\/tat-vila-award\/\" data-type=\"page\" data-id=\"8449\">here<\/a><\/p>\n<\/div>\n\n\n\n<div class=\"wp-block-column is-layout-flow wp-block-column-is-layout-flow\">\n  <div class=\"uk-visible-toggle uk-position-relative\" uk-slider=\"finite: true; center: true; animation: push; ratio: 16:9;\">\n    <div class=\"uk-position-relative uk-visible-toggle\" tabindex=\"-1\">\n      <ul class=\"uk-slider-items\">\n                      <li class=\"uk-width-1-1\">\n                              <img decoding=\"async\" width=\"1024\" height=\"564\" src=\"https:\/\/www.escolatrac.com\/wp-content\/uploads\/2019\/03\/Tat-Vila\u0300.png\" class=\"attachment-large size-large lazyload\" alt=\"Premi Tat Vil\u00e0 Barcelona\" data-size=\"auto\" data-src=\"https:\/\/www.escolatrac.com\/wp-content\/uploads\/2019\/03\/Tat-Vila\u0300.png\" \/>              \n              <div class=\"uk-flex-inline uk-flex-between uk-width-1-1\">\n                <h4 class=\"uk-h5 uk-margin-remove uk-text-muted\"><\/h4>\n                <h4 class=\"uk-h5 uk-margin-remove uk-text-muted\"><\/h4>\n              <\/div>\n            <\/li>\n                      <li class=\"uk-width-1-1\">\n                                            \n              <div class=\"uk-flex-inline uk-flex-between uk-width-1-1\">\n                <h4 class=\"uk-h5 uk-margin-remove uk-text-muted\"><\/h4>\n                <h4 class=\"uk-h5 uk-margin-remove uk-text-muted\"><\/h4>\n              <\/div>\n            <\/li>\n                <\/ul>\n\n      <a class=\"c-slidenav uk-position-center-left uk-position-small uk-padding-small\" href=\"#\" uk-slidenav-previous uk-slider-item=\"previous\"><\/a>\n      <a class=\"c-slidenav uk-position-center-right uk-position-small uk-padding-small\" href=\"#\" uk-slidenav-next uk-slider-item=\"next\"><\/a>\n    <\/div>\n\n    <ul class=\"uk-slider-nav uk-position-bottom uk-light uk-dotnav uk-flex-center uk-margin uk-margin-large-bottom\"><\/ul>\n  <\/div>\n\n\n\n<\/div>\n<\/div>\n\n\n\n\n","protected":false},"excerpt":{"rendered":"<p>This year we&#8217;re really looking forward to informing you that we are again reactivating Premi Pintura Tat Vil\u00e0 , our third edition being this year. This painting prize was born as an initiative of the Tra\u00e7 School in homage to Tat Vil\u00e0, who left his print as an artist and teacher for over 25 years. &hellip; <a href=\"https:\/\/www.escolatrac.com\/en\/premi-pintura-tat-vila-3a-edicio\/\">Continued<\/a><\/p>\n","protected":false},"author":4,"featured_media":4881,"comment_status":"open","ping_status":"open","sticky":false,"template":"","format":"standard","meta":{"_acf_changed":false,"footnotes":""},"categories":[14],"tags":[],"class_list":["post-13591","post","type-post","status-publish","format-standard","has-post-thumbnail","hentry","category-uncategorized"],"acf":[],"yoast_head":"<!-- This site is optimized with the Yoast SEO plugin v27.3 - https:\/\/yoast.com\/product\/yoast-seo-wordpress\/ -->\n<title>Premi Pintura Tat Vil\u00e0, 3a Edici\u00f3. - Escola Tra\u00e7<\/title>\n<meta name=\"robots\" content=\"index, follow, max-snippet:-1, max-image-preview:large, max-video-preview:-1\" \/>\n<link rel=\"canonical\" href=\"https:\/\/www.escolatrac.com\/en\/premi-pintura-tat-vila-3a-edicio\/\" \/>\n<meta property=\"og:locale\" content=\"en_US\" \/>\n<meta property=\"og:type\" content=\"article\" \/>\n<meta property=\"og:title\" content=\"Premi Pintura Tat Vil\u00e0, 3a Edici\u00f3. - Escola Tra\u00e7\" \/>\n<meta property=\"og:description\" content=\"This year we&#8217;re really looking forward to informing you that we are again reactivating Premi Pintura Tat Vil\u00e0 , our third edition being this year. This painting prize was born as an initiative of the Tra\u00e7 School in homage to Tat Vil\u00e0, who left his print as an artist and teacher for over 25 years. &hellip; Continued\" \/>\n<meta property=\"og:url\" content=\"https:\/\/www.escolatrac.com\/en\/premi-pintura-tat-vila-3a-edicio\/\" \/>\n<meta property=\"og:site_name\" content=\"Escola Tra\u00e7\" \/>\n<meta property=\"article:published_time\" content=\"2022-03-04T09:22:06+00:00\" \/>\n<meta property=\"article:modified_time\" content=\"2022-03-04T09:22:56+00:00\" \/>\n<meta property=\"og:image\" content=\"https:\/\/www.escolatrac.com\/wp-content\/uploads\/2019\/04\/Tat-cap\u00e7alera.jpeg\" \/>\n\t<meta property=\"og:image:width\" content=\"1600\" \/>\n\t<meta property=\"og:image:height\" content=\"1005\" \/>\n\t<meta property=\"og:image:type\" content=\"image\/jpeg\" \/>\n<meta name=\"author\" content=\"Rosa Martino\" \/>\n<meta name=\"twitter:card\" content=\"summary_large_image\" \/>\n<meta name=\"twitter:label1\" content=\"Written by\" \/>\n\t<meta name=\"twitter:data1\" content=\"Rosa Martino\" \/>\n<script type=\"application\/ld+json\" class=\"yoast-schema-graph\">{\"@context\":\"https:\\\/\\\/schema.org\",\"@graph\":[{\"@type\":\"Article\",\"@id\":\"https:\\\/\\\/www.escolatrac.com\\\/en\\\/premi-pintura-tat-vila-3a-edicio\\\/#article\",\"isPartOf\":{\"@id\":\"https:\\\/\\\/www.escolatrac.com\\\/en\\\/premi-pintura-tat-vila-3a-edicio\\\/\"},\"author\":{\"name\":\"Rosa Martino\",\"@id\":\"https:\\\/\\\/www.escolatrac.com\\\/#\\\/schema\\\/person\\\/5ff68b5fd673b76cf5a50abe285338ba\"},\"headline\":\"Premi Pintura Tat Vil\u00e0, 3a Edici\u00f3.\",\"datePublished\":\"2022-03-04T09:22:06+00:00\",\"dateModified\":\"2022-03-04T09:22:56+00:00\",\"mainEntityOfPage\":{\"@id\":\"https:\\\/\\\/www.escolatrac.com\\\/en\\\/premi-pintura-tat-vila-3a-edicio\\\/\"},\"wordCount\":69,\"commentCount\":0,\"image\":{\"@id\":\"https:\\\/\\\/www.escolatrac.com\\\/en\\\/premi-pintura-tat-vila-3a-edicio\\\/#primaryimage\"},\"thumbnailUrl\":\"https:\\\/\\\/www.escolatrac.com\\\/wp-content\\\/uploads\\\/2019\\\/04\\\/Tat-cap\u00e7alera.jpeg\",\"inLanguage\":\"en-US\",\"potentialAction\":[{\"@type\":\"CommentAction\",\"name\":\"Comment\",\"target\":[\"https:\\\/\\\/www.escolatrac.com\\\/en\\\/premi-pintura-tat-vila-3a-edicio\\\/#respond\"]}]},{\"@type\":\"WebPage\",\"@id\":\"https:\\\/\\\/www.escolatrac.com\\\/en\\\/premi-pintura-tat-vila-3a-edicio\\\/\",\"url\":\"https:\\\/\\\/www.escolatrac.com\\\/en\\\/premi-pintura-tat-vila-3a-edicio\\\/\",\"name\":\"Premi Pintura Tat Vil\u00e0, 3a Edici\u00f3. - Escola Tra\u00e7\",\"isPartOf\":{\"@id\":\"https:\\\/\\\/www.escolatrac.com\\\/#website\"},\"primaryImageOfPage\":{\"@id\":\"https:\\\/\\\/www.escolatrac.com\\\/en\\\/premi-pintura-tat-vila-3a-edicio\\\/#primaryimage\"},\"image\":{\"@id\":\"https:\\\/\\\/www.escolatrac.com\\\/en\\\/premi-pintura-tat-vila-3a-edicio\\\/#primaryimage\"},\"thumbnailUrl\":\"https:\\\/\\\/www.escolatrac.com\\\/wp-content\\\/uploads\\\/2019\\\/04\\\/Tat-cap\u00e7alera.jpeg\",\"datePublished\":\"2022-03-04T09:22:06+00:00\",\"dateModified\":\"2022-03-04T09:22:56+00:00\",\"author\":{\"@id\":\"https:\\\/\\\/www.escolatrac.com\\\/#\\\/schema\\\/person\\\/5ff68b5fd673b76cf5a50abe285338ba\"},\"breadcrumb\":{\"@id\":\"https:\\\/\\\/www.escolatrac.com\\\/en\\\/premi-pintura-tat-vila-3a-edicio\\\/#breadcrumb\"},\"inLanguage\":\"en-US\",\"potentialAction\":[{\"@type\":\"ReadAction\",\"target\":[\"https:\\\/\\\/www.escolatrac.com\\\/en\\\/premi-pintura-tat-vila-3a-edicio\\\/\"]}]},{\"@type\":\"ImageObject\",\"inLanguage\":\"en-US\",\"@id\":\"https:\\\/\\\/www.escolatrac.com\\\/en\\\/premi-pintura-tat-vila-3a-edicio\\\/#primaryimage\",\"url\":\"https:\\\/\\\/www.escolatrac.com\\\/wp-content\\\/uploads\\\/2019\\\/04\\\/Tat-cap\u00e7alera.jpeg\",\"contentUrl\":\"https:\\\/\\\/www.escolatrac.com\\\/wp-content\\\/uploads\\\/2019\\\/04\\\/Tat-cap\u00e7alera.jpeg\",\"width\":1600,\"height\":1005},{\"@type\":\"BreadcrumbList\",\"@id\":\"https:\\\/\\\/www.escolatrac.com\\\/en\\\/premi-pintura-tat-vila-3a-edicio\\\/#breadcrumb\",\"itemListElement\":[{\"@type\":\"ListItem\",\"position\":1,\"name\":\"Inici\",\"item\":\"https:\\\/\\\/www.escolatrac.com\\\/en\\\/\"},{\"@type\":\"ListItem\",\"position\":2,\"name\":\"Premi Pintura Tat Vil\u00e0, 3a Edici\u00f3.\"}]},{\"@type\":\"WebSite\",\"@id\":\"https:\\\/\\\/www.escolatrac.com\\\/#website\",\"url\":\"https:\\\/\\\/www.escolatrac.com\\\/\",\"name\":\"Escola Tra\u00e7\",\"description\":\"\",\"potentialAction\":[{\"@type\":\"SearchAction\",\"target\":{\"@type\":\"EntryPoint\",\"urlTemplate\":\"https:\\\/\\\/www.escolatrac.com\\\/?s={search_term_string}\"},\"query-input\":{\"@type\":\"PropertyValueSpecification\",\"valueRequired\":true,\"valueName\":\"search_term_string\"}}],\"inLanguage\":\"en-US\"},{\"@type\":\"Person\",\"@id\":\"https:\\\/\\\/www.escolatrac.com\\\/#\\\/schema\\\/person\\\/5ff68b5fd673b76cf5a50abe285338ba\",\"name\":\"Rosa Martino\",\"image\":{\"@type\":\"ImageObject\",\"inLanguage\":\"en-US\",\"@id\":\"https:\\\/\\\/secure.gravatar.com\\\/avatar\\\/d1637a2e7e3b8daffef3fd80e3a0aa3a2eb10ed0e5e6af3ccbeb1f14c7db7d14?s=96&d=mm&r=g\",\"url\":\"https:\\\/\\\/secure.gravatar.com\\\/avatar\\\/d1637a2e7e3b8daffef3fd80e3a0aa3a2eb10ed0e5e6af3ccbeb1f14c7db7d14?s=96&d=mm&r=g\",\"contentUrl\":\"https:\\\/\\\/secure.gravatar.com\\\/avatar\\\/d1637a2e7e3b8daffef3fd80e3a0aa3a2eb10ed0e5e6af3ccbeb1f14c7db7d14?s=96&d=mm&r=g\",\"caption\":\"Rosa Martino\"},\"url\":\"https:\\\/\\\/www.escolatrac.com\\\/en\\\/author\\\/rosa\\\/\"}]}<\/script>\n<!-- \/ Yoast SEO plugin. -->","yoast_head_json":{"title":"Premi Pintura Tat Vil\u00e0, 3a Edici\u00f3. - Escola Tra\u00e7","robots":{"index":"index","follow":"follow","max-snippet":"max-snippet:-1","max-image-preview":"max-image-preview:large","max-video-preview":"max-video-preview:-1"},"canonical":"https:\/\/www.escolatrac.com\/en\/premi-pintura-tat-vila-3a-edicio\/","og_locale":"en_US","og_type":"article","og_title":"Premi Pintura Tat Vil\u00e0, 3a Edici\u00f3. - Escola Tra\u00e7","og_description":"This year we&#8217;re really looking forward to informing you that we are again reactivating Premi Pintura Tat Vil\u00e0 , our third edition being this year. This painting prize was born as an initiative of the Tra\u00e7 School in homage to Tat Vil\u00e0, who left his print as an artist and teacher for over 25 years. &hellip; Continued","og_url":"https:\/\/www.escolatrac.com\/en\/premi-pintura-tat-vila-3a-edicio\/","og_site_name":"Escola Tra\u00e7","article_published_time":"2022-03-04T09:22:06+00:00","article_modified_time":"2022-03-04T09:22:56+00:00","og_image":[{"width":1600,"height":1005,"url":"https:\/\/www.escolatrac.com\/wp-content\/uploads\/2019\/04\/Tat-cap\u00e7alera.jpeg","type":"image\/jpeg"}],"author":"Rosa Martino","twitter_card":"summary_large_image","twitter_misc":{"Written by":"Rosa Martino"},"schema":{"@context":"https:\/\/schema.org","@graph":[{"@type":"Article","@id":"https:\/\/www.escolatrac.com\/en\/premi-pintura-tat-vila-3a-edicio\/#article","isPartOf":{"@id":"https:\/\/www.escolatrac.com\/en\/premi-pintura-tat-vila-3a-edicio\/"},"author":{"name":"Rosa Martino","@id":"https:\/\/www.escolatrac.com\/#\/schema\/person\/5ff68b5fd673b76cf5a50abe285338ba"},"headline":"Premi Pintura Tat Vil\u00e0, 3a Edici\u00f3.","datePublished":"2022-03-04T09:22:06+00:00","dateModified":"2022-03-04T09:22:56+00:00","mainEntityOfPage":{"@id":"https:\/\/www.escolatrac.com\/en\/premi-pintura-tat-vila-3a-edicio\/"},"wordCount":69,"commentCount":0,"image":{"@id":"https:\/\/www.escolatrac.com\/en\/premi-pintura-tat-vila-3a-edicio\/#primaryimage"},"thumbnailUrl":"https:\/\/www.escolatrac.com\/wp-content\/uploads\/2019\/04\/Tat-cap\u00e7alera.jpeg","inLanguage":"en-US","potentialAction":[{"@type":"CommentAction","name":"Comment","target":["https:\/\/www.escolatrac.com\/en\/premi-pintura-tat-vila-3a-edicio\/#respond"]}]},{"@type":"WebPage","@id":"https:\/\/www.escolatrac.com\/en\/premi-pintura-tat-vila-3a-edicio\/","url":"https:\/\/www.escolatrac.com\/en\/premi-pintura-tat-vila-3a-edicio\/","name":"Premi Pintura Tat Vil\u00e0, 3a Edici\u00f3. - Escola Tra\u00e7","isPartOf":{"@id":"https:\/\/www.escolatrac.com\/#website"},"primaryImageOfPage":{"@id":"https:\/\/www.escolatrac.com\/en\/premi-pintura-tat-vila-3a-edicio\/#primaryimage"},"image":{"@id":"https:\/\/www.escolatrac.com\/en\/premi-pintura-tat-vila-3a-edicio\/#primaryimage"},"thumbnailUrl":"https:\/\/www.escolatrac.com\/wp-content\/uploads\/2019\/04\/Tat-cap\u00e7alera.jpeg","datePublished":"2022-03-04T09:22:06+00:00","dateModified":"2022-03-04T09:22:56+00:00","author":{"@id":"https:\/\/www.escolatrac.com\/#\/schema\/person\/5ff68b5fd673b76cf5a50abe285338ba"},"breadcrumb":{"@id":"https:\/\/www.escolatrac.com\/en\/premi-pintura-tat-vila-3a-edicio\/#breadcrumb"},"inLanguage":"en-US","potentialAction":[{"@type":"ReadAction","target":["https:\/\/www.escolatrac.com\/en\/premi-pintura-tat-vila-3a-edicio\/"]}]},{"@type":"ImageObject","inLanguage":"en-US","@id":"https:\/\/www.escolatrac.com\/en\/premi-pintura-tat-vila-3a-edicio\/#primaryimage","url":"https:\/\/www.escolatrac.com\/wp-content\/uploads\/2019\/04\/Tat-cap\u00e7alera.jpeg","contentUrl":"https:\/\/www.escolatrac.com\/wp-content\/uploads\/2019\/04\/Tat-cap\u00e7alera.jpeg","width":1600,"height":1005},{"@type":"BreadcrumbList","@id":"https:\/\/www.escolatrac.com\/en\/premi-pintura-tat-vila-3a-edicio\/#breadcrumb","itemListElement":[{"@type":"ListItem","position":1,"name":"Inici","item":"https:\/\/www.escolatrac.com\/en\/"},{"@type":"ListItem","position":2,"name":"Premi Pintura Tat Vil\u00e0, 3a Edici\u00f3."}]},{"@type":"WebSite","@id":"https:\/\/www.escolatrac.com\/#website","url":"https:\/\/www.escolatrac.com\/","name":"Escola Tra\u00e7","description":"","potentialAction":[{"@type":"SearchAction","target":{"@type":"EntryPoint","urlTemplate":"https:\/\/www.escolatrac.com\/?s={search_term_string}"},"query-input":{"@type":"PropertyValueSpecification","valueRequired":true,"valueName":"search_term_string"}}],"inLanguage":"en-US"},{"@type":"Person","@id":"https:\/\/www.escolatrac.com\/#\/schema\/person\/5ff68b5fd673b76cf5a50abe285338ba","name":"Rosa Martino","image":{"@type":"ImageObject","inLanguage":"en-US","@id":"https:\/\/secure.gravatar.com\/avatar\/d1637a2e7e3b8daffef3fd80e3a0aa3a2eb10ed0e5e6af3ccbeb1f14c7db7d14?s=96&d=mm&r=g","url":"https:\/\/secure.gravatar.com\/avatar\/d1637a2e7e3b8daffef3fd80e3a0aa3a2eb10ed0e5e6af3ccbeb1f14c7db7d14?s=96&d=mm&r=g","contentUrl":"https:\/\/secure.gravatar.com\/avatar\/d1637a2e7e3b8daffef3fd80e3a0aa3a2eb10ed0e5e6af3ccbeb1f14c7db7d14?s=96&d=mm&r=g","caption":"Rosa Martino"},"url":"https:\/\/www.escolatrac.com\/en\/author\/rosa\/"}]}},"_links":{"self":[{"href":"https:\/\/www.escolatrac.com\/en\/wp-json\/wp\/v2\/posts\/13591","targetHints":{"allow":["GET"]}}],"collection":[{"href":"https:\/\/www.escolatrac.com\/en\/wp-json\/wp\/v2\/posts"}],"about":[{"href":"https:\/\/www.escolatrac.com\/en\/wp-json\/wp\/v2\/types\/post"}],"author":[{"embeddable":true,"href":"https:\/\/www.escolatrac.com\/en\/wp-json\/wp\/v2\/users\/4"}],"replies":[{"embeddable":true,"href":"https:\/\/www.escolatrac.com\/en\/wp-json\/wp\/v2\/comments?post=13591"}],"version-history":[{"count":2,"href":"https:\/\/www.escolatrac.com\/en\/wp-json\/wp\/v2\/posts\/13591\/revisions"}],"predecessor-version":[{"id":13593,"href":"https:\/\/www.escolatrac.com\/en\/wp-json\/wp\/v2\/posts\/13591\/revisions\/13593"}],"wp:featuredmedia":[{"embeddable":true,"href":"https:\/\/www.escolatrac.com\/en\/wp-json\/wp\/v2\/media\/4881"}],"wp:attachment":[{"href":"https:\/\/www.escolatrac.com\/en\/wp-json\/wp\/v2\/media?parent=13591"}],"wp:term":[{"taxonomy":"category","embeddable":true,"href":"https:\/\/www.escolatrac.com\/en\/wp-json\/wp\/v2\/categories?post=13591"},{"taxonomy":"post_tag","embeddable":true,"href":"https:\/\/www.escolatrac.com\/en\/wp-json\/wp\/v2\/tags?post=13591"}],"curies":[{"name":"wp","href":"https:\/\/api.w.org\/{rel}","templated":true}]}}